{"id":36358,"date":"2021-07-12T15:07:41","date_gmt":"2021-07-12T13:07:41","guid":{"rendered":"http:\/\/www.invarena.cz\/?p=36358"},"modified":"2021-07-12T15:07:42","modified_gmt":"2021-07-12T13:07:42","slug":"valasske-mezirici-centrum-pro-lidi-se-zdravotnim-postizenim-ceka-transformace","status":"publish","type":"post","link":"https:\/\/www.invarena.cz\/?p=36358","title":{"rendered":"Vala\u0161sk\u00e9 Mezi\u0159\u00ed\u010d\u00ed: Centrum pro lidi se zdravotn\u00edm posti\u017een\u00edm \u010dek\u00e1 transformace"},"content":{"rendered":"\n<p>Od 1. ledna 2022 p\u0159ejde \u010dinnost m\u011bstsk\u00e9 p\u0159\u00edsp\u011bvkov\u00e9 organizace Centra pro lidi se zdravotn\u00edm posti\u017een\u00edm (d\u00e1le jen Centrum) pod nov\u00e9ho poskytovatele. Rozhodli o tom vala\u0161skomezi\u0159\u00ed\u010d\u0161t\u00ed zastupitel\u00e9.<\/p>\n\n\n\n<p>Cel\u00fd \u010dl\u00e1nek naleznete v Parlamentn\u00edch Listech: <a href=\"https:\/\/www.parlamentnilisty.cz\/politika\/obce-volicum\/Valasske-Mezirici-Centrum-pro-lidi-se-zdravotnim-postizenim-ceka-transformace-670265\" target=\"_blank\" rel=\"noreferrer noopener\" aria-label=\" (otev\u0159e se na nov\u00e9 z\u00e1lo\u017ece)\">https:\/\/www.parlamentnilisty.cz\/politika\/obce-volicum\/Valasske-Mezirici-Centrum-pro-lidi-se-zdravotnim-postizenim-ceka-transformace-670265<\/a><\/p>\n","protected":false},"excerpt":{"rendered":"<div class=\"mh-excerpt\"><p>Od 1. ledna 2022 p\u0159ejde \u010dinnost m\u011bstsk\u00e9 p\u0159\u00edsp\u011bvkov\u00e9 organizace Centra pro lidi se zdravotn\u00edm posti\u017een\u00edm (d\u00e1le jen Centrum) pod nov\u00e9ho poskytovatele. Rozhodli o tom vala\u0161skomezi\u0159\u00ed\u010d\u0161t\u00ed <a class=\"mh-excerpt-more\" href=\"https:\/\/www.invarena.cz\/?p=36358\" title=\"Vala\u0161sk\u00e9 Mezi\u0159\u00ed\u010d\u00ed: Centrum pro lidi se zdravotn\u00edm posti\u017een\u00edm \u010dek\u00e1 transformace\">[&#8230;]<\/a><\/p>\n<\/div>","protected":false},"author":1,"featured_media":14487,"comment_status":"open","ping_status":"closed","sticky":false,"template":"","format":"standard","meta":{"footnotes":""},"categories":[9],"tags":[],"class_list":["post-36358","post","type-post","status-publish","format-standard","has-post-thumbnail","hentry","category-zpravy"],"_links":{"self":[{"href":"https:\/\/www.invarena.cz\/index.php?rest_route=\/wp\/v2\/posts\/36358","targetHints":{"allow":["GET"]}}],"collection":[{"href":"https:\/\/www.invarena.cz\/index.php?rest_route=\/wp\/v2\/posts"}],"about":[{"href":"https:\/\/www.invarena.cz\/index.php?rest_route=\/wp\/v2\/types\/post"}],"author":[{"embeddable":true,"href":"https:\/\/www.invarena.cz\/index.php?rest_route=\/wp\/v2\/users\/1"}],"replies":[{"embeddable":true,"href":"https:\/\/www.invarena.cz\/index.php?rest_route=%2Fwp%2Fv2%2Fcomments&post=36358"}],"version-history":[{"count":0,"href":"https:\/\/www.invarena.cz\/index.php?rest_route=\/wp\/v2\/posts\/36358\/revisions"}],"wp:featuredmedia":[{"embeddable":true,"href":"https:\/\/www.invarena.cz\/index.php?rest_route=\/wp\/v2\/media\/14487"}],"wp:attachment":[{"href":"https:\/\/www.invarena.cz\/index.php?rest_route=%2Fwp%2Fv2%2Fmedia&parent=36358"}],"wp:term":[{"taxonomy":"category","embeddable":true,"href":"https:\/\/www.invarena.cz\/index.php?rest_route=%2Fwp%2Fv2%2Fcategories&post=36358"},{"taxonomy":"post_tag","embeddable":true,"href":"https:\/\/www.invarena.cz\/index.php?rest_route=%2Fwp%2Fv2%2Ftags&post=36358"}],"curies":[{"name":"wp","href":"https:\/\/api.w.org\/{rel}","templated":true}]}}