{"id":36361,"date":"2021-07-12T15:11:37","date_gmt":"2021-07-12T13:11:37","guid":{"rendered":"http:\/\/www.invarena.cz\/?p=36361"},"modified":"2021-07-12T15:11:38","modified_gmt":"2021-07-12T13:11:38","slug":"neuveritelna-jizda-nevidomeho-cyklisty-vyrazil-na-trasu-slavne-tour-de-france","status":"publish","type":"post","link":"https:\/\/www.invarena.cz\/?p=36361","title":{"rendered":"Neuv\u011b\u0159iteln\u00e1 j\u00edzda nevidom\u00e9ho cyklisty: Vyrazil na trasu slavn\u00e9 Tour de France"},"content":{"rendered":"\n<p>T\u0159icetilet\u00fd nevidom\u00fd sportovec Ond\u0159ej Zme\u0161kal z Nov\u00e9ho\nTele\u010dkova na T\u0159eb\u00ed\u010dsku se rozhodl absolvovat celou trasu z\u00e1vodu Tour de France\nna tandemov\u00e9m kole. Aktu\u00e1ln\u011b u\u017e urazil t\u0159in\u00e1ct etap a p\u0159es 2 200 kilometr\u016f. Na\ncest\u011b ho prov\u00e1z\u00ed tras\u00e9r Marek Peterka.<\/p>\n\n\n\n<p>Nevidom\u00fd sportovec Ond\u0159ej Zme\u0161kal z T\u0159eb\u00ed\u010dska pl\u00e1nuje\npoko\u0159it slavnou Tour de France na dvojkole.<\/p>\n\n\n\n<p>Celkem oba cyklisty \u010dek\u00e1 3 383 kilometr\u016f.\nStane se tak prvn\u00edm nevidom\u00fdm sportovcem z \u010ceska, kter\u00e9mu se poda\u0159\u00ed zdolat Tour\nde France, s trochou nads\u00e1zky ve tm\u011b. \u201ePl\u00e1novali jsme to zhruba u\u017e rok. Kdy\u017e\njsme byli s tras\u00e9rem Markem v Om\u00e1nu na soust\u0159ed\u011bn\u00ed mluvil jsem o tom, \u017ee bych\nn\u011bkdy cht\u011bl na kole projet celou Evropu,\u201c sv\u011b\u0159il se p\u0159ed \u010dasem Ond\u0159ej Zme\u0161kal.<\/p>\n\n\n\n<p>Jeho neuv\u011b\u0159iteln\u00e1 cesta m\u00e1 nav\u00edc i charitativn\u00ed rozm\u011br.\nPropaguje toti\u017e projekt Sv\u011btlu\u0161ka a za vybran\u00e9 pen\u00edze pom\u016f\u017ee po\u0159\u00eddit tandemov\u00e1\nkola, sportovn\u00ed vybaven\u00ed a jin\u00e9 kompenza\u010dn\u00ed pom\u016fcky pro nevidom\u00e9 d\u011bti.<\/p>\n\n\n\n<p>Jana Kudrhaltov\u00e1<\/p>\n\n\n\n<p>den\u00edk.cz<\/p>\n\n\n\n<p><a rel=\"noreferrer noopener\" aria-label=\" (otev\u0159e se na nov\u00e9 z\u00e1lo\u017ece)\" href=\"https:\/\/www.denik.cz\/\" target=\"_blank\">https:\/\/www.denik.cz\/<\/a><\/p>\n","protected":false},"excerpt":{"rendered":"<div class=\"mh-excerpt\"><p>T\u0159icetilet\u00fd nevidom\u00fd sportovec Ond\u0159ej Zme\u0161kal z Nov\u00e9ho Tele\u010dkova na T\u0159eb\u00ed\u010dsku se rozhodl absolvovat celou trasu z\u00e1vodu Tour de France na tandemov\u00e9m kole. Aktu\u00e1ln\u011b u\u017e urazil <a class=\"mh-excerpt-more\" href=\"https:\/\/www.invarena.cz\/?p=36361\" title=\"Neuv\u011b\u0159iteln\u00e1 j\u00edzda nevidom\u00e9ho cyklisty: Vyrazil na trasu slavn\u00e9 Tour de France\">[&#8230;]<\/a><\/p>\n<\/div>","protected":false},"author":1,"featured_media":4795,"comment_status":"open","ping_status":"closed","sticky":false,"template":"","format":"standard","meta":{"footnotes":""},"categories":[9],"tags":[],"class_list":["post-36361","post","type-post","status-publish","format-standard","has-post-thumbnail","hentry","category-zpravy"],"_links":{"self":[{"href":"https:\/\/www.invarena.cz\/index.php?rest_route=\/wp\/v2\/posts\/36361","targetHints":{"allow":["GET"]}}],"collection":[{"href":"https:\/\/www.invarena.cz\/index.php?rest_route=\/wp\/v2\/posts"}],"about":[{"href":"https:\/\/www.invarena.cz\/index.php?rest_route=\/wp\/v2\/types\/post"}],"author":[{"embeddable":true,"href":"https:\/\/www.invarena.cz\/index.php?rest_route=\/wp\/v2\/users\/1"}],"replies":[{"embeddable":true,"href":"https:\/\/www.invarena.cz\/index.php?rest_route=%2Fwp%2Fv2%2Fcomments&post=36361"}],"version-history":[{"count":0,"href":"https:\/\/www.invarena.cz\/index.php?rest_route=\/wp\/v2\/posts\/36361\/revisions"}],"wp:featuredmedia":[{"embeddable":true,"href":"https:\/\/www.invarena.cz\/index.php?rest_route=\/wp\/v2\/media\/4795"}],"wp:attachment":[{"href":"https:\/\/www.invarena.cz\/index.php?rest_route=%2Fwp%2Fv2%2Fmedia&parent=36361"}],"wp:term":[{"taxonomy":"category","embeddable":true,"href":"https:\/\/www.invarena.cz\/index.php?rest_route=%2Fwp%2Fv2%2Fcategories&post=36361"},{"taxonomy":"post_tag","embeddable":true,"href":"https:\/\/www.invarena.cz\/index.php?rest_route=%2Fwp%2Fv2%2Ftags&post=36361"}],"curies":[{"name":"wp","href":"https:\/\/api.w.org\/{rel}","templated":true}]}}