{"id":36402,"date":"2021-07-22T11:28:03","date_gmt":"2021-07-22T09:28:03","guid":{"rendered":"http:\/\/www.invarena.cz\/?p=36402"},"modified":"2021-07-22T11:28:04","modified_gmt":"2021-07-22T09:28:04","slug":"skvele-ustecke-plavani-bude-mit-v-tokiu-druheho-zastupce","status":"publish","type":"post","link":"https:\/\/www.invarena.cz\/?p=36402","title":{"rendered":"Skv\u011bl\u00e9! \u00dasteck\u00e9 plav\u00e1n\u00ed bude m\u00edt v Tokiu druh\u00e9ho z\u00e1stupce"},"content":{"rendered":"\n<p>Tade\u00e1\u0161 Stra\u0161\u00edk se do\u010dkal! Handicapovan\u00fd \u00fasteck\u00fd plavec\nnakonec bude startovat na paralympijsk\u00fdch hr\u00e1ch v Tokiu. \u00dasteck\u00e1 akademie\nplaveck\u00fdch sport\u016f tak bude m\u00edt zastoupen\u00ed jak na olympi\u00e1d\u011b, kde bude startovat\nJan \u0160efl, tak na paralympi\u00e1d\u011b.<\/p>\n\n\n\n<p>&#8222;Pro \u00fasteck\u00e9 plav\u00e1n\u00ed je to obrovsk\u00fd \u00fasp\u011bch. Jsme\nnesm\u00edrn\u011b \u0161\u0165astn\u00ed, \u017ee je Tade\u00e1\u0161 nakonec mezi vyvolen\u00fdmi. Moc mu gratulujeme a do\nJaponska mu budeme dr\u017eet palce,&#8220; neskr\u00fdval spokojenost \u0161\u00e9ftren\u00e9r \u00dasteck\u00e9\nakademie plaveck\u00fdch sport\u016f Roman Eckert.<\/p>\n\n\n\n<p>Stra\u0161\u00edk zaplaval kvalifika\u010dn\u00ed limit u\u017e v dubnu v italsk\u00e9m\nLignanu (1:12,37 na 100\n metr\u016f prsa), \u010d\u00edm\u017e se za\u0159adil po bok \u010dty\u0159 dal\u0161\u00edch\nz\u00e1vodn\u00edk\u016f. \u010cesk\u00fd paralympijsk\u00fd v\u00fdbor v\u0161ak mohl vyslat do Tokia pouze t\u0159i z p\u011bti\nplavc\u016f, \u010dekalo se tak, kdo nakonec dostane divokou kartu. Stra\u0161\u00edk se nakonec do\nnominace dostal i d\u00edky dal\u0161\u00edm skv\u011bl\u00fdm v\u00fdkon\u016fm, kter\u00e9 p\u0159edv\u00e1d\u011bl na dal\u0161\u00edch\nm\u00edtinc\u00edch, a od 24. srpna do 5. z\u00e1\u0159\u00ed se tak p\u0159edstav\u00ed na hr\u00e1ch v zemi\nvych\u00e1zej\u00edc\u00edho slunce.<\/p>\n\n\n\n<p>Daniel Brz\u00e1k<\/p>\n\n\n\n<p>\u00dasteck\u00fd den\u00edk<\/p>\n\n\n\n<p><a rel=\"noreferrer noopener\" aria-label=\" (otev\u0159e se na nov\u00e9 z\u00e1lo\u017ece)\" href=\"https:\/\/ustecky.denik.cz\/\" target=\"_blank\">https:\/\/ustecky.denik.cz\/<\/a><\/p>\n","protected":false},"excerpt":{"rendered":"<div class=\"mh-excerpt\"><p>Tade\u00e1\u0161 Stra\u0161\u00edk se do\u010dkal! Handicapovan\u00fd \u00fasteck\u00fd plavec nakonec bude startovat na paralympijsk\u00fdch hr\u00e1ch v Tokiu. \u00dasteck\u00e1 akademie plaveck\u00fdch sport\u016f tak bude m\u00edt zastoupen\u00ed jak na <a class=\"mh-excerpt-more\" href=\"https:\/\/www.invarena.cz\/?p=36402\" title=\"Skv\u011bl\u00e9! \u00dasteck\u00e9 plav\u00e1n\u00ed bude m\u00edt v Tokiu druh\u00e9ho z\u00e1stupce\">[&#8230;]<\/a><\/p>\n<\/div>","protected":false},"author":1,"featured_media":21009,"comment_status":"open","ping_status":"closed","sticky":false,"template":"","format":"standard","meta":{"footnotes":""},"categories":[9],"tags":[],"class_list":["post-36402","post","type-post","status-publish","format-standard","has-post-thumbnail","hentry","category-zpravy"],"_links":{"self":[{"href":"https:\/\/www.invarena.cz\/index.php?rest_route=\/wp\/v2\/posts\/36402","targetHints":{"allow":["GET"]}}],"collection":[{"href":"https:\/\/www.invarena.cz\/index.php?rest_route=\/wp\/v2\/posts"}],"about":[{"href":"https:\/\/www.invarena.cz\/index.php?rest_route=\/wp\/v2\/types\/post"}],"author":[{"embeddable":true,"href":"https:\/\/www.invarena.cz\/index.php?rest_route=\/wp\/v2\/users\/1"}],"replies":[{"embeddable":true,"href":"https:\/\/www.invarena.cz\/index.php?rest_route=%2Fwp%2Fv2%2Fcomments&post=36402"}],"version-history":[{"count":0,"href":"https:\/\/www.invarena.cz\/index.php?rest_route=\/wp\/v2\/posts\/36402\/revisions"}],"wp:featuredmedia":[{"embeddable":true,"href":"https:\/\/www.invarena.cz\/index.php?rest_route=\/wp\/v2\/media\/21009"}],"wp:attachment":[{"href":"https:\/\/www.invarena.cz\/index.php?rest_route=%2Fwp%2Fv2%2Fmedia&parent=36402"}],"wp:term":[{"taxonomy":"category","embeddable":true,"href":"https:\/\/www.invarena.cz\/index.php?rest_route=%2Fwp%2Fv2%2Fcategories&post=36402"},{"taxonomy":"post_tag","embeddable":true,"href":"https:\/\/www.invarena.cz\/index.php?rest_route=%2Fwp%2Fv2%2Ftags&post=36402"}],"curies":[{"name":"wp","href":"https:\/\/api.w.org\/{rel}","templated":true}]}}