{"id":36405,"date":"2021-07-22T11:45:14","date_gmt":"2021-07-22T09:45:14","guid":{"rendered":"http:\/\/www.invarena.cz\/?p=36405"},"modified":"2021-07-22T11:45:15","modified_gmt":"2021-07-22T09:45:15","slug":"duchod-s-tim-na-nej-nechodte-smrcka-chce-v-58-letech-paralympijskou-medaili","status":"publish","type":"post","link":"https:\/\/www.invarena.cz\/?p=36405","title":{"rendered":"D\u016fchod? S t\u00edm na n\u011bj necho\u010fte. Smr\u010dka chce v 58 letech paralympijskou medaili"},"content":{"rendered":"\n<p>Nevidom\u00fd plavec Miroslav Smr\u010dka i p\u0159ed bl\u00ed\u017e\u00edc\u00ed se \u0161edes\u00e1tkou\nnev\u00e1h\u00e1 m\u011b\u0159it s\u00edly v baz\u00e9nu s mnohem mlad\u0161\u00edmi soupe\u0159i. Te\u010f se intenzivn\u011b\np\u0159ipravuje na paralympi\u00e1du v Tokiu. &#8222;Starej nejsem, to si\nnep\u0159ipou\u0161t\u00edm,&#8220; sm\u011bje se Smr\u010dka, kter\u00fd se ob\u00e1v\u00e1 jedin\u011b nenad\u00e1l\u00e9 n\u00e1kazy\nkoronavirem. <\/p>\n\n\n\n<p>V\u0161edn\u00ed den, lehce po dev\u00e1t\u00e9 hodin\u011b. Teplom\u011br je t\u011bsn\u011b pod\ndvaceti stupni. Venkovn\u00ed are\u00e1l d\u011b\u010d\u00ednsk\u00e9ho aquaparku zeje pr\u00e1zdnotou. Jen u\npades\u00e1timetrov\u00e9ho baz\u00e9nu zahl\u00e9dnete tren\u00e9ra a jeho sv\u011b\u0159ence. Kou\u010d Petr Bud\u00ednsk\u00fd\na nevidom\u00fd plavec Miroslav Smr\u010dka, kter\u00fd se v 58 letech dostal na paralympi\u00e1du\ndo Tokia. Oba z \u00dast\u00ed nad Labem, p\u0159esto mus\u00ed tr\u00e9novat v D\u011b\u010d\u00edn\u011b.<\/p>\n\n\n\n<p>\u201eV D\u011b\u010d\u00edn\u011b m\u00e1me luxusn\u00ed podm\u00ednky, mus\u00edme pod\u011bkovat jak m\u011bstu,\ntak samotn\u00e9mu aquaparku. Pokud by n\u00e1m nep\u0159\u00e1lo po\u010das\u00ed, m\u016f\u017eeme chodit dovnit\u0159,\nkde je p\u011btadvac\u00edtka. Pro\u010d netr\u00e9nujeme v \u00dast\u00ed? To nebudu rad\u0161i komentovat,\u201c\nzakroutil hlavou kou\u010d Bud\u00ednsk\u00fd. Za d\u011b\u010d\u00ednsk\u00e9 \u00fato\u010di\u0161t\u011b plat\u00ed symbolickou \u010d\u00e1stku.\n\u201eAle za ten komfort, co tady m\u00e1me, je to pakatel,\u201c rychle dodal.<\/p>\n\n\n\n<p>D\u011b\u010d\u00ednskou p\u0159\u00edpravu si pochvaluje samotn\u00fd Smr\u010dka. \u201eOd srdce\nbych cht\u011bl v\u0159ele pod\u011bkovat D\u011b\u010d\u00ednu za to, \u017ee tady m\u016f\u017eeme tr\u00e9novat. M\u00e1me\nnata\u017eenou dr\u00e1hu, p\u0159\u00edstup person\u00e1lu je \u0161pi\u010dkov\u00fd. Vlastn\u011b u\u017e jsem v D\u011b\u010d\u00edn\u011b doma,\n\u010dasto tady tr\u00e9nujeme. Vych\u00e1zej\u00ed n\u00e1m maxim\u00e1ln\u011b vst\u0159\u00edc,\u201c usm\u00edval se mistr sv\u011bta.<\/p>\n\n\n\n<p>Pr\u00e1v\u011b nenata\u017een\u00ed dr\u00e1hy je hlavn\u00edm probl\u00e9mem v \u00dast\u00ed nad\nLabem. Bez n\u00ed si Smr\u010dka, kter\u00fd pat\u0159\u00ed pod hlavi\u010dku nevidom\u00e9ho klubu v\nLovosic\u00edch, nap\u0159\u00edklad poranil z\u00e1p\u011bst\u00ed p\u0159i jedn\u00e9 z koliz\u00ed.<\/p>\n\n\n\n<p>V\u011bk si nep\u0159ipou\u0161t\u00ed<\/p>\n\n\n\n<p>Nejstar\u0161\u00ed \u010dlen \u010desk\u00e9 paralympijsk\u00e9 v\u00fdpravy odl\u00e9t\u00e1 do Tokia\nse sv\u00fdm kou\u010dem 17. srpna. Tr\u00e9ninky jsou tak v pln\u00e9m proudu.<\/p>\n\n\n\n<p>\u201eN\u011bkdy tr\u00e9nujeme dvouf\u00e1zov\u011b. Prvn\u00ed tr\u00e9nink je r\u00e1no, druh\u00fd\npak okolo p\u00e1t\u00e9 hodiny ve\u010der. Z\u00e1le\u017e\u00ed na po\u010das\u00ed. Aktu\u00e1ln\u011b m\u00e1me ide\u00e1ln\u00ed podm\u00ednky,\nvyhovuje n\u00e1m po\u010das\u00ed. V Tokiu to bude \u00fapln\u011b o n\u011b\u010dem jin\u00e9m. Je tam vedro, nav\u00edc\nsedmdes\u00e1ti procentn\u00ed vlhkost. Je\u0161t\u011b si k tomu mus\u00edme p\u0159i\u010d\u00edst \u010dasov\u00fd posun,\u201c\nzd\u016fraznil Bud\u00ednsk\u00fd.<\/p>\n\n\n\n<p>\u201ePro m\u011b je tohle po\u010das\u00ed ide\u00e1ln\u00ed. Voda je taky dobr\u00e1. Kdyby u\nn\u00e1s byly n\u011bjak\u00e9 tropy, uva\u0159il bych se tam jako bu\u0159t,\u201c zavtipkoval Smr\u010dka.<\/p>\n\n\n\n<p>Krom\u011b klasick\u00e9 p\u0159\u00edpravy ve vod\u011b Smr\u010dka nezah\u00e1l\u00ed. \u201eChodil\njsem do fitka, b\u011bh\u00e1m na p\u00e1su. T\u011blo je \u010dasto ztuhl\u00e9. P\u0159eci jen jsem pon\u011bkud\nvyzr\u00e1lej\u0161\u00ed. (sm\u00edch). Starej nejsem, to si nep\u0159ipou\u0161t\u00edm, c\u00edt\u00edm se bezvadn\u011b.\nTr\u00e9ninky jsou n\u00e1lo\u017e, ale c\u00edt\u00edm se fajn. V m\u00e9m v\u011bku se d\u00e1 m\u011b\u0159it s mlad\u0161\u00edmi,\nakor\u00e1t je tren\u00e9r mus\u00ed trochu rozpt\u00fdlit,\u201c poznamenal slep\u00fd sportovec, ze kter\u00e9ho\n\u010di\u0161ela pozitivn\u00ed energie.<\/p>\n\n\n\n<p>V Tokiu je o sedm hodin v\u00edce, na Smr\u010dku \u010dekaj\u00ed dopoledn\u00ed\n\u010dasy z\u00e1vod\u016f. V t\u00e9 dob\u011b bude v \u010cesku hlubok\u00e1 noc. \u201eTo v\u00edte, pravideln\u011b si v noci\nd\u00e1v\u00e1m bud\u00edk na t\u0159et\u00ed hodinu. Vstanu a \u0159eknu si, te\u010f mus\u00edm cvi\u010dit. S t\u00edm \u010dasov\u00fdm\nposunem je to takov\u00e1 ohran\u00e1 deska. Vyhov\u011bli n\u00e1m s t\u00edm, \u017ee doraz\u00edme do Japonska\np\u00e1r dn\u00ed p\u0159ed samotn\u00fdmi z\u00e1vody. \u0158\u00edk\u00e1 se, \u017ee co hodina \u010dasov\u00e9ho posunu, to den na\naklimatizaci. N\u00e1m to tak n\u011bjak vyjde,\u201c m\u00e1 jasno 58 let\u00fd nevidom\u00fd plavec.<\/p>\n\n\n\n<p>M\u016f\u017ee se pov\u00e9st i medaile<\/p>\n\n\n\n<p>Na Smr\u010dku \u010dekaj\u00ed t\u0159i trat\u011b \u2013 100 metr\u016f znak a prsa, 200 metr\u016f polohovka.\nNejv\u011bt\u0161\u00ed ambice m\u00e1 \u010desk\u00fd paralympionik na znakov\u00e9 trati. \u201eR\u00e1d bych se dostal do\nfin\u00e1le, tam to bude otev\u0159en\u00e9. Pokud zaplavu dobr\u00fd \u010das, m\u016f\u017ee se pov\u00e9st i\nmedaile. Mus\u00edm si zaplavat osob\u00e1k, pak ta \u0161ance bude velk\u00e1,\u201c zd\u016fraznil.<\/p>\n\n\n\n<p>Tren\u00e9r Bud\u00ednsk\u00fd zva\u017euje, jestli se m\u00e1 se sv\u00fdm sv\u011b\u0159encem\nt\u011bsn\u011b p\u0159ed odletem vydat na soust\u0159ed\u011bn\u00ed do Nymburka. Oba si v\u0161ak pln\u011b uv\u011bdomuj\u00ed\nriziko, kter\u00e9 je spojen\u00e9 s koronavirem. P\u0159\u00edpadn\u00fd pozitivn\u00ed test by mohl\np\u0159ekazit celou paralympi\u00e1du.<\/p>\n\n\n\n<p>\u201eM\u00e1me tam u\u017e zaji\u0161t\u011bn\u00e9 ubytov\u00e1n\u00ed, ale bude tam velk\u00e1\nkumulace dal\u0161\u00edch sportovc\u016f. S M\u00edrou to po\u0159\u00e1d \u0159e\u0161\u00edme, neradi bychom pak m\u011bli\npozitivn\u00ed test,\u201c p\u0159ipomn\u011bl Bud\u00ednsk\u00fd, kter\u00fd vz\u00e1p\u011bt\u00ed promluvil o p\u0159\u00edsn\u00fdch\nopat\u0159en\u00edch v Tokiu. \u201ePravideln\u00e9 testy, bez div\u00e1k\u016f. P\u0159es aplikaci v telefonu\nbudou sledovat na\u0161e trasy. Pokud p\u016fjdeme n\u011bkam jinam, m\u016f\u017eeme m\u00edt velk\u00fd probl\u00e9m\na p\u0159ij\u00edt o akreditaci. Opat\u0159en\u00ed jsou brut\u00e1ln\u00ed, nesm\u00edme ud\u011blat \u017e\u00e1dnou chybu,\u201c\npok\u00fdval hlavou.<\/p>\n\n\n\n<p>N\u00e1kaza? Sna\u017e\u00ed se vyh\u00fdbat lidem<\/p>\n\n\n\n<p>Podobn\u00e9 martyrium si Smr\u010dka za\u017eil p\u0159i mistrovstv\u00ed Evropy,\nkter\u00e9 se konalo na Madei\u0159e. \u201eProd\u011blal jsem covid, pak jsem se nechal o\u010dkovat,\nna p\u0159\u00edpravu nebylo moc \u010dasu. Rou\u0161ku jsme sundali t\u011bsn\u011b p\u0159ed skokem do baz\u00e9nu,\nnebyl ani prostor se po\u0159\u00e1dn\u011b rozd\u00fdchat. Obden se testovalo, tam to bylo do\nnosu. Strkalo se to obzvl\u00e1\u0161t\u011b hluboko, p\u011bkn\u011b jsem \u0159val. V Tokiu by m\u011bly b\u00fdt\ntesty ze slin. Ale jinak nev\u00edme, co n\u00e1s tam v\u0161echno \u010dek\u00e1,\u201c zamyslel se.<\/p>\n\n\n\n<p>Opatrn\u00ed mus\u00ed b\u00fdt oba i v \u010cesku. \u201eKdy\u017e to \u0159eknu blb\u011b, tak se\nsna\u017e\u00edme vyh\u00fdbat lidem. M\u00e1 rodina je na dovolen\u00e9, j\u00e1 to tr\u00e1v\u00edm na chalup\u011b. M\u00edra\nse taky sna\u017e\u00ed, aby se prost\u011b nenakazil. Covid u\u017e prod\u011blal,\u201c konstatoval\nBud\u00ednsk\u00fd.<\/p>\n\n\n\n<p>Nezb\u00fdv\u00e1, ne\u017e ob\u011bma pop\u0159\u00e1t, aby se jim v dalek\u00e9m Japonsku\nzada\u0159ilo. \u201eS P\u00e9\u0165ou se zn\u00e1me u\u017e od sv\u00fdch jino\u0161sk\u00fdch let. Tr\u00e9noval m\u011b u\u017e jeho\notec, m\u00e1me velkou vazbu. Spolu tr\u00e9nujeme tak sedm let. Klape n\u00e1m to, i kdy\u017e na\nm\u011b ob\u010das \u0161t\u00edpe d\u0159\u00edv\u00ed,\u201c zasm\u00e1l se Smr\u010dka. \u201eBude to ale na\u0161e posledn\u00ed olympi\u00e1da,\u201c\ndodal Bud\u00ednsk\u00fd.<\/p>\n\n\n\n<p>Jaroslav Zeman<\/p>\n\n\n\n<p>denik.cz<\/p>\n\n\n\n<p><a rel=\"noreferrer noopener\" aria-label=\" (otev\u0159e se na nov\u00e9 z\u00e1lo\u017ece)\" href=\"https:\/\/www.denik.cz\/\" target=\"_blank\">https:\/\/www.denik.cz\/<\/a><\/p>\n","protected":false},"excerpt":{"rendered":"<div class=\"mh-excerpt\"><p>Nevidom\u00fd plavec Miroslav Smr\u010dka i p\u0159ed bl\u00ed\u017e\u00edc\u00ed se \u0161edes\u00e1tkou nev\u00e1h\u00e1 m\u011b\u0159it s\u00edly v baz\u00e9nu s mnohem mlad\u0161\u00edmi soupe\u0159i. Te\u010f se intenzivn\u011b p\u0159ipravuje na paralympi\u00e1du v <a class=\"mh-excerpt-more\" href=\"https:\/\/www.invarena.cz\/?p=36405\" title=\"D\u016fchod? S t\u00edm na n\u011bj necho\u010fte. Smr\u010dka chce v 58 letech paralympijskou medaili\">[&#8230;]<\/a><\/p>\n<\/div>","protected":false},"author":1,"featured_media":783,"comment_status":"open","ping_status":"closed","sticky":false,"template":"","format":"standard","meta":{"footnotes":""},"categories":[9],"tags":[],"class_list":["post-36405","post","type-post","status-publish","format-standard","has-post-thumbnail","hentry","category-zpravy"],"_links":{"self":[{"href":"https:\/\/www.invarena.cz\/index.php?rest_route=\/wp\/v2\/posts\/36405","targetHints":{"allow":["GET"]}}],"collection":[{"href":"https:\/\/www.invarena.cz\/index.php?rest_route=\/wp\/v2\/posts"}],"about":[{"href":"https:\/\/www.invarena.cz\/index.php?rest_route=\/wp\/v2\/types\/post"}],"author":[{"embeddable":true,"href":"https:\/\/www.invarena.cz\/index.php?rest_route=\/wp\/v2\/users\/1"}],"replies":[{"embeddable":true,"href":"https:\/\/www.invarena.cz\/index.php?rest_route=%2Fwp%2Fv2%2Fcomments&post=36405"}],"version-history":[{"count":0,"href":"https:\/\/www.invarena.cz\/index.php?rest_route=\/wp\/v2\/posts\/36405\/revisions"}],"wp:featuredmedia":[{"embeddable":true,"href":"https:\/\/www.invarena.cz\/index.php?rest_route=\/wp\/v2\/media\/783"}],"wp:attachment":[{"href":"https:\/\/www.invarena.cz\/index.php?rest_route=%2Fwp%2Fv2%2Fmedia&parent=36405"}],"wp:term":[{"taxonomy":"category","embeddable":true,"href":"https:\/\/www.invarena.cz\/index.php?rest_route=%2Fwp%2Fv2%2Fcategories&post=36405"},{"taxonomy":"post_tag","embeddable":true,"href":"https:\/\/www.invarena.cz\/index.php?rest_route=%2Fwp%2Fv2%2Ftags&post=36405"}],"curies":[{"name":"wp","href":"https:\/\/api.w.org\/{rel}","templated":true}]}}