{"id":36408,"date":"2021-07-23T15:37:33","date_gmt":"2021-07-23T13:37:33","guid":{"rendered":"http:\/\/www.invarena.cz\/?p=36408"},"modified":"2021-07-23T15:37:35","modified_gmt":"2021-07-23T13:37:35","slug":"kavu-nabidnou-turistum-mentalne-postizeni-a-matky-z-azylovych-domu","status":"publish","type":"post","link":"https:\/\/www.invarena.cz\/?p=36408","title":{"rendered":"K\u00e1vu nab\u00eddnou turist\u016fm ment\u00e1ln\u011b posti\u017een\u00ed a matky z azylov\u00fdch dom\u016f"},"content":{"rendered":"\n<p>Ze zch\u00e1tral\u00e9 pam\u00e1tky se stalo \u00fato\u010di\u0161t\u011b pro posti\u017een\u00e9 i \u017eeny v probl\u00e9mech. Ubytovna, v n\u00ed\u017e \u010dasto zasahovali policist\u00e9. Z\u00e1mek T\u0159eme\u0161ek v Doln\u00edch Stud\u00e9nk\u00e1ch na \u0160umpersku nem\u011bl doned\u00e1vna moc dobrou pov\u011bst. Zch\u00e1tral\u00e1 budova se ale d\u00edky obci a evropsk\u00fdm pen\u011bz\u016fm zm\u011bnila k nepozn\u00e1n\u00ed. Nov\u011b zrekonstruovan\u00e9 prostory budou slou\u017eit jako komunitn\u00ed a rodinn\u00e9 centrum, chr\u00e1n\u011bn\u00e9 i soci\u00e1ln\u00ed bydlen\u00ed \u010di soci\u00e1ln\u00ed kav\u00e1rna. V objektu jsou i byty pro seniory.<\/p>\n\n\n\n<p>Cel\u00fd \u010dl\u00e1nek naleznete na idnes.cz: <a href=\"https:\/\/www.idnes.cz\/olomouc\/zpravy\/zamek-tremesek-dolni-studenky-komunitni-a-socialni-centrum.A210723_618499_olomouc-zpravy_hrs\" target=\"_blank\" rel=\"noreferrer noopener\" aria-label=\" (otev\u0159e se na nov\u00e9 z\u00e1lo\u017ece)\">https:\/\/www.idnes.cz\/olomouc\/zpravy\/zamek-tremesek-dolni-studenky-komunitni-a-socialni-centrum.A210723_618499_olomouc-zpravy_hrs<\/a><\/p>\n","protected":false},"excerpt":{"rendered":"<div class=\"mh-excerpt\"><p>Ze zch\u00e1tral\u00e9 pam\u00e1tky se stalo \u00fato\u010di\u0161t\u011b pro posti\u017een\u00e9 i \u017eeny v probl\u00e9mech. Ubytovna, v n\u00ed\u017e \u010dasto zasahovali policist\u00e9. Z\u00e1mek T\u0159eme\u0161ek v Doln\u00edch Stud\u00e9nk\u00e1ch na \u0160umpersku <a class=\"mh-excerpt-more\" href=\"https:\/\/www.invarena.cz\/?p=36408\" title=\"K\u00e1vu nab\u00eddnou turist\u016fm ment\u00e1ln\u011b posti\u017een\u00ed a matky z azylov\u00fdch dom\u016f\">[&#8230;]<\/a><\/p>\n<\/div>","protected":false},"author":1,"featured_media":4001,"comment_status":"open","ping_status":"closed","sticky":false,"template":"","format":"standard","meta":{"footnotes":""},"categories":[9],"tags":[],"class_list":["post-36408","post","type-post","status-publish","format-standard","has-post-thumbnail","hentry","category-zpravy"],"_links":{"self":[{"href":"https:\/\/www.invarena.cz\/index.php?rest_route=\/wp\/v2\/posts\/36408","targetHints":{"allow":["GET"]}}],"collection":[{"href":"https:\/\/www.invarena.cz\/index.php?rest_route=\/wp\/v2\/posts"}],"about":[{"href":"https:\/\/www.invarena.cz\/index.php?rest_route=\/wp\/v2\/types\/post"}],"author":[{"embeddable":true,"href":"https:\/\/www.invarena.cz\/index.php?rest_route=\/wp\/v2\/users\/1"}],"replies":[{"embeddable":true,"href":"https:\/\/www.invarena.cz\/index.php?rest_route=%2Fwp%2Fv2%2Fcomments&post=36408"}],"version-history":[{"count":0,"href":"https:\/\/www.invarena.cz\/index.php?rest_route=\/wp\/v2\/posts\/36408\/revisions"}],"wp:featuredmedia":[{"embeddable":true,"href":"https:\/\/www.invarena.cz\/index.php?rest_route=\/wp\/v2\/media\/4001"}],"wp:attachment":[{"href":"https:\/\/www.invarena.cz\/index.php?rest_route=%2Fwp%2Fv2%2Fmedia&parent=36408"}],"wp:term":[{"taxonomy":"category","embeddable":true,"href":"https:\/\/www.invarena.cz\/index.php?rest_route=%2Fwp%2Fv2%2Fcategories&post=36408"},{"taxonomy":"post_tag","embeddable":true,"href":"https:\/\/www.invarena.cz\/index.php?rest_route=%2Fwp%2Fv2%2Ftags&post=36408"}],"curies":[{"name":"wp","href":"https:\/\/api.w.org\/{rel}","templated":true}]}}