{"id":36449,"date":"2021-08-09T23:17:02","date_gmt":"2021-08-09T21:17:02","guid":{"rendered":"http:\/\/www.invarena.cz\/?p=36449"},"modified":"2021-08-09T23:17:04","modified_gmt":"2021-08-09T21:17:04","slug":"maximalni-mozna-doba-vyplaty-nemocenske","status":"publish","type":"post","link":"https:\/\/www.invarena.cz\/?p=36449","title":{"rendered":"Maxim\u00e1ln\u00ed mo\u017en\u00e1 doba v\u00fdplaty nemocensk\u00e9"},"content":{"rendered":"\n<p>Dotaz:<\/p>\n\n\n\n<p>Marod\u00edm t\u00e9m\u011b\u0159 dva roky. Na okresn\u00ed spr\u00e1v\u011b soci\u00e1ln\u00edho zabezpe\u010den\u00ed mi \u0159ekli, \u017ee mi ji\u017e nebude moci b\u00fdt vypl\u00e1ceno nemocensk\u00e9 poji\u0161t\u011bn\u00ed. Je tato informace pravdiv\u00e1?<\/p>\n\n\n\n<p>Odpov\u011b\u010f:<\/p>\n\n\n\n<p>Dle z\u00e1kona o nemocensk\u00e9m poji\u0161t\u011bn\u00ed m\u016f\u017ee b\u00fdt vypl\u00e1ceno nemocensk\u00e9 poji\u0161t\u011bn\u00ed nejd\u00e9le po dobu 380ti kalend\u00e1\u0159n\u00edch dn\u016f. Po uplynut\u00ed t\u00e9to doby m\u016f\u017ee poji\u0161t\u011bnec po\u017e\u00e1dat o prodlou\u017een\u00ed v\u00fdplaty nemocensk\u00e9ho po uplynut\u00ed podp\u016fr\u010d\u00ed doby. Poji\u0161t\u011bnec m\u016f\u017ee t\u00edmto zp\u016fsobem okresn\u00ed spr\u00e1vu soci\u00e1ln\u00edho zabezpe\u010den\u00ed \u017e\u00e1dat opakovan\u011b, \u017e\u00e1dosti m\u016f\u017ee b\u00fdt vyhov\u011bno okresn\u00ed spr\u00e1vo soci\u00e1ln\u00edho zabezpe\u010den\u00ed opakovan\u011b, v\u00fdplata nemocensk\u00e9ho m\u016f\u017ee b\u00fdt prodlou\u017eena maxim\u00e1ln\u011b na t\u0159i m\u011bs\u00edce. Nemocensk\u00e9 m\u016f\u017ee b\u00fdt t\u00edmto zp\u016fsobem vypl\u00e1ceno nejd\u00e9le po dobu dal\u0161\u00edch 350 kalend\u00e1\u0159n\u00edch dn\u016f. Informace je pravd\u011bpodobn\u011b pravdiv\u00e1, nebo\u0165 ji\u017e do\u0161lo k vy\u010derp\u00e1n\u00ed v\u0161ech mo\u017enost\u00ed prodlou\u017een\u00ed v\u00fdplaty nemocensk\u00e9ho po uplynut\u00ed podp\u016fr\u010d\u00ed doby.<\/p>\n\n\n\n<p>admin<\/p>\n","protected":false},"excerpt":{"rendered":"<div class=\"mh-excerpt\"><p>Dotaz: Marod\u00edm t\u00e9m\u011b\u0159 dva roky. Na okresn\u00ed spr\u00e1v\u011b soci\u00e1ln\u00edho zabezpe\u010den\u00ed mi \u0159ekli, \u017ee mi ji\u017e nebude moci b\u00fdt vypl\u00e1ceno nemocensk\u00e9 poji\u0161t\u011bn\u00ed. Je tato informace pravdiv\u00e1? <a class=\"mh-excerpt-more\" href=\"https:\/\/www.invarena.cz\/?p=36449\" title=\"Maxim\u00e1ln\u00ed mo\u017en\u00e1 doba v\u00fdplaty nemocensk\u00e9\">[&#8230;]<\/a><\/p>\n<\/div>","protected":false},"author":1,"featured_media":1226,"comment_status":"open","ping_status":"closed","sticky":false,"template":"","format":"standard","meta":{"footnotes":""},"categories":[18],"tags":[],"class_list":["post-36449","post","type-post","status-publish","format-standard","has-post-thumbnail","hentry","category-poradna"],"_links":{"self":[{"href":"https:\/\/www.invarena.cz\/index.php?rest_route=\/wp\/v2\/posts\/36449","targetHints":{"allow":["GET"]}}],"collection":[{"href":"https:\/\/www.invarena.cz\/index.php?rest_route=\/wp\/v2\/posts"}],"about":[{"href":"https:\/\/www.invarena.cz\/index.php?rest_route=\/wp\/v2\/types\/post"}],"author":[{"embeddable":true,"href":"https:\/\/www.invarena.cz\/index.php?rest_route=\/wp\/v2\/users\/1"}],"replies":[{"embeddable":true,"href":"https:\/\/www.invarena.cz\/index.php?rest_route=%2Fwp%2Fv2%2Fcomments&post=36449"}],"version-history":[{"count":0,"href":"https:\/\/www.invarena.cz\/index.php?rest_route=\/wp\/v2\/posts\/36449\/revisions"}],"wp:featuredmedia":[{"embeddable":true,"href":"https:\/\/www.invarena.cz\/index.php?rest_route=\/wp\/v2\/media\/1226"}],"wp:attachment":[{"href":"https:\/\/www.invarena.cz\/index.php?rest_route=%2Fwp%2Fv2%2Fmedia&parent=36449"}],"wp:term":[{"taxonomy":"category","embeddable":true,"href":"https:\/\/www.invarena.cz\/index.php?rest_route=%2Fwp%2Fv2%2Fcategories&post=36449"},{"taxonomy":"post_tag","embeddable":true,"href":"https:\/\/www.invarena.cz\/index.php?rest_route=%2Fwp%2Fv2%2Ftags&post=36449"}],"curies":[{"name":"wp","href":"https:\/\/api.w.org\/{rel}","templated":true}]}}