{"id":36472,"date":"2021-08-13T14:00:18","date_gmt":"2021-08-13T12:00:18","guid":{"rendered":"http:\/\/www.invarena.cz\/?p=36472"},"modified":"2021-08-13T14:00:20","modified_gmt":"2021-08-13T12:00:20","slug":"je-postizena-tak-nechape-znasilneni-us-hodil-soudcum-verdikt-na-hlavu","status":"publish","type":"post","link":"https:\/\/www.invarena.cz\/?p=36472","title":{"rendered":"Je posti\u017een\u00e1, tak nech\u00e1pe zn\u00e1siln\u011bn\u00ed? \u00daS hodil soudc\u016fm verdikt na hlavu"},"content":{"rendered":"\n<p>\u00dastavn\u00ed soud (\u00daS) vyhov\u011bl st\u00ed\u017enosti a\u00a0zastal se nezletil\u00e9 st\u011b\u017eovatelky, kter\u00e1 se v\u00a0trestn\u00edm \u0159\u00edzen\u00ed dom\u00e1hala n\u00e1hrady nemajetkov\u00e9 \u00fajmy za opakovan\u00e1 zn\u00e1siln\u011bn\u00ed, k\u00a0nim\u017e do\u0161lo v\u00a0\u00fastavn\u00ed p\u00e9\u010di b\u011bhem hospitalizace na d\u011btsk\u00e9 psychiatrii. Ob\u011bti bylo tehdy 12 let. Od d\u011btstv\u00ed se neztoto\u017e\u0148uje s\u00a0mu\u017esk\u00fdm pohlav\u00edm a\u00a0vystupuje jako d\u00edvka, p\u0159esto ji um\u00edstili mezi chlapce.<\/p>\n\n\n\n<p>Cel\u00fd \u010dl\u00e1nek naleznete na novinky.cz: <a href=\"https:\/\/www.novinky.cz\/domaci\/clanek\/je-postizena-tak-nechape-znasilneni-us-hodil-soudcum-verdikt-na-hlavu-40368961\" target=\"_blank\" rel=\"noreferrer noopener\" aria-label=\" (otev\u0159e se na nov\u00e9 z\u00e1lo\u017ece)\">https:\/\/www.novinky.cz\/domaci\/clanek\/je-postizena-tak-nechape-znasilneni-us-hodil-soudcum-verdikt-na-hlavu-40368961<\/a><\/p>\n","protected":false},"excerpt":{"rendered":"<div class=\"mh-excerpt\"><p>\u00dastavn\u00ed soud (\u00daS) vyhov\u011bl st\u00ed\u017enosti a\u00a0zastal se nezletil\u00e9 st\u011b\u017eovatelky, kter\u00e1 se v\u00a0trestn\u00edm \u0159\u00edzen\u00ed dom\u00e1hala n\u00e1hrady nemajetkov\u00e9 \u00fajmy za opakovan\u00e1 zn\u00e1siln\u011bn\u00ed, k\u00a0nim\u017e do\u0161lo v\u00a0\u00fastavn\u00ed p\u00e9\u010di b\u011bhem <a class=\"mh-excerpt-more\" href=\"https:\/\/www.invarena.cz\/?p=36472\" title=\"Je posti\u017een\u00e1, tak nech\u00e1pe zn\u00e1siln\u011bn\u00ed? \u00daS hodil soudc\u016fm verdikt na hlavu\">[&#8230;]<\/a><\/p>\n<\/div>","protected":false},"author":1,"featured_media":19225,"comment_status":"open","ping_status":"closed","sticky":false,"template":"","format":"standard","meta":{"footnotes":""},"categories":[9],"tags":[],"class_list":["post-36472","post","type-post","status-publish","format-standard","has-post-thumbnail","hentry","category-zpravy"],"_links":{"self":[{"href":"https:\/\/www.invarena.cz\/index.php?rest_route=\/wp\/v2\/posts\/36472","targetHints":{"allow":["GET"]}}],"collection":[{"href":"https:\/\/www.invarena.cz\/index.php?rest_route=\/wp\/v2\/posts"}],"about":[{"href":"https:\/\/www.invarena.cz\/index.php?rest_route=\/wp\/v2\/types\/post"}],"author":[{"embeddable":true,"href":"https:\/\/www.invarena.cz\/index.php?rest_route=\/wp\/v2\/users\/1"}],"replies":[{"embeddable":true,"href":"https:\/\/www.invarena.cz\/index.php?rest_route=%2Fwp%2Fv2%2Fcomments&post=36472"}],"version-history":[{"count":0,"href":"https:\/\/www.invarena.cz\/index.php?rest_route=\/wp\/v2\/posts\/36472\/revisions"}],"wp:featuredmedia":[{"embeddable":true,"href":"https:\/\/www.invarena.cz\/index.php?rest_route=\/wp\/v2\/media\/19225"}],"wp:attachment":[{"href":"https:\/\/www.invarena.cz\/index.php?rest_route=%2Fwp%2Fv2%2Fmedia&parent=36472"}],"wp:term":[{"taxonomy":"category","embeddable":true,"href":"https:\/\/www.invarena.cz\/index.php?rest_route=%2Fwp%2Fv2%2Fcategories&post=36472"},{"taxonomy":"post_tag","embeddable":true,"href":"https:\/\/www.invarena.cz\/index.php?rest_route=%2Fwp%2Fv2%2Ftags&post=36472"}],"curies":[{"name":"wp","href":"https:\/\/api.w.org\/{rel}","templated":true}]}}