{"id":36507,"date":"2021-08-19T15:25:42","date_gmt":"2021-08-19T13:25:42","guid":{"rendered":"http:\/\/www.invarena.cz\/?p=36507"},"modified":"2021-08-19T15:25:43","modified_gmt":"2021-08-19T13:25:43","slug":"herci-s-downovym-syndromem-v-hlavni-roli-v-lechovicich-zahraji-zlaty-kolovrat","status":"publish","type":"post","link":"https:\/\/www.invarena.cz\/?p=36507","title":{"rendered":"Herci s Downov\u00fdm syndromem v hlavn\u00ed roli: v Lechovic\u00edch zahraj\u00ed Zlat\u00fd kolovrat"},"content":{"rendered":"\n<p>Divadlo, kde s herci putuj\u00ed i div\u00e1ci. Nev\u0161edn\u00ed z\u00e1\u017eitek s\nver\u0161i Karla Jarom\u00edra Erbena si mohou u\u017e\u00edt n\u00e1v\u0161t\u011bvn\u00edci u kostela Nanebevzet\u00ed\nPanny Marie v Lechovic\u00edch a tamn\u00ed fary. V inscenaci Zlat\u00fd kolovrat, si po \u010dty\u0159i\nve\u010dery zahraj\u00ed vedle profesion\u00e1ln\u00edch herc\u016f i mlad\u00ed talenti s Downov\u00fdm syndromem\nnebo jin\u00fdm druhem handicapu, jako jejich rovnocenn\u00ed partne\u0159i.<\/p>\n\n\n\n<p>\u201eDown\u016fv syndrom na jevi\u0161ti nen\u00ed handicap, ale mo\u017enost jak\nvid\u011bt sv\u011bt trochu jinak a jinak ho tak\u00e9 um\u011bt zahr\u00e1t. Herci maj\u00ed mnohem\nintenzivn\u011bj\u0161\u00ed pro\u017e\u00edv\u00e1n\u00ed okam\u017eiku a mohou tak b\u00fdt ostatn\u00edm herc\u016fm velkou\ninspirac\u00ed.\u201d pouk\u00e1zala re\u017eis\u00e9rka Jitka Vrbkov\u00e1.<\/p>\n\n\n\n<p>Herec a moder\u00e1tor Filip Teller, kter\u00fd v inscenaci ztv\u00e1r\u0148uje\nspolu s Martinou Truskovou a Eli\u0161kou Vrbkovou trojroli zl\u00e9 macechy, to\npotvrdil. \u201ePravdivost na prvn\u00edm m\u00edst\u011b z nich d\u011bl\u00e1 hereck\u00e9 partnery, kte\u0159\u00ed v\u00e1m\nna ka\u017ed\u00e9 zkou\u0161ce a ka\u017ed\u00e9m p\u0159edstaven\u00ed p\u0159iprav\u00ed nejedno p\u0159ekvapen\u00ed. Nad to v\u0161e vid\u00ed\nve h\u0159e a d\u011bji nuance, kter\u00e9 j\u00e1 sv\u00fdm oby\u010dejn\u00fdm pohledem vid\u011bt nedok\u00e1\u017eu,\u201d pod\u011blil\nse.<\/p>\n\n\n\n<p>Erben\u016fv Zlat\u00fd kolovrat je jednou z m\u00e1la jeho balad, kter\u00e1\nm\u016f\u017ee podle re\u017eis\u00e9rky v tomto netradi\u010dn\u00edm obsazen\u00ed vyzn\u00edt naplno. \u201eNa\u0161i mlad\u00ed\nherci s Downov\u00fdm syndromem po l\u00e1sce velmi tou\u017e\u00ed. Naj\u00edt celo\u017eivotn\u00ed l\u00e1sku je\nt\u011b\u017ek\u00e9 i pro \u010dlov\u011bka bez jinakosti, ale pro n\u011b to m\u016f\u017ee b\u00fdt je\u0161t\u011b t\u011b\u017e\u0161\u00ed. Br\u00e1n\u00ed\njim v tom z\u00e1kazy rodi\u010d\u016f nebo zkr\u00e1tka fakt, \u017ee jejich l\u00e1ska k \u010dlov\u011bku bez\nhandicapu b\u00fdv\u00e1 m\u00e1lokdy op\u011btov\u00e1na. Mnohem snadn\u011bji se tak\u00e9 nechaj\u00ed nap\u00e1lit, co\u017e\nje i motiv Erbenova Zlat\u00e9ho kolovratu,\u201d je p\u0159esv\u011bd\u010dena Vrbkov\u00e1.<\/p>\n\n\n\n<p>Z\u00e1jemci si mohou p\u0159edstaven\u00ed u\u017e\u00edt po \u010dty\u0159i ve\u010dery, od st\u0159edy do ned\u011ble. \u201eKa\u017ed\u00e9 p\u0159edstaven\u00ed za\u010d\u00edn\u00e1 v dev\u011bt hodin ve\u010der, za tmy, abychom dok\u00e1zali pln\u011b vyu\u017e\u00edt sv\u011btla, kter\u00e1 tvaruj\u00ed sc\u00e9nu i atmosf\u00e9ru. Buben, harmonika a fl\u00e9tny se prol\u00ednaj\u00ed se zp\u011bvem a ver\u0161i. V n\u00e1sleduj\u00edc\u00ed hodin\u011b pln\u00e9 hudby se p\u0159edstav\u00ed v\u00edce ne\u017e dvac\u00edtka herc\u016f. Po skon\u010den\u00ed netradi\u010dn\u00edho z\u00e1\u017eitku zve cel\u00fd inscena\u010dn\u00ed t\u00fdm div\u00e1ky na spole\u010dn\u00e9 posezen\u00ed u ohn\u011b. Lid\u00e9 ze vzd\u00e1len\u011bj\u0161\u00edch lokalit maj\u00ed mo\u017enost na fa\u0159e p\u0159espat,\u201c pozvala za herce Divadla Andente Vendula Kacetlov\u00e1.<\/p>\n\n\n\n<p>Dagmar Sedl\u00e1\u010dkov\u00e1<\/p>\n\n\n\n<p>Znojemsk\u00fd den\u00edk<\/p>\n\n\n\n<p><a rel=\"noreferrer noopener\" aria-label=\" (otev\u0159e se na nov\u00e9 z\u00e1lo\u017ece)\" href=\"https:\/\/znojemsky.denik.cz\/\" target=\"_blank\">https:\/\/znojemsky.denik.cz\/<\/a><\/p>\n","protected":false},"excerpt":{"rendered":"<div class=\"mh-excerpt\"><p>Divadlo, kde s herci putuj\u00ed i div\u00e1ci. Nev\u0161edn\u00ed z\u00e1\u017eitek s ver\u0161i Karla Jarom\u00edra Erbena si mohou u\u017e\u00edt n\u00e1v\u0161t\u011bvn\u00edci u kostela Nanebevzet\u00ed Panny Marie v Lechovic\u00edch <a class=\"mh-excerpt-more\" href=\"https:\/\/www.invarena.cz\/?p=36507\" title=\"Herci s Downov\u00fdm syndromem v hlavn\u00ed roli: v Lechovic\u00edch zahraj\u00ed Zlat\u00fd kolovrat\">[&#8230;]<\/a><\/p>\n<\/div>","protected":false},"author":1,"featured_media":14487,"comment_status":"open","ping_status":"closed","sticky":false,"template":"","format":"standard","meta":{"footnotes":""},"categories":[9],"tags":[],"class_list":["post-36507","post","type-post","status-publish","format-standard","has-post-thumbnail","hentry","category-zpravy"],"_links":{"self":[{"href":"https:\/\/www.invarena.cz\/index.php?rest_route=\/wp\/v2\/posts\/36507","targetHints":{"allow":["GET"]}}],"collection":[{"href":"https:\/\/www.invarena.cz\/index.php?rest_route=\/wp\/v2\/posts"}],"about":[{"href":"https:\/\/www.invarena.cz\/index.php?rest_route=\/wp\/v2\/types\/post"}],"author":[{"embeddable":true,"href":"https:\/\/www.invarena.cz\/index.php?rest_route=\/wp\/v2\/users\/1"}],"replies":[{"embeddable":true,"href":"https:\/\/www.invarena.cz\/index.php?rest_route=%2Fwp%2Fv2%2Fcomments&post=36507"}],"version-history":[{"count":0,"href":"https:\/\/www.invarena.cz\/index.php?rest_route=\/wp\/v2\/posts\/36507\/revisions"}],"wp:featuredmedia":[{"embeddable":true,"href":"https:\/\/www.invarena.cz\/index.php?rest_route=\/wp\/v2\/media\/14487"}],"wp:attachment":[{"href":"https:\/\/www.invarena.cz\/index.php?rest_route=%2Fwp%2Fv2%2Fmedia&parent=36507"}],"wp:term":[{"taxonomy":"category","embeddable":true,"href":"https:\/\/www.invarena.cz\/index.php?rest_route=%2Fwp%2Fv2%2Fcategories&post=36507"},{"taxonomy":"post_tag","embeddable":true,"href":"https:\/\/www.invarena.cz\/index.php?rest_route=%2Fwp%2Fv2%2Ftags&post=36507"}],"curies":[{"name":"wp","href":"https:\/\/api.w.org\/{rel}","templated":true}]}}