{"id":36513,"date":"2021-08-19T15:36:00","date_gmt":"2021-08-19T13:36:00","guid":{"rendered":"http:\/\/www.invarena.cz\/?p=36513"},"modified":"2021-08-19T15:36:02","modified_gmt":"2021-08-19T13:36:02","slug":"nedonosene-deti-oznacil-jako-nevyvinute-zrudy-skarka-dostal-podminku","status":"publish","type":"post","link":"https:\/\/www.invarena.cz\/?p=36513","title":{"rendered":"Nedono\u0161en\u00e9 d\u011bti ozna\u010dil jako &#8222;nevyvinut\u00e9 zr\u016fdy&#8220;. \u0160k\u00e1rka dostal podm\u00ednku"},"content":{"rendered":"\n<p>Podm\u00ednku dostal od Okresn\u00edho soudu Plze\u0148-sever exposlanec\nJaroslav \u0160k\u00e1rka (50) za sv\u00e9 nen\u00e1vistn\u00e9 koment\u00e1\u0159e na adresu p\u0159ed\u010dasn\u011b narozen\u00fdch\nd\u011bt\u00ed, kter\u00e9 ozna\u010dil za zr\u016fdy. Ur\u00e1\u017eel i bezdomovce \u010di ment\u00e1ln\u011b posti\u017een\u00e9. \u201eI\npr\u00e1vo svobody slova m\u00e1 svoje mantinely a pan \u0160k\u00e1rka z nich vybo\u010dil,\u201c uvedla p\u0159i\nod\u016fvodn\u011bn\u00ed rozsudku soudkyn\u011b Iveta Z\u00edtkov\u00e1.<\/p>\n\n\n\n<p>\u0160k\u00e1rka vloni 1. listopadu vypil zhruba dva litry v\u00edna a pot\u00e9\num\u00edstil na sv\u016fj ve\u0159ejn\u011b p\u0159\u00edstupn\u00fd facebookov\u00fd profil p\u0159\u00edsp\u011bvek za\u010d\u00ednaj\u00edc\u00ed slovy\nZbyte\u010dn\u00ed lid\u00e9 \u2013 zbavme se jich. \u201eDnes jsem na \u010cT zaregistroval reklamu na fond\n\u201eNedoklubko\u201c, kter\u00fd podporuje p\u0159ed\u010dasn\u011b narozen\u00e9 d\u011bti s hmotnost\u00ed, kdy &#8218;se\nvejdou do dlan\u011b&#8216;. Jin\u00fdmi slovy nevyvinut\u00e9 zr\u016fdy, kter\u00e9 budou m\u00edt IQ kolem\npades\u00e1tky a budou pro spole\u010dnost pouze p\u0159\u00edt\u011b\u017e\u00ed. Budou n\u00e1s st\u00e1t pouze pen\u00edze a\njejich p\u0159\u00ednos nebude ani nula, ale pouze m\u00ednus.<\/p>\n\n\n\n<p>Pouze n\u011bjak\u00e1 neziskovka se na nich napakuje. Stejn\u00e9 je to i\ns ment\u00e1ly,\u201c uv\u00e1d\u011bl a d\u00e1le mimo jin\u00e9 ment\u00e1ln\u011b posti\u017een\u00e9 p\u0159irovnal ke zv\u00ed\u0159at\u016fm.\n\u201eSt\u00e1t se mus\u00ed probrat a zbavit se &#8218;zbyte\u010dn\u00fdch lid\u00ed&#8216;. Lid\u00e9, kte\u0159\u00ed nejsou\np\u0159\u00ednosem spole\u010dnosti, a\u0165 u\u017e z d\u016fvodu ment\u00e1ln\u00ed, \u010di spole\u010densk\u00e9 diskvalifikace\n(dementi, bez\u010f\u00e1ci, imigranti td.) nesm\u00ed b\u00fdt spole\u010dnost\u00ed prote\u017eovan\u00ed,\u201c napsal.<\/p>\n\n\n\n<p>Soudu \u0160k\u00e1rka \u0159ekl, \u017ee pot\u00e9, co dal v\u00fdpov\u011b\u010f v\u011bze\u0148sk\u00e9 slu\u017eb\u011b,\nkde p\u016fsobil jako vychovatel v borsk\u00e9 v\u011bznici, je aktu\u00e1ln\u011b nezam\u011bstnan\u00fd. Tvrdil,\n\u017ee p\u0159\u00edsp\u011bvkem, jen\u017e napsal opil\u00fd a v emoc\u00edch po zpr\u00e1v\u00e1ch, necht\u011bl vzbudit\nnen\u00e1vist, ale vyvolat diskusi mezi sv\u00fdmi p\u0159\u00e1teli na soci\u00e1ln\u00ed s\u00edti. \u201eExpresivn\u00ed\nforma, kter\u00e1 m\u011bla vybudit ob\u010dany, byla sice za hranou, ale nen\u00ed trestn\u00fdm\n\u010dinem,\u201c h\u00e1jil se exposlanec. Uvedl tak\u00e9, \u017ee slovo zr\u016fda, kter\u00e9 pou\u017eil, je\nterminus technikus.<\/p>\n\n\n\n<p>Slovn\u00edk nau\u010dn\u00fd z roku 1976 podle n\u011bj uv\u00e1d\u00ed, \u017ee zr\u016fda je plod\nposti\u017een\u00fd malformacemi, plod, kter\u00fd nen\u00ed zdrav\u011b vyvinut\u00fd . \u201eNevid\u00edm d\u016fvod, pro\u010d\nby tato slova m\u011bla b\u00fdt trestn\u00e1,\u201c \u0159ekl a dodal, \u017ee neziskovky podle n\u011bj funguj\u00ed\nvelmi \u0161patn\u011b, \u010dasto se v nich podle n\u011bj utop\u00ed pen\u00edze. \u201eBl\u00ed\u017e\u00edme se k\ndemokratick\u00e9 totalit\u011b, lid\u00e9 se boj\u00ed \u0159\u00edci sv\u016fj n\u00e1zor,\u201c tvrdil \u0160k\u00e1rka, podle\nn\u011bho\u017e se dost\u00e1v\u00e1me do stadia, kdy jin\u00fd n\u00e1zor na rasismus, LGBT a podobn\u011b\ncitliv\u00e9 ot\u00e1zky, ne\u017e je v\u011bt\u0161inov\u00fd, m\u016f\u017ee b\u00fdt kriminalizov\u00e1n.<\/p>\n\n\n\n<p>St\u00e1tn\u00ed z\u00e1stupkyn\u011b navrhla ob\u017ealovan\u00e9mu patn\u00e1ctim\u011bs\u00ed\u010dn\u00ed trest\npodm\u00edn\u011bn\u011b odlo\u017een\u00fd na zku\u0161ebn\u00ed dobu dvou let, obh\u00e1jce naopak \u017e\u00e1dal zpro\u0161t\u011bn\u00ed\nviny. \u0160k\u00e1rka nakonec ode\u0161el od soudu s dvan\u00e1ctim\u011bs\u00ed\u010dn\u00edm trestem, podm\u00edn\u011bn\u011b\nodlo\u017een\u00fdm na dva roky. \u201eP\u0159i\u0161el o dobrou pr\u00e1ci, proto jsem ulo\u017eila trest\nm\u00edrn\u011bj\u0161\u00ed, ne\u017e navrhovala st\u00e1tn\u00ed z\u00e1stupkyn\u011b,\u201c uvedla jeden z d\u016fvod\u016f soudkyn\u011b\nZ\u00edtkov\u00e1.<\/p>\n\n\n\n<p>\u0160k\u00e1rka se proti rozsudku na m\u00edst\u011b odvolal, p\u0159\u00edpadem se tak\nbude zab\u00fdvat Krajsk\u00fd soud Plze\u0148.<\/p>\n\n\n\n<p>Milan Kili\u00e1n<\/p>\n\n\n\n<p>Plze\u0148sk\u00fd den\u00edk<\/p>\n\n\n\n<p><a rel=\"noreferrer noopener\" aria-label=\" (otev\u0159e se na nov\u00e9 z\u00e1lo\u017ece)\" href=\"https:\/\/plzensky.denik.cz\/\" target=\"_blank\">https:\/\/plzensky.denik.cz\/<\/a><\/p>\n","protected":false},"excerpt":{"rendered":"<div class=\"mh-excerpt\"><p>Podm\u00ednku dostal od Okresn\u00edho soudu Plze\u0148-sever exposlanec Jaroslav \u0160k\u00e1rka (50) za sv\u00e9 nen\u00e1vistn\u00e9 koment\u00e1\u0159e na adresu p\u0159ed\u010dasn\u011b narozen\u00fdch d\u011bt\u00ed, kter\u00e9 ozna\u010dil za zr\u016fdy. Ur\u00e1\u017eel i <a class=\"mh-excerpt-more\" href=\"https:\/\/www.invarena.cz\/?p=36513\" title=\"Nedono\u0161en\u00e9 d\u011bti ozna\u010dil jako &#8222;nevyvinut\u00e9 zr\u016fdy&#8220;. \u0160k\u00e1rka dostal podm\u00ednku\">[&#8230;]<\/a><\/p>\n<\/div>","protected":false},"author":1,"featured_media":19485,"comment_status":"open","ping_status":"closed","sticky":false,"template":"","format":"standard","meta":{"footnotes":""},"categories":[9],"tags":[],"class_list":["post-36513","post","type-post","status-publish","format-standard","has-post-thumbnail","hentry","category-zpravy"],"_links":{"self":[{"href":"https:\/\/www.invarena.cz\/index.php?rest_route=\/wp\/v2\/posts\/36513","targetHints":{"allow":["GET"]}}],"collection":[{"href":"https:\/\/www.invarena.cz\/index.php?rest_route=\/wp\/v2\/posts"}],"about":[{"href":"https:\/\/www.invarena.cz\/index.php?rest_route=\/wp\/v2\/types\/post"}],"author":[{"embeddable":true,"href":"https:\/\/www.invarena.cz\/index.php?rest_route=\/wp\/v2\/users\/1"}],"replies":[{"embeddable":true,"href":"https:\/\/www.invarena.cz\/index.php?rest_route=%2Fwp%2Fv2%2Fcomments&post=36513"}],"version-history":[{"count":0,"href":"https:\/\/www.invarena.cz\/index.php?rest_route=\/wp\/v2\/posts\/36513\/revisions"}],"wp:featuredmedia":[{"embeddable":true,"href":"https:\/\/www.invarena.cz\/index.php?rest_route=\/wp\/v2\/media\/19485"}],"wp:attachment":[{"href":"https:\/\/www.invarena.cz\/index.php?rest_route=%2Fwp%2Fv2%2Fmedia&parent=36513"}],"wp:term":[{"taxonomy":"category","embeddable":true,"href":"https:\/\/www.invarena.cz\/index.php?rest_route=%2Fwp%2Fv2%2Fcategories&post=36513"},{"taxonomy":"post_tag","embeddable":true,"href":"https:\/\/www.invarena.cz\/index.php?rest_route=%2Fwp%2Fv2%2Ftags&post=36513"}],"curies":[{"name":"wp","href":"https:\/\/api.w.org\/{rel}","templated":true}]}}