{"id":36516,"date":"2021-08-19T15:39:05","date_gmt":"2021-08-19T13:39:05","guid":{"rendered":"http:\/\/www.invarena.cz\/?p=36516"},"modified":"2021-08-19T15:39:06","modified_gmt":"2021-08-19T13:39:06","slug":"univerzita-karlova-uzavrela-memorandum-s-centrem-paraple","status":"publish","type":"post","link":"https:\/\/www.invarena.cz\/?p=36516","title":{"rendered":"Univerzita Karlova uzav\u0159ela memorandum s Centrem Paraple"},"content":{"rendered":"\n<p>Univerzita Karlova uzav\u0159ela memorandum s Centrem Paraple. Vz\u00e1jemn\u011b budou spolupracovat na zlep\u0161en\u00ed podm\u00ednek hendikepovan\u00fdch v \u010cesk\u00e9 republice, a to zejm\u00e9na v oblastech v\u00fdzkumn\u00e9, poradensk\u00e9 a praktick\u00e9 \u010dinnosti v oblasti l\u00e9ka\u0159stv\u00ed.<\/p>\n\n\n\n<p>Cel\u00fd \u010dl\u00e1nek naleznete v Parlamentn\u00edch Listech: <a href=\"https:\/\/www.parlamentnilisty.cz\/zpravy\/tiskovezpravy\/Univerzita-Karlova-uzavrela-memorandum-s-Centrem-Paraple-674154\" target=\"_blank\" rel=\"noreferrer noopener\" aria-label=\" (otev\u0159e se na nov\u00e9 z\u00e1lo\u017ece)\">https:\/\/www.parlamentnilisty.cz\/zpravy\/tiskovezpravy\/Univerzita-Karlova-uzavrela-memorandum-s-Centrem-Paraple-674154<\/a><\/p>\n","protected":false},"excerpt":{"rendered":"<div class=\"mh-excerpt\"><p>Univerzita Karlova uzav\u0159ela memorandum s Centrem Paraple. Vz\u00e1jemn\u011b budou spolupracovat na zlep\u0161en\u00ed podm\u00ednek hendikepovan\u00fdch v \u010cesk\u00e9 republice, a to zejm\u00e9na v oblastech v\u00fdzkumn\u00e9, poradensk\u00e9 a <a class=\"mh-excerpt-more\" href=\"https:\/\/www.invarena.cz\/?p=36516\" title=\"Univerzita Karlova uzav\u0159ela memorandum s Centrem Paraple\">[&#8230;]<\/a><\/p>\n<\/div>","protected":false},"author":1,"featured_media":16916,"comment_status":"open","ping_status":"closed","sticky":false,"template":"","format":"standard","meta":{"footnotes":""},"categories":[9],"tags":[],"class_list":["post-36516","post","type-post","status-publish","format-standard","has-post-thumbnail","hentry","category-zpravy"],"_links":{"self":[{"href":"https:\/\/www.invarena.cz\/index.php?rest_route=\/wp\/v2\/posts\/36516","targetHints":{"allow":["GET"]}}],"collection":[{"href":"https:\/\/www.invarena.cz\/index.php?rest_route=\/wp\/v2\/posts"}],"about":[{"href":"https:\/\/www.invarena.cz\/index.php?rest_route=\/wp\/v2\/types\/post"}],"author":[{"embeddable":true,"href":"https:\/\/www.invarena.cz\/index.php?rest_route=\/wp\/v2\/users\/1"}],"replies":[{"embeddable":true,"href":"https:\/\/www.invarena.cz\/index.php?rest_route=%2Fwp%2Fv2%2Fcomments&post=36516"}],"version-history":[{"count":0,"href":"https:\/\/www.invarena.cz\/index.php?rest_route=\/wp\/v2\/posts\/36516\/revisions"}],"wp:featuredmedia":[{"embeddable":true,"href":"https:\/\/www.invarena.cz\/index.php?rest_route=\/wp\/v2\/media\/16916"}],"wp:attachment":[{"href":"https:\/\/www.invarena.cz\/index.php?rest_route=%2Fwp%2Fv2%2Fmedia&parent=36516"}],"wp:term":[{"taxonomy":"category","embeddable":true,"href":"https:\/\/www.invarena.cz\/index.php?rest_route=%2Fwp%2Fv2%2Fcategories&post=36516"},{"taxonomy":"post_tag","embeddable":true,"href":"https:\/\/www.invarena.cz\/index.php?rest_route=%2Fwp%2Fv2%2Ftags&post=36516"}],"curies":[{"name":"wp","href":"https:\/\/api.w.org\/{rel}","templated":true}]}}