{"id":36519,"date":"2021-08-20T11:33:10","date_gmt":"2021-08-20T09:33:10","guid":{"rendered":"http:\/\/www.invarena.cz\/?p=36519"},"modified":"2021-08-20T11:33:11","modified_gmt":"2021-08-20T09:33:11","slug":"petr-fryba-venuji-se-plavani-co-to-jde","status":"publish","type":"post","link":"https:\/\/www.invarena.cz\/?p=36519","title":{"rendered":"Petr Fr\u00fdba: V\u011bnuji se plav\u00e1n\u00ed, co to jde"},"content":{"rendered":"\n<p>Petr Fr\u00fdba ze Rtyn\u011b v Podkrkono\u0161\u00ed m\u00e1 od narozen\u00ed na obou rukou m\u00e9n\u011b prst\u016f a nedovyvinutou pravou nohu. Tento handicap ho v\u0161ak neomezil v b\u011b\u017en\u00fdch aktivit\u00e1ch a dnes je Petr nad\u011bjn\u00fdch plavcem, kter\u00fd si mezi sv\u00fdmi kolegy vyslou\u017eil sv\u00fdm p\u0159\u00edstupem a p\u016fvodem p\u0159\u00edzvisko \u201ePodkrkono\u0161sk\u00fd ryt\u00ed\u0159\u201c<\/p>\n\n\n\n<p>K za\u010d\u00e1tk\u016fm \u0159\u00edk\u00e1: \u201eOd mali\u010dka jsem plaval rehabilita\u010dn\u011b v J\u00e1nsk\u00fdch L\u00e1zn\u00edch. M\u016fj tren\u00e9r\/terapeut m\u011b navrhl, jestli bych necht\u011bl vyzkou\u0161et z\u00e1vod\u011bn\u00ed a j\u00e1 jsem souhlasil. Tak jsem se dostal na svoje prvn\u00ed plaveck\u00e9 z\u00e1vody, kter\u00e9 se konaly v Trutnov\u011b. Tam si m\u011b v\u0161iml pan Hakl z N\u00e1choda a nab\u00eddl mn\u011b, jestli bych necht\u011bl tr\u00e9novat v plaveck\u00e9m klubu Delf\u00edn N\u00e1chod.\u201c<\/p>\n\n\n\n<p>V roce 2018 i 2019 si zaplaval juniorsk\u00e1 fin\u00e1le na z\u00e1vodech Sv\u011btov\u00e9 s\u00e9rie v Lignanu a v Berl\u00edn\u011b. V lo\u0148sk\u00e9m roce se Petr z\u00fa\u010dastnil v rakousk\u00e9m Klagenfurtu vytrvalostn\u00edho z\u00e1vodu na otev\u0159en\u00e9 vod\u011b. Petr Fr\u00fdba, kter\u00fd mezi handicapovan\u00fdmi zv\u00edt\u011bzil, posl\u00e9ze dominoval i na nejdel\u0161\u00ed trati na 1500 metr\u016f. To je pouze jeden z jeho \u00fasp\u011bch\u016f, s\u00e1m k nim dod\u00e1v\u00e1: \u201eM\u016fj z\u0159ejm\u011b nejv\u011bt\u0161\u00ed \u00fasp\u011bch je \u00fa\u010dast na dvou mistrovstv\u00edch Evropy, kter\u00e9 se konaly v Dublinu a na Madei\u0159e. Na obou jsem se dostal n\u011bkolikr\u00e1t do fin\u00e1le.\u201c<\/p>\n\n\n\n<p>Samoz\u0159ejm\u011b jako ka\u017ed\u00fd sportovec i Petr m\u00e1 ambice dosahovat dal\u0161\u00edch, lep\u0161\u00edch v\u00fdsledk\u016f. \u201eOsobn\u00ed c\u00edl pro m\u011b je zaplavat 400m voln\u00fd zp\u016fsob pod 5 min, co\u017e douf\u00e1m, \u017ee se jednou stane, proto\u017ee by se mi splnil i m\u016fj druh\u00fd c\u00edl, spln\u011bn\u00ed limitu na paralympi\u00e1du. C\u00edl, kter\u00e9mu m\u00e1m moment\u00e1ln\u011b nejbl\u00ed\u017ee je spln\u011bn\u00ed limitu na mistrovstv\u00ed sv\u011bta.\u201c Pl\u00e1v\u00e1n\u00ed je u Petra spojeno s \u0159adou z\u00e1\u017eitk\u016f. O jeden z nich se s n\u00e1mi pod\u011blil slovy: \u201eJeden z m\u00fdch z\u00e1\u017eitk\u016f, kter\u00fd se mi vybav\u00ed je, kdy\u017e mi tren\u00e9r v roce 2018 na mistrovstv\u00ed Evropy v Dublinu \u0159ekl \u201ajde\u0161 do fin\u00e1le\u2018. V t\u00e9 dob\u011b mi bylo 15 let a ne\u010dekal jsem, \u017ee se dostanu na mistrovstv\u00ed Evropy, nato\u017e do fin\u00e1le. Tak\u017ee jsem byl r\u00e1d, ale velice zasko\u010den\u00fd a nerv\u00f3zn\u00ed.\u201c<\/p>\n\n\n\n<p>Samoz\u0159ejm\u011b se nab\u00edz\u00ed ot\u00e1zka, zdali bude Petr ve sportovn\u00edm plav\u00e1n\u00ed nad\u00e1le pokra\u010dovat, a pokud si p\u0159edstavuje, \u017ee by se mu v\u011bnoval profesion\u00e1ln\u011b. \u201eByl bych r\u00e1d, ale bohu\u017eel plav\u00e1n\u00ed nen\u00ed sport jako t\u0159eba fotbal, ve kter\u00e9m vrcholov\u00ed sportovci dost\u00e1v\u00e1n\u00ed m\u011bs\u00ed\u010dn\u00ed p\u0159\u00edjem. U plav\u00e1n\u00ed hendikepovan\u00fdch to takto nefunguje, tak\u017ee bych mohl b\u00fdt nap\u0159\u00edklad tren\u00e9r, ale to by m\u011b nebavilo. Sna\u017e\u00edm se, co to jde, v\u011bnovat plav\u00e1n\u00ed, tak\u017ee moc dal\u0161\u00edch kon\u00ed\u010dk\u016f nem\u00e1m. Sv\u016fj voln\u00fd \u010das tr\u00e1v\u00edm p\u0159ev\u00e1\u017en\u011b s p\u0159\u00edtelkyn\u00ed nebo kamar\u00e1dy nebo \u010dtu a hraju po\u010d\u00edta\u010dov\u00e9 hry,\u201c dod\u00e1v\u00e1 Petr Fr\u00fdba<\/p>\n\n\n\n<p>Richard \u0160vanda<\/p>\n\n\n\n<p>Krkono\u0161sk\u00fd den\u00edk<\/p>\n\n\n\n<p><a rel=\"noreferrer noopener\" aria-label=\" (otev\u0159e se na nov\u00e9 z\u00e1lo\u017ece)\" href=\"https:\/\/krkonossky.denik.cz\/\" target=\"_blank\">https:\/\/krkonossky.denik.cz\/<\/a><\/p>\n","protected":false},"excerpt":{"rendered":"<div class=\"mh-excerpt\"><p>Petr Fr\u00fdba ze Rtyn\u011b v Podkrkono\u0161\u00ed m\u00e1 od narozen\u00ed na obou rukou m\u00e9n\u011b prst\u016f a nedovyvinutou pravou nohu. Tento handicap ho v\u0161ak neomezil v b\u011b\u017en\u00fdch <a class=\"mh-excerpt-more\" href=\"https:\/\/www.invarena.cz\/?p=36519\" title=\"Petr Fr\u00fdba: V\u011bnuji se plav\u00e1n\u00ed, co to jde\">[&#8230;]<\/a><\/p>\n<\/div>","protected":false},"author":1,"featured_media":21009,"comment_status":"open","ping_status":"closed","sticky":false,"template":"","format":"standard","meta":{"footnotes":""},"categories":[9],"tags":[],"class_list":["post-36519","post","type-post","status-publish","format-standard","has-post-thumbnail","hentry","category-zpravy"],"_links":{"self":[{"href":"https:\/\/www.invarena.cz\/index.php?rest_route=\/wp\/v2\/posts\/36519","targetHints":{"allow":["GET"]}}],"collection":[{"href":"https:\/\/www.invarena.cz\/index.php?rest_route=\/wp\/v2\/posts"}],"about":[{"href":"https:\/\/www.invarena.cz\/index.php?rest_route=\/wp\/v2\/types\/post"}],"author":[{"embeddable":true,"href":"https:\/\/www.invarena.cz\/index.php?rest_route=\/wp\/v2\/users\/1"}],"replies":[{"embeddable":true,"href":"https:\/\/www.invarena.cz\/index.php?rest_route=%2Fwp%2Fv2%2Fcomments&post=36519"}],"version-history":[{"count":0,"href":"https:\/\/www.invarena.cz\/index.php?rest_route=\/wp\/v2\/posts\/36519\/revisions"}],"wp:featuredmedia":[{"embeddable":true,"href":"https:\/\/www.invarena.cz\/index.php?rest_route=\/wp\/v2\/media\/21009"}],"wp:attachment":[{"href":"https:\/\/www.invarena.cz\/index.php?rest_route=%2Fwp%2Fv2%2Fmedia&parent=36519"}],"wp:term":[{"taxonomy":"category","embeddable":true,"href":"https:\/\/www.invarena.cz\/index.php?rest_route=%2Fwp%2Fv2%2Fcategories&post=36519"},{"taxonomy":"post_tag","embeddable":true,"href":"https:\/\/www.invarena.cz\/index.php?rest_route=%2Fwp%2Fv2%2Ftags&post=36519"}],"curies":[{"name":"wp","href":"https:\/\/api.w.org\/{rel}","templated":true}]}}