{"id":36538,"date":"2021-08-24T16:07:55","date_gmt":"2021-08-24T14:07:55","guid":{"rendered":"http:\/\/www.invarena.cz\/?p=36538"},"modified":"2021-08-24T16:07:56","modified_gmt":"2021-08-24T14:07:56","slug":"na-paralympiade-se-predstavi-i-plavkyne-a-stolni-tenista","status":"publish","type":"post","link":"https:\/\/www.invarena.cz\/?p=36538","title":{"rendered":"Na paralympi\u00e1d\u011b se p\u0159edstav\u00ed i plavkyn\u011b a stoln\u00ed tenista"},"content":{"rendered":"\n<p>Na XVI. letn\u00edch paralympijsk\u00fdch hr\u00e1ch, kter\u00e9 za\u010d\u00ednaj\u00ed dnes v\nTokiu, budou zastoupeni i sportovci z klub\u016f Plze\u0148sk\u00e9ho kraje.<\/p>\n\n\n\n<p>V baz\u00e9nu se mezi nejlep\u0161\u00edmi plavkyn\u011bmi sv\u011bta p\u0159edstav\u00ed\nVendula Du\u0161kov\u00e1, studentka t\u0159et\u00edho ro\u010dn\u00edku Fakulty zdravotnick\u00fdch studi\u00ed\nZ\u00e1pado\u010desk\u00e9 univerzity a budouc\u00ed ergoterapeutka.<\/p>\n\n\n\n<p>Mezi stoln\u00edmi tenisty zase bude bojovat voz\u00ed\u010dk\u00e1\u0159 Petr Svato\u0161\nz TJ Sokol Lh\u016fta, kter\u00fd loni hr\u00e1l za stejn\u00fd odd\u00edl divizi mezi zdrav\u00fdmi.<\/p>\n\n\n\n<p>\u201eLh\u016fta pro m\u011b byla jasn\u00e1 volba, jsem tam maxim\u00e1ln\u011b\nspokojen\u00fd,\u201c \u0159\u00edk\u00e1 stoln\u00ed tenista z Litomy\u0161le, jeho\u017e k anga\u017em\u00e1 ve Lh\u016ft\u011b zl\u00e1kal\nn\u011bkdej\u0161\u00ed paralympionik Jaroslav Hadrava. \u201eJarda je takov\u00fd m\u016fj u\u010ditel,\u201c p\u0159iznal\nSvato\u0161.<\/p>\n\n\n\n<p>Na kont\u011b u\u017e m\u00e1 t\u0159i mistrovstv\u00ed Evropy handicapovan\u00fdch,\nvyhr\u00e1l mimo jin\u00e9 Czech Open v Ostrav\u011b, ale na paralympi\u00e1d\u011b bude poprv\u00e9.<\/p>\n\n\n\n<p>\u201eM\u011bli jsme te\u010f rok a p\u016fl pauzu bez z\u00e1pasov\u00e9 praxe. A ani\nnev\u00edme, jak jsou na tom soupe\u0159i,\u201c \u0159\u00edkal p\u0159ed cestou do Tokia, kde m\u00e1 jasn\u00fd c\u00edl\n\u2013 postup ze skupiny. Soupe\u0159e u\u017e zn\u00e1. \u201eV\u0161echno nav\u00edc u\u017e bude bonus,\u201c doplnil\nSvato\u0161, jen\u017e se st\u0159etne s favorizovan\u00fdm \u0160v\u00e9dem a Ukrajincem.<\/p>\n\n\n\n<p>\u201eS t\u00edm m\u00e1m v\u011bt\u0161\u00ed \u0161anci usp\u011bt, \u0160v\u00e9d je sv\u011btov\u00e1 p\u011btka,\u201c\np\u0159ibl\u00ed\u017eil Petr Svato\u0161 s t\u00edm, \u017ee i mezi voz\u00ed\u010dk\u00e1\u0159i vl\u00e1dnou \u010c\u00ed\u0148an\u00e9, ke \u0161pi\u010dce\npat\u0159\u00ed je\u0161t\u011b Francouzi a N\u011bmci.<\/p>\n\n\n\n<p>Roda\u010dce z Karlov\u00fdch Var\u016f objevili u\u017e v sedmi m\u011bs\u00edc\u00edch tukov\u00fd\nn\u00e1dor na p\u00e1te\u0159i. Diagn\u00f3za v\u0161ak p\u0159i\u0161la pozd\u011b a navzdory n\u00e1ro\u010dn\u00e9 operaci odum\u0159ely\nVendule Du\u0161kov\u00e9 nervy v nohou a\u017e po kolena.<\/p>\n\n\n\n<p>P\u016fvodn\u011b za\u010dala plavat kv\u016fli rehabilitac\u00edm, dnes pat\u0159\u00ed k\nnejlep\u0161\u00edm \u010desk\u00fdm paraplavc\u016fm a m\u00e1 za sebou start na paralympi\u00e1d\u011b v Riu.<\/p>\n\n\n\n<p>Ale jej\u00ed p\u0159\u00edprava na Tokio se od t\u00e9 na Rio li\u0161ila. \u201eV\u0161echno\nje jinak. M\u00e1me nov\u00e9ho tren\u00e9ra, na p\u0159\u00edprav\u011b se pod\u00edl\u00ed kondi\u010dn\u00ed tren\u00e9r a\nfyzioterapeut, nejsme na jednom m\u00edst\u011b,\u201c popisovala.<\/p>\n\n\n\n<p>\u201eDo Ria jsme se p\u0159ipravovaly dv\u011b, nyn\u00ed n\u00e1s je velk\u00e1 skupina\ntvo\u0159en\u00e1 nejen paralympioniky, ale i zdrav\u00fdmi plavci, kte\u0159\u00ed n\u00e1m d\u011blaj\u00ed sparing.\nDo v\u0161eho zas\u00e1hl covid, ale to u\u017e je obehran\u00e1 p\u00edsni\u010dka,\u201c doplnila Du\u0161kov\u00e1.<\/p>\n\n\n\n<p>A\u010dkoliv je \u010d\u00e1ste\u010dn\u011b upoutan\u00e1 na invalidn\u00edm voz\u00edku, \u00fasp\u011b\u0161n\u011b\nzvl\u00e1d\u00e1 skloubit studium i sport. U p\u0159\u00edle\u017eitosti tokijsk\u00e9 paralympi\u00e1dy si\nVendulu Du\u0161kovou vybral \u010cesk\u00fd paralympijsk\u00fd v\u00fdbor jako jednu z hlavn\u00edch tv\u00e1\u0159\u00ed\nkampan\u011b Jsme p\u0159ipraveni zaz\u00e1\u0159it.<\/p>\n\n\n\n<p>Nakolik se j\u00ed to poda\u0159\u00ed?<\/p>\n\n\n\n<p>Zden\u011bk Soukup<\/p>\n\n\n\n<p>Plze\u0148sk\u00fd den\u00edk<\/p>\n\n\n\n<p><a rel=\"noreferrer noopener\" aria-label=\" (otev\u0159e se na nov\u00e9 z\u00e1lo\u017ece)\" href=\"https:\/\/plzensky.denik.cz\/\" target=\"_blank\">https:\/\/plzensky.denik.cz\/<\/a><\/p>\n","protected":false},"excerpt":{"rendered":"<div class=\"mh-excerpt\"><p>Na XVI. letn\u00edch paralympijsk\u00fdch hr\u00e1ch, kter\u00e9 za\u010d\u00ednaj\u00ed dnes v Tokiu, budou zastoupeni i sportovci z klub\u016f Plze\u0148sk\u00e9ho kraje. V baz\u00e9nu se mezi nejlep\u0161\u00edmi plavkyn\u011bmi sv\u011bta <a class=\"mh-excerpt-more\" href=\"https:\/\/www.invarena.cz\/?p=36538\" title=\"Na paralympi\u00e1d\u011b se p\u0159edstav\u00ed i plavkyn\u011b a stoln\u00ed tenista\">[&#8230;]<\/a><\/p>\n<\/div>","protected":false},"author":1,"featured_media":3373,"comment_status":"open","ping_status":"closed","sticky":false,"template":"","format":"standard","meta":{"footnotes":""},"categories":[9],"tags":[],"class_list":["post-36538","post","type-post","status-publish","format-standard","has-post-thumbnail","hentry","category-zpravy"],"_links":{"self":[{"href":"https:\/\/www.invarena.cz\/index.php?rest_route=\/wp\/v2\/posts\/36538","targetHints":{"allow":["GET"]}}],"collection":[{"href":"https:\/\/www.invarena.cz\/index.php?rest_route=\/wp\/v2\/posts"}],"about":[{"href":"https:\/\/www.invarena.cz\/index.php?rest_route=\/wp\/v2\/types\/post"}],"author":[{"embeddable":true,"href":"https:\/\/www.invarena.cz\/index.php?rest_route=\/wp\/v2\/users\/1"}],"replies":[{"embeddable":true,"href":"https:\/\/www.invarena.cz\/index.php?rest_route=%2Fwp%2Fv2%2Fcomments&post=36538"}],"version-history":[{"count":0,"href":"https:\/\/www.invarena.cz\/index.php?rest_route=\/wp\/v2\/posts\/36538\/revisions"}],"wp:featuredmedia":[{"embeddable":true,"href":"https:\/\/www.invarena.cz\/index.php?rest_route=\/wp\/v2\/media\/3373"}],"wp:attachment":[{"href":"https:\/\/www.invarena.cz\/index.php?rest_route=%2Fwp%2Fv2%2Fmedia&parent=36538"}],"wp:term":[{"taxonomy":"category","embeddable":true,"href":"https:\/\/www.invarena.cz\/index.php?rest_route=%2Fwp%2Fv2%2Fcategories&post=36538"},{"taxonomy":"post_tag","embeddable":true,"href":"https:\/\/www.invarena.cz\/index.php?rest_route=%2Fwp%2Fv2%2Ftags&post=36538"}],"curies":[{"name":"wp","href":"https:\/\/api.w.org\/{rel}","templated":true}]}}