{"id":36541,"date":"2021-08-25T11:36:31","date_gmt":"2021-08-25T09:36:31","guid":{"rendered":"http:\/\/www.invarena.cz\/?p=36541"},"modified":"2021-08-25T11:36:33","modified_gmt":"2021-08-25T09:36:33","slug":"kone-jako-prostredek-lecby-jejich-chuze-kladne-pusobi-na-mozek-mini-kolarikova","status":"publish","type":"post","link":"https:\/\/www.invarena.cz\/?p=36541","title":{"rendered":"Kon\u011b jako prost\u0159edek l\u00e9\u010dby. Jejich ch\u016fze kladn\u011b p\u016fsob\u00ed na mozek, m\u00edn\u00ed Kola\u0159\u00edkov\u00e1"},"content":{"rendered":"\n<p>C\u00edlem hipoterapeutky Veroniky Kola\u0159\u00edkov\u00e9 je zkvalitnit \u017eivot\nposti\u017een\u00fdm d\u011btem a jejich rodin\u00e1m.<\/p>\n\n\n\n<p>Do hipoterapie za\u010dala pronikat u\u017e b\u011bhem vysoko\u0161kolsk\u00e9ho\nstudia, pozd\u011bji si Veronika Kola\u0159\u00edkov\u00e1 dokonce zalo\u017eila vlastn\u00ed spolek\nEquilibro, kter\u00fd dnes s\u00eddl\u00ed na Chloumku u Mlad\u00e9 Boleslavi. Pom\u00e1h\u00e1 d\u011btem s\nlogopedick\u00fdmi vadami, autismem, mozkovou obrnou, genetick\u00fdm syndromem nebo\nr\u016fzn\u00fdmi kombinovan\u00fdmi vadami. \u201eHipoterapii nab\u00edz\u00edme pro d\u011bti od t\u0159\u00ed m\u011bs\u00edc\u016f.\nRodi\u010de s d\u011btmi k n\u00e1m doch\u00e1zej\u00ed bu\u010f 1-2 x t\u00fddn\u011b po dobu n\u011bkolika m\u011bs\u00edc\u016f, nebo v\nr\u00e1mci intenzivn\u00edho programu dvakr\u00e1t denn\u011b n\u011bkolik dn\u00ed vkuse,\u201c prozrazuje.<\/p>\n\n\n\n<p>Terapie trv\u00e1 podle v\u011bku maxim\u00e1ln\u011b dvacet minut. Jak u\u017e n\u00e1zev\nnapov\u00edd\u00e1, jde o druh, jeho\u017e ned\u00edlnou sou\u010d\u00e1st\u00ed jsou kon\u011b \u2013 v tomto p\u0159\u00edpad\u011b\nvalach Rocky a americk\u00fd klus\u00e1k Lojz\u00edk. \u201ePohybov\u00e9 impulsy vznikaj\u00edc\u00ed p\u0159i ko\u0148sk\u00e9\nch\u016fzi kladn\u011b p\u016fsob\u00ed na mozek klienta,\u201c vysv\u011btluje s t\u00edm, \u017ee dal\u0161\u00ed v\u00fdhodou\nko\u0148sk\u00e9ho kroku je cykli\u010dnost, kter\u00e1 je pro t\u011blo p\u0159irozen\u00e1 a vyvol\u00e1v\u00e1 tak\nharmoniza\u010dn\u00ed \u00fa\u010dinky.<\/p>\n\n\n\n<p>Na kon\u011b jsou kladeny velk\u00e9 n\u00e1roky. A to po fyzick\u00e9 i\npsychick\u00e9 str\u00e1nce, aby obst\u00e1li v situac\u00edch, kter\u00e9 pro n\u011b mohou b\u00fdt nep\u0159\u00edjemn\u00e9.\nKvalitn\u00ed terapie tak vy\u017eaduje mnoho \u00fasil\u00ed a nemal\u00e9 finan\u010dn\u00ed prost\u0159edky. \u201eP\u016fl\n\u00favazku v\u011bnuji rehabilitaci, zbytek \u010dasu v\u011bnuji spolku. Je to r\u016fznorod\u00e1 \u010dinnost\nod ukl\u00edzen\u00ed hnoje, p\u00e9\u010di o kon\u011b, krmen\u00ed, tr\u00e9nink a\u017e po objedn\u00e1v\u00e1n\u00ed klient\u016f,\nadministrativu nebo vy\u0159izov\u00e1n\u00ed \u017e\u00e1dost\u00ed o dotace nebo granty,\u201c popisuje\nKola\u0159\u00edkov\u00e1.<\/p>\n\n\n\n<p>Pr\u00e1v\u011b s pomoc\u00ed grant\u016f se da\u0159\u00ed roz\u0161i\u0159ovat nab\u00eddku slu\u017eeb,\np\u0159\u00edpadn\u011b zvelebovat z\u00e1zem\u00ed. Posledn\u00edm d\u016fkazem je vybudov\u00e1n\u00ed p\u0159\u00edst\u0159e\u0161ku. Jednalo\nse o jednu z aktu\u00e1ln\u00edch priorit, proto\u017ee i n\u00e1klady na ust\u00e1jen\u00ed a p\u00e9\u010di jsou\npom\u011brn\u011b vysok\u00e9. T\u00edm sp\u00ed\u0161 v dob\u011b pandemie, kter\u00e1 Equilibro rovn\u011b\u017e zas\u00e1hla.\n\u201eNejen \u017ee jsme nemohli provozovat \u010dinnost, ale nev\u011bd\u011bli jsme, jak dlouho to\nbude trvat. Pro n\u00e1s ne\u0161lo o zodpov\u011bdnost za n\u00e1\u0161 \u017eivot, ale p\u0159e\u017eit\u00ed na\u0161ich kon\u00ed.\nI p\u0159i pandemii maj\u00ed kon\u011b hlad a je nutn\u00e9 o n\u011b pe\u010dovat,\u201c \u0159\u00edk\u00e1 \u0161\u00e9fka.<\/p>\n\n\n\n<p>Pomocnou ruku na\u0161t\u011bst\u00ed podal Nada\u010dn\u00ed fond \u0160koda Auto, kter\u00fd\nv\u00fdstavbu p\u0159\u00edst\u0159e\u0161ku podpo\u0159il v r\u00e1mci sv\u00e9 grantov\u00e9 v\u00fdzvy Pohybem pro dobrou v\u011bc.\n\u201eV\u00fdstavbu p\u0159\u00edst\u0159e\u0161ku vlastn\u011b podpo\u0159ili v\u0161ichni Mladoboleslavan\u00e9, kte\u0159\u00ed se\nzapojili do na\u0161\u00ed grantov\u00e9 v\u00fdzvy Pohybem pro dobrou v\u011bc. Ka\u017ed\u00fd jejich kilometr\nzdolan\u00fd ch\u016fz\u00ed nebo b\u011bhem jsme v nada\u010dn\u00edm fondu prom\u011bnili na dv\u011b koruny,\u201c\nvysv\u011btluje \u0159editel fondu Ladislav Ku\u010dera. \u201eEquilibro pat\u0159\u00ed mezi prvn\u00ed t\u0159i\norganizace, kter\u00e9 u\u017e z\u00edskaly finan\u010dn\u00ed p\u0159\u00edsp\u011bvek na sv\u00e9 p\u0159ihl\u00e1\u0161en\u00e9 projekty v\nr\u00e1mci t\u00e9to grantov\u00e9 v\u00fdzvy.\u201c<\/p>\n\n\n\n<p>Na podporu je\u0161t\u011b st\u00e1le \u010dek\u00e1 dal\u0161\u00edch sedm projekt\u016f, zapojit se do sportovn\u00ed v\u00fdzvy je mo\u017en\u00e9 a\u017e do 30. listopadu 2021.<\/p>\n\n\n\n<p>den\u00edk.cz<\/p>\n\n\n\n<p><a rel=\"noreferrer noopener\" aria-label=\" (otev\u0159e se na nov\u00e9 z\u00e1lo\u017ece)\" href=\"https:\/\/pr.denik.cz\/\" target=\"_blank\">https:\/\/pr.denik.cz\/<\/a><\/p>\n","protected":false},"excerpt":{"rendered":"<div class=\"mh-excerpt\"><p>C\u00edlem hipoterapeutky Veroniky Kola\u0159\u00edkov\u00e9 je zkvalitnit \u017eivot posti\u017een\u00fdm d\u011btem a jejich rodin\u00e1m. Do hipoterapie za\u010dala pronikat u\u017e b\u011bhem vysoko\u0161kolsk\u00e9ho studia, pozd\u011bji si Veronika Kola\u0159\u00edkov\u00e1 dokonce <a class=\"mh-excerpt-more\" href=\"https:\/\/www.invarena.cz\/?p=36541\" title=\"Kon\u011b jako prost\u0159edek l\u00e9\u010dby. Jejich ch\u016fze kladn\u011b p\u016fsob\u00ed na mozek, m\u00edn\u00ed Kola\u0159\u00edkov\u00e1\">[&#8230;]<\/a><\/p>\n<\/div>","protected":false},"author":1,"featured_media":2417,"comment_status":"open","ping_status":"closed","sticky":false,"template":"","format":"standard","meta":{"footnotes":""},"categories":[9],"tags":[],"class_list":["post-36541","post","type-post","status-publish","format-standard","has-post-thumbnail","hentry","category-zpravy"],"_links":{"self":[{"href":"https:\/\/www.invarena.cz\/index.php?rest_route=\/wp\/v2\/posts\/36541","targetHints":{"allow":["GET"]}}],"collection":[{"href":"https:\/\/www.invarena.cz\/index.php?rest_route=\/wp\/v2\/posts"}],"about":[{"href":"https:\/\/www.invarena.cz\/index.php?rest_route=\/wp\/v2\/types\/post"}],"author":[{"embeddable":true,"href":"https:\/\/www.invarena.cz\/index.php?rest_route=\/wp\/v2\/users\/1"}],"replies":[{"embeddable":true,"href":"https:\/\/www.invarena.cz\/index.php?rest_route=%2Fwp%2Fv2%2Fcomments&post=36541"}],"version-history":[{"count":0,"href":"https:\/\/www.invarena.cz\/index.php?rest_route=\/wp\/v2\/posts\/36541\/revisions"}],"wp:featuredmedia":[{"embeddable":true,"href":"https:\/\/www.invarena.cz\/index.php?rest_route=\/wp\/v2\/media\/2417"}],"wp:attachment":[{"href":"https:\/\/www.invarena.cz\/index.php?rest_route=%2Fwp%2Fv2%2Fmedia&parent=36541"}],"wp:term":[{"taxonomy":"category","embeddable":true,"href":"https:\/\/www.invarena.cz\/index.php?rest_route=%2Fwp%2Fv2%2Fcategories&post=36541"},{"taxonomy":"post_tag","embeddable":true,"href":"https:\/\/www.invarena.cz\/index.php?rest_route=%2Fwp%2Fv2%2Ftags&post=36541"}],"curies":[{"name":"wp","href":"https:\/\/api.w.org\/{rel}","templated":true}]}}