{"id":36556,"date":"2021-08-31T19:41:14","date_gmt":"2021-08-31T17:41:14","guid":{"rendered":"http:\/\/www.invarena.cz\/?p=36556"},"modified":"2021-08-31T19:41:16","modified_gmt":"2021-08-31T17:41:16","slug":"na-nocni-beh-pro-svetlusku-se-sjeli-lide-z-sirokeho-okoli","status":"publish","type":"post","link":"https:\/\/www.invarena.cz\/?p=36556","title":{"rendered":"Na no\u010dn\u00ed b\u011bh pro Sv\u011btlu\u0161ku se sjeli lid\u00e9 z \u0161irok\u00e9ho okol\u00ed"},"content":{"rendered":"\n<p>Jubilejn\u00ed des\u00e1t\u00fd No\u010dn\u00ed b\u011bh pro Sv\u011btlu\u0161ku se konal v pond\u011bl\u00ed\nve\u010der v plze\u0148sk\u00e9m DEPU. Na start se postavili jak b\u011b\u017eci, tak i chodci. Ne\u0161lo o\nv\u00fdsledn\u00e9 \u010dasy, n\u00fdbr\u017e o pomoc zrakov\u011b posti\u017een\u00fdm.<\/p>\n\n\n\n<p>Na m\u00edst\u011b byl doprovodn\u00fd program, rozcvi\u010dka, ale tak\u00e9 \u0159ada\nsponzor\u016f a prezentac\u00ed. Z Kl\u00e1\u0161terce nad Oh\u0159\u00ed p\u0159ijela i Michaela Havl\u00ed\u010dkov\u00e1,\nkter\u00e1 v Plzni b\u011b\u017eela u\u017e n\u011bkolikr\u00e1t. \u201eR\u00e1da tyto charitativn\u00ed b\u011bhy podporuji, a\nto nejenom Sv\u011btlu\u0161ku. Zdej\u0161\u00ed trasa mi vyhovuje, b\u011b\u017eela jsem na pohodu, p\u016fvodn\u011b\njsem cht\u011bla jedno kolo, tedy t\u0159i kilometry, ale pak jsem se n\u011bjak rozb\u011bhala a\ndala i druh\u00e9 kolo. Po\u0159adatel\u016fm moc d\u011bkuji za kr\u00e1snou sportovn\u00ed akci,\u201c uvedla\nb\u011b\u017ekyn\u011b z Kl\u00e1\u0161terce nad Oh\u0159\u00ed.<\/p>\n\n\n\n<p>Z Kladrub p\u0159ijela cel\u00e1 parta \u017een. \u201eJsme \u010dty\u0159i a vzaly jsme\nto jako ve\u010dern\u00ed proch\u00e1zku. Moc jsme si to u\u017eily, skv\u011bl\u00fd program, ochutnaly jsme\nr\u016fzn\u00e9 mo\u0161ty, vyzkou\u0161ely si na\u0161i pozornost u chyt\u00e1n\u00ed blikaj\u00edc\u00edch sv\u011bt\u00fdlek. Byla\ni skv\u011bl\u00e1 rozcvi\u010dka, a celkov\u011b ten b\u011bh s \u010delovkami byl moc p\u011bkn\u00fd, m\u011blo to n\u00e1dhernou\natmosf\u00e9ru. Moc oce\u0148ujeme pomoc druh\u00fdm a p\u0159\u00ed\u0161t\u011b p\u0159ijedeme zase,\u201c uvedla za\nkladrubskou pos\u00e1dku \u017een Eva Pomyjov\u00e1.<\/p>\n\n\n\n<p>Martina Sihelsk\u00e1<\/p>\n\n\n\n<p>Tachovsk\u00fd den\u00edk<\/p>\n\n\n\n<p><a rel=\"noreferrer noopener\" aria-label=\" (otev\u0159e se na nov\u00e9 z\u00e1lo\u017ece)\" href=\"https:\/\/tachovsky.denik.cz\/\" target=\"_blank\">https:\/\/tachovsky.denik.cz\/<\/a><\/p>\n","protected":false},"excerpt":{"rendered":"<div class=\"mh-excerpt\"><p>Jubilejn\u00ed des\u00e1t\u00fd No\u010dn\u00ed b\u011bh pro Sv\u011btlu\u0161ku se konal v pond\u011bl\u00ed ve\u010der v plze\u0148sk\u00e9m DEPU. Na start se postavili jak b\u011b\u017eci, tak i chodci. Ne\u0161lo o <a class=\"mh-excerpt-more\" href=\"https:\/\/www.invarena.cz\/?p=36556\" title=\"Na no\u010dn\u00ed b\u011bh pro Sv\u011btlu\u0161ku se sjeli lid\u00e9 z \u0161irok\u00e9ho okol\u00ed\">[&#8230;]<\/a><\/p>\n<\/div>","protected":false},"author":1,"featured_media":3929,"comment_status":"open","ping_status":"closed","sticky":false,"template":"","format":"standard","meta":{"footnotes":""},"categories":[9],"tags":[],"class_list":["post-36556","post","type-post","status-publish","format-standard","has-post-thumbnail","hentry","category-zpravy"],"_links":{"self":[{"href":"https:\/\/www.invarena.cz\/index.php?rest_route=\/wp\/v2\/posts\/36556","targetHints":{"allow":["GET"]}}],"collection":[{"href":"https:\/\/www.invarena.cz\/index.php?rest_route=\/wp\/v2\/posts"}],"about":[{"href":"https:\/\/www.invarena.cz\/index.php?rest_route=\/wp\/v2\/types\/post"}],"author":[{"embeddable":true,"href":"https:\/\/www.invarena.cz\/index.php?rest_route=\/wp\/v2\/users\/1"}],"replies":[{"embeddable":true,"href":"https:\/\/www.invarena.cz\/index.php?rest_route=%2Fwp%2Fv2%2Fcomments&post=36556"}],"version-history":[{"count":0,"href":"https:\/\/www.invarena.cz\/index.php?rest_route=\/wp\/v2\/posts\/36556\/revisions"}],"wp:featuredmedia":[{"embeddable":true,"href":"https:\/\/www.invarena.cz\/index.php?rest_route=\/wp\/v2\/media\/3929"}],"wp:attachment":[{"href":"https:\/\/www.invarena.cz\/index.php?rest_route=%2Fwp%2Fv2%2Fmedia&parent=36556"}],"wp:term":[{"taxonomy":"category","embeddable":true,"href":"https:\/\/www.invarena.cz\/index.php?rest_route=%2Fwp%2Fv2%2Fcategories&post=36556"},{"taxonomy":"post_tag","embeddable":true,"href":"https:\/\/www.invarena.cz\/index.php?rest_route=%2Fwp%2Fv2%2Ftags&post=36556"}],"curies":[{"name":"wp","href":"https:\/\/api.w.org\/{rel}","templated":true}]}}