{"id":36559,"date":"2021-08-31T19:45:25","date_gmt":"2021-08-31T17:45:25","guid":{"rendered":"http:\/\/www.invarena.cz\/?p=36559"},"modified":"2021-08-31T19:45:27","modified_gmt":"2021-08-31T17:45:27","slug":"cesi-maji-na-paralympijskych-hrach-v-tokiu-jiste-dalsi-dve-medaile","status":"publish","type":"post","link":"https:\/\/www.invarena.cz\/?p=36559","title":{"rendered":"\u010ce\u0161i maj\u00ed na paralympijsk\u00fdch hr\u00e1ch v Tokiu jist\u00e9 dal\u0161\u00ed dv\u011b medaile"},"content":{"rendered":"\n<p>\u010cesk\u00e1 v\u00fdprava na paralympijsk\u00fdch hr\u00e1ch v Tokiu m\u00e1 jistotu zisku dal\u0161\u00edch dvou medail\u00ed. Zaslou\u017eili se o to Adam Pe\u0161ka, jen\u017e postoupil do fin\u00e1le turnaje v boccii, a stoln\u00ed tenist\u00e9 Ji\u0159\u00ed Such\u00e1nek s Petrem Svato\u0161em, kte\u0159\u00ed se probojovali do semifin\u00e1le sout\u011b\u017ee t\u00fdm\u016f a budou br\u00e1t nejh\u016f\u0159 bronz.<\/p>\n\n\n\n<p>Cel\u00fd \u010dl\u00e1nek naleznete na idne.cz: <a href=\"https:\/\/www.idnes.cz\/oh\/paralympijske-hry\/tokio-boccia-finale-adam-peska.A210831_125252_paralympiada_ten\" target=\"_blank\" rel=\"noreferrer noopener\" aria-label=\" (otev\u0159e se na nov\u00e9 z\u00e1lo\u017ece)\">https:\/\/www.idnes.cz\/oh\/paralympijske-hry\/tokio-boccia-finale-adam-peska.A210831_125252_paralympiada_ten<\/a><\/p>\n","protected":false},"excerpt":{"rendered":"<div class=\"mh-excerpt\"><p>\u010cesk\u00e1 v\u00fdprava na paralympijsk\u00fdch hr\u00e1ch v Tokiu m\u00e1 jistotu zisku dal\u0161\u00edch dvou medail\u00ed. Zaslou\u017eili se o to Adam Pe\u0161ka, jen\u017e postoupil do fin\u00e1le turnaje v <a class=\"mh-excerpt-more\" href=\"https:\/\/www.invarena.cz\/?p=36559\" title=\"\u010ce\u0161i maj\u00ed na paralympijsk\u00fdch hr\u00e1ch v Tokiu jist\u00e9 dal\u0161\u00ed dv\u011b medaile\">[&#8230;]<\/a><\/p>\n<\/div>","protected":false},"author":1,"featured_media":11068,"comment_status":"open","ping_status":"closed","sticky":false,"template":"","format":"standard","meta":{"footnotes":""},"categories":[9],"tags":[],"class_list":["post-36559","post","type-post","status-publish","format-standard","has-post-thumbnail","hentry","category-zpravy"],"_links":{"self":[{"href":"https:\/\/www.invarena.cz\/index.php?rest_route=\/wp\/v2\/posts\/36559","targetHints":{"allow":["GET"]}}],"collection":[{"href":"https:\/\/www.invarena.cz\/index.php?rest_route=\/wp\/v2\/posts"}],"about":[{"href":"https:\/\/www.invarena.cz\/index.php?rest_route=\/wp\/v2\/types\/post"}],"author":[{"embeddable":true,"href":"https:\/\/www.invarena.cz\/index.php?rest_route=\/wp\/v2\/users\/1"}],"replies":[{"embeddable":true,"href":"https:\/\/www.invarena.cz\/index.php?rest_route=%2Fwp%2Fv2%2Fcomments&post=36559"}],"version-history":[{"count":0,"href":"https:\/\/www.invarena.cz\/index.php?rest_route=\/wp\/v2\/posts\/36559\/revisions"}],"wp:featuredmedia":[{"embeddable":true,"href":"https:\/\/www.invarena.cz\/index.php?rest_route=\/wp\/v2\/media\/11068"}],"wp:attachment":[{"href":"https:\/\/www.invarena.cz\/index.php?rest_route=%2Fwp%2Fv2%2Fmedia&parent=36559"}],"wp:term":[{"taxonomy":"category","embeddable":true,"href":"https:\/\/www.invarena.cz\/index.php?rest_route=%2Fwp%2Fv2%2Fcategories&post=36559"},{"taxonomy":"post_tag","embeddable":true,"href":"https:\/\/www.invarena.cz\/index.php?rest_route=%2Fwp%2Fv2%2Ftags&post=36559"}],"curies":[{"name":"wp","href":"https:\/\/api.w.org\/{rel}","templated":true}]}}