{"id":36567,"date":"2021-09-05T12:38:45","date_gmt":"2021-09-05T10:38:45","guid":{"rendered":"http:\/\/www.invarena.cz\/?p=36567"},"modified":"2021-09-05T12:38:46","modified_gmt":"2021-09-05T10:38:46","slug":"zmena-zdravotnich-vychazek","status":"publish","type":"post","link":"https:\/\/www.invarena.cz\/?p=36567","title":{"rendered":"Zm\u011bna zdravotn\u00edch vych\u00e1zek"},"content":{"rendered":"\n<p>\n\nDotaz:<\/p>\n\n\n\n<p>M\u00e1m onkologick\u00e9 pot\u00ed\u017ee a jsem v pracovn\u00ed neschopnosti. M\u00e1m od l\u00e9ka\u0159e<br>p\u0159edepsan\u00e9 vych\u00e1zky, kter\u00e9 v\u0161ak obt\u00ed\u017en\u011b dodr\u017euji, nebo\u0165 se m\u016fj zdravotn\u00ed<br>stav m\u011bn\u00ed ze dne na den a z tohoto d\u016fvodu si mus\u00edm nap\u0159\u00edklad nakupovat<br>jen tehdy, kdy se c\u00edt\u00edm dob\u0159e. M\u016f\u017ee mi naspat m\u016fj l\u00e9ka\u0159 vych\u00e1zky bez<br>\u010dasov\u00e9ho omezen\u00ed?<\/p>\n\n\n\n<p>Odpov\u011b\u010f:<\/p>\n\n\n\n<p>Pokud V\u00e1m nevyhovuje rozsah p\u0159edepsan\u00fdch vych\u00e1zek, m\u016f\u017eete se pokusit se<br>sv\u00fdm l\u00e9ka\u0159em dohodnout na jejich zm\u011bn\u011b. Vych\u00e1zky bez \u010dasov\u00e9ho omezen\u00ed<br>V\u00e1m m\u016f\u017ee V\u00e1\u0161 o\u0161et\u0159uj\u00edc\u00ed l\u00e9ka\u0159 p\u0159edepsat pouze tehdy, \u017ee s t\u00edm bude<br>souhlasit okresn\u00ed spr\u00e1va soci\u00e1ln\u00edho zabezpe\u010den\u00ed. V\u00e1\u0161 o\u0161et\u0159uj\u00edc\u00ed l\u00e9ka\u0159 by<br>musel okresn\u00ed spr\u00e1vu soci\u00e1ln\u00edho zabezpe\u010den\u00ed po\u017e\u00e1dat o souhlas s<br>povolen\u00edm vych\u00e1zek bez \u010dasov\u00e9ho omezen\u00ed. Do \u017e\u00e1dosti by musel uv\u00e9st, z<br>jak\u00fdch d\u016fvod\u016f navrhuje povolit vych\u00e1zky bez \u010dasov\u00e9ho omezen\u00ed. M\u011blo by se jednat o d\u016fvody zdravotn\u00edho charakteru.<\/p>\n\n\n\n<p>admin <\/p>\n","protected":false},"excerpt":{"rendered":"<div class=\"mh-excerpt\"><p>Dotaz: M\u00e1m onkologick\u00e9 pot\u00ed\u017ee a jsem v pracovn\u00ed neschopnosti. M\u00e1m od l\u00e9ka\u0159ep\u0159edepsan\u00e9 vych\u00e1zky, kter\u00e9 v\u0161ak obt\u00ed\u017en\u011b dodr\u017euji, nebo\u0165 se m\u016fj zdravotn\u00edstav m\u011bn\u00ed ze dne na <a class=\"mh-excerpt-more\" href=\"https:\/\/www.invarena.cz\/?p=36567\" title=\"Zm\u011bna zdravotn\u00edch vych\u00e1zek\">[&#8230;]<\/a><\/p>\n<\/div>","protected":false},"author":1,"featured_media":16470,"comment_status":"open","ping_status":"closed","sticky":false,"template":"","format":"standard","meta":{"footnotes":""},"categories":[18],"tags":[],"class_list":["post-36567","post","type-post","status-publish","format-standard","has-post-thumbnail","hentry","category-poradna"],"_links":{"self":[{"href":"https:\/\/www.invarena.cz\/index.php?rest_route=\/wp\/v2\/posts\/36567","targetHints":{"allow":["GET"]}}],"collection":[{"href":"https:\/\/www.invarena.cz\/index.php?rest_route=\/wp\/v2\/posts"}],"about":[{"href":"https:\/\/www.invarena.cz\/index.php?rest_route=\/wp\/v2\/types\/post"}],"author":[{"embeddable":true,"href":"https:\/\/www.invarena.cz\/index.php?rest_route=\/wp\/v2\/users\/1"}],"replies":[{"embeddable":true,"href":"https:\/\/www.invarena.cz\/index.php?rest_route=%2Fwp%2Fv2%2Fcomments&post=36567"}],"version-history":[{"count":0,"href":"https:\/\/www.invarena.cz\/index.php?rest_route=\/wp\/v2\/posts\/36567\/revisions"}],"wp:featuredmedia":[{"embeddable":true,"href":"https:\/\/www.invarena.cz\/index.php?rest_route=\/wp\/v2\/media\/16470"}],"wp:attachment":[{"href":"https:\/\/www.invarena.cz\/index.php?rest_route=%2Fwp%2Fv2%2Fmedia&parent=36567"}],"wp:term":[{"taxonomy":"category","embeddable":true,"href":"https:\/\/www.invarena.cz\/index.php?rest_route=%2Fwp%2Fv2%2Fcategories&post=36567"},{"taxonomy":"post_tag","embeddable":true,"href":"https:\/\/www.invarena.cz\/index.php?rest_route=%2Fwp%2Fv2%2Ftags&post=36567"}],"curies":[{"name":"wp","href":"https:\/\/api.w.org\/{rel}","templated":true}]}}