{"id":36575,"date":"2021-09-07T15:47:53","date_gmt":"2021-09-07T13:47:53","guid":{"rendered":"http:\/\/www.invarena.cz\/?p=36575"},"modified":"2021-09-07T15:47:55","modified_gmt":"2021-09-07T13:47:55","slug":"slunce-sviti-detem-ve-stochovske-skole-uz-30-let-pasku-prestrihla-olga-havlova","status":"publish","type":"post","link":"https:\/\/www.invarena.cz\/?p=36575","title":{"rendered":"Slunce sv\u00edt\u00ed d\u011btem ve stochovsk\u00e9 \u0161kole u\u017e 30 let. P\u00e1sku p\u0159est\u0159ihla Olga Havlov\u00e1"},"content":{"rendered":"\n<p>I p\u0159esto, \u017ee byla ned\u011ble, zasedly ve stochovsk\u00e9 \u0161kole Slunce\nd\u011bti do \u0161koln\u00edch lavic. Psalo se 1. z\u00e1\u0159\u00ed 1991 a soukrom\u00e1 speci\u00e1ln\u00ed \u0161kola Slunce zah\u00e1jila\nsv\u016fj provoz jako prvn\u00ed soukrom\u00e9 vzd\u011bl\u00e1vac\u00ed za\u0159\u00edzen\u00ed pro d\u011bti s hendikepem v\n\u010cesk\u00e9 republice.<\/p>\n\n\n\n<p>Za my\u0161lenkou zalo\u017eit \u0161kolu st\u00e1la touha rodi\u010d\u016f po vzd\u011bl\u00e1n\u00ed\nsv\u00fdch t\u011b\u017ece hendikepovan\u00fdch d\u011bt\u00ed. Rodi\u010de se Spole\u010dnost\u00ed pro podporu lid\u00ed s\nment\u00e1ln\u00edm posti\u017een\u00edm (SPMP), V\u00fdborem dobr\u00e9 v\u016fle Olgy Havlov\u00e9 a p\u0159edev\u0161\u00edm\nman\u017eeli Blankou a Jaroslavem Dvo\u0159\u00e1kov\u00fdmi uskute\u010dnili \u0159adu intenzivn\u00edch jedn\u00e1n\u00ed\njak s m\u011bsty o pron\u00e1jmu budovy, tak s mnoha odborn\u00edky.<\/p>\n\n\n\n<p>\u201eV devades\u00e1t\u00fdch letech nebyla spole\u010dnost k za\u010dle\u0148ov\u00e1n\u00ed\nhendikepovan\u00fdch p\u0159\u00edli\u0161 naklon\u011bn\u00e1. U m\u011bst a obc\u00ed jsme nenach\u00e1zeli pochopen\u00ed k\nna\u0161\u00ed my\u0161lence \u0161koly pro posti\u017een\u00e9 d\u011bti a st\u00e1lo n\u00e1s velik\u00e9 \u00fasil\u00ed naj\u00edt budovu.\nA\u017e osv\u00edcenost p\u0159edstavitel\u016f m\u011bsta Stochov pod veden\u00edm tehdej\u0161\u00edho starosty pana\nJi\u0159\u00edho Slav\u00edka, d\u016fv\u011bra v n\u00e1s a n\u00e1klonnost k nov\u00fdm my\u0161lenk\u00e1m vedly k tomu, \u017ee\nn\u00e1m M\u011bsto Stochov pronajalo budovu za symbolickou cenu,\u201c vzpom\u00edn\u00e1 Blanka\nDvo\u0159\u00e1kov\u00e1. T\u00edm byly polo\u017eeny z\u00e1klady k dlouhodob\u00e9 spolupr\u00e1ci Slunce a Stochova,\nkter\u00e1 trv\u00e1 dosud.<\/p>\n\n\n\n<p>\u201eOd samotn\u00e9ho po\u010d\u00e1tku jsme m\u011bli mo\u017enost op\u0159\u00edt se o\nzku\u0161enosti mnoha odborn\u00edk\u016f, za v\u0161echny jmenuji zejm\u00e9na pan\u00ed docentku Marii\n\u010cernou, profesora Zde\u0148ka Mat\u011bj\u010dka, profesora Franti\u0161ka K\u00e1bele \u010di l\u00e9ka\u0159ku V\u011bru\nUrb\u00e1nkovou,\u201c p\u0159ipom\u00edn\u00e1 Blanka Dvo\u0159\u00e1kov\u00e1.<\/p>\n\n\n\n<p>My\u0161lenka \u0161koly pro hendikepovan\u00e9 d\u011bti se l\u00edbila i osobnostem\nve\u0159ejn\u00e9ho \u017eivota a na\u0161la podporu u Ladislava Smoljaka, Hany He\u0159m\u00e1nkov\u00e9, Josefa\nFouska a tak\u00e9 Olgy Havlov\u00e9, man\u017eelky prezidenta V\u00e1clava Havla. \u201eInspiraci jsme\nhledali spole\u010dn\u011b i v zahrani\u010d\u00ed, a to p\u0159edev\u0161\u00edm ve sp\u0159\u00e1telen\u00e9m za\u0159\u00edzen\u00ed z Reme\u0161e\nve Francii, kter\u00e9 n\u011bkolikr\u00e1t nav\u0161t\u00edvili a oni n\u00e1s,\u201c zmi\u0148uje Dvo\u0159\u00e1kov\u00e1.<\/p>\n\n\n\n<p>Pr\u00e1v\u011b z Reme\u0161e jim do za\u010d\u00e1tk\u016f v\u011bnovali pot\u0159ebn\u00e9 pom\u016fcky.\nJin\u00e9 si vyr\u00e1b\u011bli takzvan\u011b na koleni.<\/p>\n\n\n\n<p>P\u0159i slavnostn\u00edm zah\u00e1jen\u00ed nechyb\u011bla Olga Havlov\u00e1<\/p>\n\n\n\n<p>P\u00e1sku nov\u00e9 \u0161koly p\u0159est\u0159ihla p\u0159i slavnostn\u00edm zah\u00e1jen\u00ed Olga\nHavlov\u00e1, podpo\u0159it Slunce p\u0159ijeli tehdej\u0161\u00ed minist\u0159i zdravotnictv\u00ed Martin Bojar a\n\u0161kolstv\u00ed Petr Vop\u011bnka.<\/p>\n\n\n\n<p>\u0160kola tehdy za\u010d\u00ednala s 26 \u017e\u00e1ky a od po\u010d\u00e1tku se sna\u017eila\nintegrovat t\u011b\u017ece posti\u017een\u00e9 d\u011bti. Nad r\u00e1mec \u0161koly se hledaly dal\u0161\u00ed mo\u017enosti p\u00e9\u010de\na odleh\u010den\u00ed rodi\u010d\u016fm. Za t\u0159icet let u\u0161la \u0161kola obrovsk\u00fd kus cesty.<\/p>\n\n\n\n<p>V roce 1992 zah\u00e1jila provoz z\u00e1kladn\u00ed a navazuj\u00edc\u00ed praktick\u00e1\n\u0161kola v Unho\u0161ti. Dal\u0161\u00ed roky byly otev\u0159eny mate\u0159inky v Ky\u0161ic\u00edch a v Horn\u00edm\nBezd\u011bkov\u011b. Dnes do \u0161koln\u00edch lavic zased\u00e1 na 70 \u017e\u00e1k\u016f se zdravotn\u00edm posti\u017een\u00edm,\nmnoz\u00ed jsou t\u011b\u017ece hendikepovan\u00ed. I t\u011bm \u0161kola poskytuje maxim\u00e1ln\u00ed p\u00e9\u010di a\nvzd\u011bl\u00e1n\u00ed.<\/p>\n\n\n\n<p>Blanka Dvo\u0159\u00e1kov\u00e1 st\u00e1la v \u010dele \u0161koly dlouh\u00fdch 26 let. Se sv\u00fdm\nneuv\u011b\u0159iteln\u00fdm entuziasmem, z\u00e1jmem, c\u00edlev\u011bdomost\u00ed a skv\u011bl\u00fdmi lidmi kolem sebe\ndok\u00e1zala vybudovat profesion\u00e1ln\u00ed a p\u0159esto rodinn\u00e9 prost\u0159ed\u00ed, ve kter\u00e9m se d\u011bti\nc\u00edt\u00ed dob\u0159e a dost\u00e1v\u00e1 se jim kvalitn\u00edho vzd\u011bl\u00e1n\u00ed s individu\u00e1ln\u00edm a citliv\u00fdm\np\u0159\u00edstupem.<\/p>\n\n\n\n<p>Tak\u00e9 dnes, kdy \u0161kolu ji\u017e n\u011bkolik let vede Jakub Dvo\u0159\u00e1k, syn\nBlanky, \u0161kola nepolevuje v inkluzi \u017e\u00e1k\u016f s hendikepem do spole\u010dnosti, poskytuje\njim takov\u00e9 dovednosti a n\u00e1vyky, aby se v maxim\u00e1ln\u00ed mo\u017en\u00e9 m\u00ed\u0159e vzhledem ke sv\u00e9mu\nposti\u017een\u00ed byli schopni zapojit do b\u011b\u017en\u00e9ho \u017eivota.<\/p>\n\n\n\n<p>Mnoho b\u00fdval\u00fdch \u017e\u00e1k\u016f \u0161koly na\u0161lo uplatn\u011bn\u00ed v Centru slu\u017eeb\nSlunce v\u0161em v Unho\u0161ti, kter\u00e9 je tak\u00e9 po\u010dinem lid\u00ed kolem Blanky Dvo\u0159\u00e1kov\u00e9 a\nstalo se logick\u00fdm vy\u00fast\u011bn\u00edm pot\u0159eb hendikepovan\u00fdch lid\u00ed. Nab\u00edz\u00ed nejen soci\u00e1ln\u00ed\nslu\u017eby, chr\u00e1n\u011bn\u00e9 bydlen\u00ed, soci\u00e1ln\u011b terapeutickou d\u00edlnu, ale tak\u00e9 chr\u00e1n\u011bn\u00e9\nzam\u011bstn\u00e1n\u00ed.<\/p>\n\n\n\n<p>Za v\u0161echny shrnuje sv\u016fj \u017eivot se Sluncem Jan \u0160l\u00e9gr: \u201eNejprve\njsem nav\u0161t\u011bvoval \u0161kolu p\u0159i Jedli\u010dkov\u011b \u00fastavu v Praze, kde jsem potkal Blanku\nDvo\u0159\u00e1kovou a tak jsem po otev\u0159en\u00ed stochovsk\u00e9 \u0161koly p\u0159estoupil tam. Vychodil\njsem z\u00e1kladn\u00ed a praktickou \u0161kolu a nyn\u00ed jsem zam\u011bstnan\u00fd na chr\u00e1n\u011bn\u00e9m pracovn\u00edm\nm\u00edst\u011b v Centru slu\u017eeb Slunce v\u0161em, kde se star\u00e1m o \u00faklid a zahradu. Bydl\u00edm ve\nslune\u010dn\u00edm chr\u00e1n\u011bn\u00e9m byt\u011b ve Stochov\u011b a ve Slunci jsem na\u0161el svou druhou rodinu\na spoustu kamar\u00e1d\u016f. Neb\u00fdt mo\u017enost\u00ed, kter\u00e9 Slunce sv\u00fdm klient\u016fm poskytuje,\nnemohl bych \u017e\u00edt tak samostatn\u00fd \u017eivot, kter\u00fd se sv\u00fdm posti\u017een\u00edm \u017eiji.\u201c<\/p>\n\n\n\n<p>Slunce a z\u00e1\u0159ijov\u00e9 akce<\/p>\n\n\n\n<p>Slunce je soukrom\u00e9 za\u0159\u00edzen\u00ed a svou \u010dinnost \u010d\u00e1ste\u010dn\u011b\ndofinancov\u00e1v\u00e1 z v\u00fdt\u011b\u017ek\u016f charitativn\u00edch akc\u00ed, kter\u00fdch se m\u016f\u017eete z\u00fa\u010dastnit i Vy a\npodpo\u0159it tak n\u011bco, co m\u00e1 smysl.<\/p>\n\n\n\n<p>V prvn\u00ed polovin\u011b z\u00e1\u0159\u00ed Slunce po\u0159\u00e1d\u00e1 t\u0159i velk\u00e9 akce. Krom\u011b\noslavy 30. v\u00fdro\u010d\u00ed zalo\u017een\u00ed \u2013 oslavu p\u0159\u00edmo ve \u0161kole Slunce ve Stochov\u011b, kter\u00e1 se\nkonala uplynul\u00fd p\u00e1tek 3. z\u00e1\u0159\u00ed, Charitativn\u00ed koncert pro Slunce v pra\u017esk\u00e9m\nObecn\u00edm dom\u011b konan\u00fd 7. z\u00e1\u0159\u00ed od 19 hodin a Den se Sluncem v Are\u00e1lu Botanika v\nHorn\u00edm Bezd\u011bkov\u011b, kter\u00fd prob\u011bhne v p\u00e1tek 10. z\u00e1\u0159\u00ed.<\/p>\n\n\n\n<p>Koupit si m\u016f\u017eete tak\u00e9 charitativn\u00ed kalend\u00e1\u0159, \u010di si zaj\u00edt do\nkav\u00e1rny Slunce na k\u00e1vu a dort s l\u00e1skou pe\u010den\u00fd ve cvi\u010dn\u00e9 pek\u00e1rn\u011b, kterou Slunce\nprovozuje.<\/p>\n\n\n\n<p>Za 30 let se Slunce stalo zaveden\u00fdm a vysoce profesion\u00e1ln\u00edm\nseskupen\u00edm modern\u00edch a propojen\u00fdch slu\u017eeb, provoz\u016f a organizac\u00ed, kter\u00e9 pom\u00e1haj\u00ed\nzejm\u00e9na d\u011btem a dosp\u011bl\u00e1k\u016fm se speci\u00e1ln\u00edmi pot\u0159ebami b\u00fdt plnohodnotn\u00fdmi \u010dleny\nkomunity a \u017e\u00edt spokojen\u00fd \u017eivot.<\/p>\n\n\n\n<p>Kate\u0159ina Ni\u010d Hus\u00e1rov\u00e1<\/p>\n\n\n\n<p>Kladensk\u00fd den\u00edk<\/p>\n\n\n\n<p><a rel=\"noreferrer noopener\" aria-label=\" (otev\u0159e se na nov\u00e9 z\u00e1lo\u017ece)\" href=\"https:\/\/kladensky.denik.cz\/\" target=\"_blank\">https:\/\/kladensky.denik.cz\/<\/a><\/p>\n","protected":false},"excerpt":{"rendered":"<div class=\"mh-excerpt\"><p>I p\u0159esto, \u017ee byla ned\u011ble, zasedly ve stochovsk\u00e9 \u0161kole Slunce d\u011bti do \u0161koln\u00edch lavic. Psalo se 1. z\u00e1\u0159\u00ed 1991 a soukrom\u00e1 speci\u00e1ln\u00ed \u0161kola Slunce zah\u00e1jila <a class=\"mh-excerpt-more\" href=\"https:\/\/www.invarena.cz\/?p=36575\" title=\"Slunce sv\u00edt\u00ed d\u011btem ve stochovsk\u00e9 \u0161kole u\u017e 30 let. P\u00e1sku p\u0159est\u0159ihla Olga Havlov\u00e1\">[&#8230;]<\/a><\/p>\n<\/div>","protected":false},"author":1,"featured_media":27787,"comment_status":"open","ping_status":"closed","sticky":false,"template":"","format":"standard","meta":{"footnotes":""},"categories":[9],"tags":[],"class_list":["post-36575","post","type-post","status-publish","format-standard","has-post-thumbnail","hentry","category-zpravy"],"_links":{"self":[{"href":"https:\/\/www.invarena.cz\/index.php?rest_route=\/wp\/v2\/posts\/36575","targetHints":{"allow":["GET"]}}],"collection":[{"href":"https:\/\/www.invarena.cz\/index.php?rest_route=\/wp\/v2\/posts"}],"about":[{"href":"https:\/\/www.invarena.cz\/index.php?rest_route=\/wp\/v2\/types\/post"}],"author":[{"embeddable":true,"href":"https:\/\/www.invarena.cz\/index.php?rest_route=\/wp\/v2\/users\/1"}],"replies":[{"embeddable":true,"href":"https:\/\/www.invarena.cz\/index.php?rest_route=%2Fwp%2Fv2%2Fcomments&post=36575"}],"version-history":[{"count":0,"href":"https:\/\/www.invarena.cz\/index.php?rest_route=\/wp\/v2\/posts\/36575\/revisions"}],"wp:featuredmedia":[{"embeddable":true,"href":"https:\/\/www.invarena.cz\/index.php?rest_route=\/wp\/v2\/media\/27787"}],"wp:attachment":[{"href":"https:\/\/www.invarena.cz\/index.php?rest_route=%2Fwp%2Fv2%2Fmedia&parent=36575"}],"wp:term":[{"taxonomy":"category","embeddable":true,"href":"https:\/\/www.invarena.cz\/index.php?rest_route=%2Fwp%2Fv2%2Fcategories&post=36575"},{"taxonomy":"post_tag","embeddable":true,"href":"https:\/\/www.invarena.cz\/index.php?rest_route=%2Fwp%2Fv2%2Ftags&post=36575"}],"curies":[{"name":"wp","href":"https:\/\/api.w.org\/{rel}","templated":true}]}}