{"id":36605,"date":"2021-09-13T15:54:47","date_gmt":"2021-09-13T13:54:47","guid":{"rendered":"http:\/\/www.invarena.cz\/?p=36605"},"modified":"2021-09-13T15:54:49","modified_gmt":"2021-09-13T13:54:49","slug":"nevidomy-ondrej-zmeskal-noveho-teleckova-se-stal-mistrem-sveta-paratriatlonu","status":"publish","type":"post","link":"https:\/\/www.invarena.cz\/?p=36605","title":{"rendered":"Nevidom\u00fd Ond\u0159ej Zme\u0161kal Nov\u00e9ho Tele\u010dkova se stal mistrem sv\u011bta paratriatlonu"},"content":{"rendered":"\n<p>T\u00e9m\u011b\u0159 \u010dty\u0159i kilometry plav\u00e1n\u00ed, sto osmdes\u00e1t kilometr\u016f na\nkole a v\u00edce ne\u017e dvaa\u010dty\u0159icet kilometr\u016f b\u011bhu zvl\u00e1dl nevidom\u00fd Ond\u0159ej Zme\u0161kal z\nNov\u00e9ho Tele\u010dkova na T\u0159eb\u00ed\u010dsku. Jeho \u010das 10:51:44 nav\u00edc znamenal titul sv\u011btov\u00e9ho\n\u0161ampiona v paratriatlonu.<\/p>\n\n\n\n<p>Z\u00e1vod v nizozemsk\u00e9m Almere musel sportovec absolvovat spolu\ns tras\u00e9rem Markem Peterkou. Do veden\u00ed se dostali u\u017e p\u0159i plav\u00e1n\u00ed v jeze\u0159e\nWerrwater, nejrychlej\u0161\u00ed byl i na kole za siln\u00e9ho v\u011btru a v z\u00e1v\u011bre\u010dn\u00e9m maratonu\nu\u017e jeho veden\u00ed nikdo neohrozil.<\/p>\n\n\n\n<p>V c\u00edli byl o v\u00edce ne\u017e hodinu d\u0159\u00edve ne\u017e jeho nejbli\u017e\u0161\u00ed\nsoupe\u0159i. \u201eBylo to dlouh\u00e9 a n\u00e1ro\u010dn\u00e9. Chvilku to \u0161lo l\u00e9pe, chvilku h\u016f\u0159e, ale\nzejm\u00e9na kolo n\u00e1s st\u00e1lo kv\u016fli siln\u00e9mu v\u011btru hodn\u011b sil,\u201c citoval Ond\u0159eje Zme\u0161kala\nweb \u010cesk\u00e9 triatlonov\u00e9 asociace.<\/p>\n\n\n\n<p>Nevidom\u00fd sportovec se p\u0159itom letos prezentuje vynikaj\u00edc\u00edmi\nv\u00fdkony, v l\u00e9t\u011b jako prvn\u00ed nevidom\u00fd sportovec zdolal tra\u0165 Tour de France. S\ntras\u00e9rem str\u00e1vili m\u011bs\u00edc v sedlech dvojkola, denn\u011b to bylo v pr\u016fm\u011bru \u0161est a\u017e osm\nhodin. \u201eNejt\u011b\u017e\u0161\u00ed pro m\u011b bylo, kdy\u017e jsem ho ve\u010der vid\u011bla tot\u00e1ln\u011b vy\u010derpan\u00e9ho po\nn\u011bkter\u00fdch \u00fasec\u00edch. \u010clov\u011bk nav\u00edc po\u0159\u00e1d musel fungovat,\u201c \u0159ekla po cest\u011b Ond\u0159ejova\np\u0159\u00edtelkyn\u011b Petra Vodi\u010dkov\u00e1, kter\u00e1 byla sou\u010d\u00e1st\u00ed \u010dty\u0159\u010dlenn\u00e9ho doprovodn\u00e9ho t\u00fdmu.<\/p>\n\n\n\n<p>Ond\u0159ej uznal, \u017ee n\u011bkter\u00e9 etapy byly \u0161\u00edlen\u00e9 a vyzdvihl pr\u00e1ci tras\u00e9ra, kter\u00fd ve sjezdech \u0159\u00eddil dvojn\u00e1sobnou v\u00e1hu ne\u017e cyklist\u00e9 na klasick\u00fdch kolech. V r\u00e1mci akce s p\u0159\u00edzna\u010dn\u00fdm n\u00e1zvem Tour de France ve tm\u011b se poda\u0159ilo vybrat v\u00edce ne\u017e sto tis\u00edc pro nevidom\u00e9 d\u011bti, kter\u00e9 cht\u011bj\u00ed sportovat. A jednou b\u00fdt t\u0159eba stejn\u011b dob\u0159\u00ed jako Ond\u0159ej Zme\u0161kal, kter\u00fd se nyn\u00ed u\u017e chyst\u00e1 na dal\u0161\u00ed z\u00e1vod. Prvn\u00edho srpna je Sv\u011btov\u00fd poh\u00e1r ve sprint triatlonu v Turecku.<\/p>\n\n\n\n<p>Ivana \u0158\u00edhov\u00e1, Martin Singr<\/p>\n\n\n\n<p>T\u0159eb\u00ed\u010dsk\u00fd den\u00edk<\/p>\n\n\n\n<p><a rel=\"noreferrer noopener\" aria-label=\" (otev\u0159e se na nov\u00e9 z\u00e1lo\u017ece)\" href=\"https:\/\/trebicsky.denik.cz\/\" target=\"_blank\">https:\/\/trebicsky.denik.cz\/<\/a><\/p>\n","protected":false},"excerpt":{"rendered":"<div class=\"mh-excerpt\"><p>T\u00e9m\u011b\u0159 \u010dty\u0159i kilometry plav\u00e1n\u00ed, sto osmdes\u00e1t kilometr\u016f na kole a v\u00edce ne\u017e dvaa\u010dty\u0159icet kilometr\u016f b\u011bhu zvl\u00e1dl nevidom\u00fd Ond\u0159ej Zme\u0161kal z Nov\u00e9ho Tele\u010dkova na T\u0159eb\u00ed\u010dsku. Jeho <a class=\"mh-excerpt-more\" href=\"https:\/\/www.invarena.cz\/?p=36605\" title=\"Nevidom\u00fd Ond\u0159ej Zme\u0161kal Nov\u00e9ho Tele\u010dkova se stal mistrem sv\u011bta paratriatlonu\">[&#8230;]<\/a><\/p>\n<\/div>","protected":false},"author":1,"featured_media":4795,"comment_status":"open","ping_status":"closed","sticky":false,"template":"","format":"standard","meta":{"footnotes":""},"categories":[9],"tags":[],"class_list":["post-36605","post","type-post","status-publish","format-standard","has-post-thumbnail","hentry","category-zpravy"],"_links":{"self":[{"href":"https:\/\/www.invarena.cz\/index.php?rest_route=\/wp\/v2\/posts\/36605","targetHints":{"allow":["GET"]}}],"collection":[{"href":"https:\/\/www.invarena.cz\/index.php?rest_route=\/wp\/v2\/posts"}],"about":[{"href":"https:\/\/www.invarena.cz\/index.php?rest_route=\/wp\/v2\/types\/post"}],"author":[{"embeddable":true,"href":"https:\/\/www.invarena.cz\/index.php?rest_route=\/wp\/v2\/users\/1"}],"replies":[{"embeddable":true,"href":"https:\/\/www.invarena.cz\/index.php?rest_route=%2Fwp%2Fv2%2Fcomments&post=36605"}],"version-history":[{"count":0,"href":"https:\/\/www.invarena.cz\/index.php?rest_route=\/wp\/v2\/posts\/36605\/revisions"}],"wp:featuredmedia":[{"embeddable":true,"href":"https:\/\/www.invarena.cz\/index.php?rest_route=\/wp\/v2\/media\/4795"}],"wp:attachment":[{"href":"https:\/\/www.invarena.cz\/index.php?rest_route=%2Fwp%2Fv2%2Fmedia&parent=36605"}],"wp:term":[{"taxonomy":"category","embeddable":true,"href":"https:\/\/www.invarena.cz\/index.php?rest_route=%2Fwp%2Fv2%2Fcategories&post=36605"},{"taxonomy":"post_tag","embeddable":true,"href":"https:\/\/www.invarena.cz\/index.php?rest_route=%2Fwp%2Fv2%2Ftags&post=36605"}],"curies":[{"name":"wp","href":"https:\/\/api.w.org\/{rel}","templated":true}]}}