{"id":36616,"date":"2021-09-17T10:22:20","date_gmt":"2021-09-17T08:22:20","guid":{"rendered":"http:\/\/www.invarena.cz\/?p=36616"},"modified":"2021-09-17T10:22:21","modified_gmt":"2021-09-17T08:22:21","slug":"navrat-do-skol-se-tyka-i-deti-se-zvlastnimi-potrebami","status":"publish","type":"post","link":"https:\/\/www.invarena.cz\/?p=36616","title":{"rendered":"N\u00e1vrat do \u0161kol se t\u00fdk\u00e1 i d\u011bt\u00ed se zvl\u00e1\u0161tn\u00edmi pot\u0159ebami"},"content":{"rendered":"\n<p>Posledn\u00ed roky byly bezpochyby t\u011b\u017ek\u00e9 pro v\u0161echny. Tedy krom\nfarmaceutick\u00fdch spole\u010dnost\u00ed a prodejc\u016f schv\u00e1len\u00fdch pom\u016fcek, vakc\u00edn a test\u016f na\nvirov\u00e1 onemocn\u011bn\u00ed, kter\u00fdm p\u0161enka jen kvetla. Spousta podnik\u016f zkrachovala, jin\u00e9\nmaj\u00ed dodnes pot\u00ed\u017ee s n\u00e1sledky a dopady krize, a velmi mal\u00e9ho procenta lid\u00ed se\ntato doba nijak nedotkla. <\/p>\n\n\n\n<p>Obzvl\u00e1\u0161\u0165 n\u00e1ro\u010dn\u00e9 obdob\u00ed m\u011bli rodi\u010de s d\u011btmi, kter\u00e9 d\u00edky\nrestrikc\u00edm z\u016fst\u00e1valy doma, a to ve v\u011bku, kdy je\u0161t\u011b nemohly b\u00fdt samy. D\u011bti se\nspeci\u00e1ln\u00edmi vzd\u011bl\u00e1vac\u00edmi pot\u0159ebami byly rovn\u011b\u017e doma a i jejich v\u00fduka prob\u00edhala\non-line. Pro \u017e\u00e1ky s poruchami autistick\u00e9ho spektra, ment\u00e1ln\u00edm posti\u017een\u00edm a\nr\u016fzn\u00fdmi druhy kombinovan\u00fdch posti\u017een\u00ed n\u011bkter\u00e9 \u0161koly se sv\u00fdmi pracovn\u00edky a\nspecialisty vypracovaly vlastn\u00ed program.<\/p>\n\n\n\n<p>Zat\u00edmco mnoh\u00e1 \u0161koln\u00ed za\u0159\u00edzen\u00ed byla ochromena n\u00e1hl\u00fdmi\nrestrikcemi a zpo\u010d\u00e1tku nev\u011bd\u011bla, jak se s podm\u00ednkami vypo\u0159\u00e1dat, Z\u00e1kladn\u00ed \u0161kola\na Mate\u0159sk\u00e1 \u0161kola \u0160afa\u0159\u00edkova v Uhersk\u00e9m Hradi\u0161ti na t\u011b\u017ekou situaci reagovala\nvelmi flexibiln\u011b a kreativn\u011b.<\/p>\n\n\n\n<p>\u201eV kontaktu se \u017e\u00e1ky jsme z\u016fstali. Spole\u010dn\u011b s jejich rodi\u010di\nse n\u00e1m poda\u0159ilo nastavit funk\u010dn\u00ed syst\u00e9m on-line v\u00fduky prost\u0159ednictv\u00edm aplikace\nMS Teams. D\u00edky kvalitn\u00edmu technick\u00e9mu vybaven\u00ed \u0161koly jsme mohli \u017e\u00e1k\u016fm dom\u016f\nzap\u016fj\u010dit iPady a ve spolupr\u00e1ci s mobiln\u00edm oper\u00e1torem T-Mobile nab\u00eddnout vyu\u017eit\u00ed\nbezplatn\u00e9ho internetov\u00e9ho p\u0159ipojen\u00ed.<\/p>\n\n\n\n<p>Se sv\u00fdmi vyu\u010duj\u00edc\u00edmi se \u017e\u00e1ci se z\u00e1va\u017en\u00fdm posti\u017een\u00edm\nsetk\u00e1vali v on-line prostoru ka\u017ed\u00fd den dv\u011b vyu\u010dovac\u00ed hodiny, ostatn\u00ed \u017e\u00e1ci pak\nt\u0159i vyu\u010dovac\u00ed hodiny. V\u00fduka byla velmi individualizovan\u00e1, \u017e\u00e1ci pracovali v\nmal\u00fdch skupin\u00e1ch, ve kter\u00fdch dok\u00e1zali pedagogov\u00e9 operativn\u011b reagovat na jejich\naktu\u00e1ln\u00ed pot\u0159eby a mo\u017enosti.<\/p>\n\n\n\n<p>Velk\u00e9 pod\u011bkov\u00e1n\u00ed pat\u0159\u00ed rodi\u010d\u016fm \u017e\u00e1k\u016f, bez jejich\u017e spolupr\u00e1ce\nby v\u00fduka on-line nebyla \u00fasp\u011b\u0161n\u00e1. V\u011bt\u0161ina na\u0161ich \u017e\u00e1k\u016f toti\u017e pot\u0159ebuje p\u0159i v\u00fduce\ndopomoc a tu rodi\u010de sv\u00fdm d\u011btem podle doporu\u010den\u00ed pedagog\u016f ochotn\u011b poskytovali,\u201c\nsd\u011blil \u0159editel Z\u0160 a M\u0160 \u0160afa\u0159\u00edkova v Uhersk\u00e9m Hradi\u0161ti, Karel Zerz\u00e1\u0148.<\/p>\n\n\n\n<p>Pedagogov\u00e9 spolu s rodi\u010di tak vytvo\u0159ili d\u011btem se speci\u00e1ln\u00edmi\npot\u0159ebami z\u00e1zem\u00ed a p\u00e9\u010di pot\u0159ebnou pro v\u00fduku, v\u0161ichni spole\u010dn\u011b pracovali na pln\u00e9\nobr\u00e1tky.<\/p>\n\n\n\n<p>\u201eDo on-line v\u00fduky jsme zapojili v\u0161echny pedagogick\u00e9\npracovn\u00edky ve \u0161kole. Krom\u011b u\u010ditel\u016f byli \u017e\u00e1k\u016fm velkou oporou tak\u00e9 asistenti\npedagoga. Do pr\u00e1ce se cel\u00fd \u0161koln\u00ed t\u00fdm pustil s chut\u00ed, i kdy\u017e po\u010d\u00e1te\u010dn\u00ed obavy z\nnov\u00e9ho zp\u016fsobu v\u00fduky a vyu\u017e\u00edv\u00e1n\u00ed ICT byly velk\u00e9.<\/p>\n\n\n\n<p>O to v\u011bt\u0161\u00ed radost n\u00e1m ud\u011blaly v\u00fdsledky dotazn\u00edkov\u00e9ho\n\u0161et\u0159en\u00ed, kter\u00e9 jsme realizovali mezi rodi\u010di po skon\u010den\u00ed distan\u010dn\u00ed v\u00fduky. T\u00e9m\u011b\u0159\n98% rodi\u010d\u016f uvedlo, \u017ee se zp\u016fsobem veden\u00ed distan\u010dn\u00ed v\u00fduky bylo velmi spokojeno.\nVelmi n\u00e1s pot\u011b\u0161ily tak\u00e9 pozitivn\u00ed koment\u00e1\u0159e, kter\u00e9 rodi\u010de do dotazn\u00edk\u016f\nnapsali,\u201c doplnil pan \u0159editel Karel Zerz\u00e1\u0148.<\/p>\n\n\n\n<p>\u201eKdy\u017e se ohl\u00e9dnu zp\u011bt za obdob\u00edm, kdy byly speci\u00e1ln\u00ed \u0161koly\nuzav\u0159eny, mus\u00edm \u0159\u00edct, \u017ee d\u00edky velk\u00e9mu nasazen\u00ed v\u0161ech z\u00fa\u010dastn\u011bn\u00fdch &#8211; \u017e\u00e1k\u016f,\nrodi\u010d\u016f i pedagog\u016f &#8211; jsme dok\u00e1zali spole\u010dn\u011b ud\u011blat velk\u00fd kus dobr\u00e9 pr\u00e1ce. Tak\u00e9\njsme v t\u00e9 nelehk\u00e9 dob\u011b pln\u00e9 obav na\u0161li cesty k sob\u011b navz\u00e1jem, l\u00e9pe jsme se\npoznali a p\u0159esv\u011bd\u010dili se o tom, \u017ee n\u00e1\u0161 c\u00edl (rodiny i \u0161koly) je spole\u010dn\u00fd &#8211;\np\u0159ipravit d\u011bti co nejl\u00e9pe na plnohodnotn\u00fd \u017eivot ve spole\u010dnosti.<\/p>\n\n\n\n<p>Pravdou ale je, \u017ee \u017e\u00e1dn\u00e1 distan\u010dn\u00ed v\u00fduka nenahrad\u00ed p\u0159\u00edm\u00fd\nkontakt \u017e\u00e1ka s pedagogy a kamar\u00e1dy ve \u0161kole. P\u0159esto, \u017ee dok\u00e1\u017eeme zajistit\nkvalitn\u00ed distan\u010dn\u00ed v\u00fduku, velmi si p\u0159ejeme, abychom se mohli setk\u00e1vat p\u0159i\nklasick\u00e9 ka\u017edodenn\u00ed v\u00fduce ve \u0161kole a k uzav\u0159en\u00ed \u0161kol ji\u017e nemuselo doj\u00edt,\u201c\nuzav\u0159el \u0159editel \u0161koly Karel Zerz\u00e1\u0148.<\/p>\n\n\n\n<p>Reakce rodi\u010d\u016f na distan\u010dn\u00ed v\u00fduku Z\u0160 a M\u0160 \u0160afa\u0159\u00edkova:<\/p>\n\n\n\n<p>\u2022 Poda\u0159ilo se n\u00e1m nahl\u00e9dnout okem rodi\u010de na slo\u017eitou,\nn\u00e1ro\u010dnou a speci\u00e1ln\u00ed pr\u00e1ci, kterou odv\u00e1d\u00ed na\u0161e pan\u00ed u\u010ditelka a asistentka. Jsem\nr\u00e1da, \u017ee m\u00e1m d\u011bti na va\u0161\u00ed \u0161kole a jsou tam spokojen\u00e9 a \u0161\u0165astn\u00e9. D\u011bkuji v\u00e1m.<\/p>\n\n\n\n<p>\u2022 D\u011bkujeme za kr\u00e1snou distan\u010dn\u00ed v\u00fduku doprov\u00e1zenou klav\u00edrem,\nakordeonem a fl\u00e9tnou. On-line v\u00fduka p\u0159es MS Teams byla pro syna p\u0159\u00ednosn\u00e1 \u2013 mohl\nvyu\u010duj\u00edc\u00ed a spolu\u017e\u00e1ky vid\u011bt i sly\u0161et a p\u0159i v\u00fduce tak vydr\u017eel celou dobu.<\/p>\n\n\n\n<p>\u2022 Distan\u010dn\u00ed v\u00fduka p\u0159ed\u010dila moje o\u010dek\u00e1v\u00e1n\u00ed. Obavy, jak to\nd\u00edt\u011b zvl\u00e1dne u po\u010d\u00edta\u010de, byly zbyte\u010dn\u00e9. Nem\u00e1m co vytknout.<\/p>\n\n\n\n<p>\u2022 Poda\u0159ilo se nahl\u00e9dnout do v\u00fduky okem rodi\u010de a tak mo\u017en\u00e1\nmnoh\u00e9 z n\u00e1s p\u0159ekvapilo, jak nelehkou a dobrou pr\u00e1ci, sv\u011bdomit\u011b odv\u00e1d\u011bj\u00ed pan\u00ed\nu\u010ditelky a i asistentky s na\u0161imi d\u011btmi. Kolik m\u016f\u017eou na\u0161im d\u011btem d\u00e1t a to\nzrcadl\u00ed i spokojenost na\u0161ich d\u011bt\u00ed. D\u011bkuji za v\u0161e.<\/p>\n\n\n\n<p>\u2022 Velk\u00e1 spokojenost, m\u00e1me nejlep\u0161\u00ed pan\u00ed u\u010ditelku, co mohla\ndcera dostat. D\u011bkuji!<\/p>\n\n\n\n<p>\u2022 Ur\u010dit\u011b bychom cht\u011bli, kdyby se \u0161kola uzav\u0159ela, pokra\u010dovat\nstejn\u00fdm zp\u016fsobem jako dote\u010f. Dcera byla moc spokojen\u00e1 a ka\u017ed\u00fd den se t\u011b\u0161ila na\nvol\u00e1n\u00ed. S \u00fakoly p\u0159es kameru taky nebyl \u017e\u00e1dn\u00fd probl\u00e9m.<\/p>\n\n\n\n<p>\u2022 Za on-line v\u00fduku velmi d\u011bkuju, dcera byla moc \u0161\u0165astn\u00e1, \u017ee\naspo\u0148 takhle m\u016f\u017ee vid\u011bt spolu\u017e\u00e1ky i pan\u00ed u\u010ditelky. Velk\u00e1 poklona pro n\u011b &#8211; dob\u0159e\nv\u00edm, jak muselo b\u00fdt n\u00e1ro\u010dn\u00e9 vyu\u010dovat takto d\u011bti s t\u011b\u017ek\u00fdm stupn\u011bm posti\u017een\u00ed, ale\nzvl\u00e1dly to bravurn\u011b. Oce\u0148uji tak\u00e9 pro rodi\u010de jednoduch\u00fd zp\u016fsob p\u0159ihl\u00e1\u0161en\u00ed k\nv\u00fduce. Za mo\u017enost on-line v\u00fduky moc d\u011bkuji.<\/p>\n\n\n\n<p>\u2022 Cht\u011bly bychom s dcerou velmi pod\u011bkovat pan\u00ed\nasistentce-u\u010ditelce za bezmeznou trp\u011blivost. P\u0159esto, \u017ee n\u00e1m vypad\u00e1val zvuk,\nob\u010das obraz, u\u017eily jsme si p\u0159i v\u00fduce legraci. Pan\u00ed u\u010ditelka byla velmi\notev\u0159en\u00e1, v\u0161emu p\u0159\u00edstupn\u00e1. D\u011bti st\u00e1le chv\u00e1lila. V\u011bnovala se n\u00e1m \u010dasto po\ntelefonu, kdy\u017e jsme n\u011bco nest\u00edhaly. Toto obdob\u00ed n\u00e1m darovalo v\u011bt\u0161\u00ed sbl\u00ed\u017een\u00ed s\npan\u00ed u\u010ditelkou a paradoxn\u011b jsme se mohly o sob\u011b a mezi sebou daleko v\u00edce\ndozv\u011bd\u011bt, ne\u017e kdy\u017e p\u0159iv\u00e1d\u00edme d\u011bti do \u0161koly a postoj\u00edme jen chvilku p\u0159ed \u0161kolou.<\/p>\n\n\n\n<p>Autor: Radim \u010cern\u00fd<\/p>\n\n\n\n<p>Den\u00edk<\/p>\n\n\n\n<p><a rel=\"noreferrer noopener\" aria-label=\" (otev\u0159e se na nov\u00e9 z\u00e1lo\u017ece)\" href=\"https:\/\/www.denik.cz\/\" target=\"_blank\">https:\/\/www.denik.cz\/<\/a><\/p>\n","protected":false},"excerpt":{"rendered":"<div class=\"mh-excerpt\"><p>Posledn\u00ed roky byly bezpochyby t\u011b\u017ek\u00e9 pro v\u0161echny. Tedy krom farmaceutick\u00fdch spole\u010dnost\u00ed a prodejc\u016f schv\u00e1len\u00fdch pom\u016fcek, vakc\u00edn a test\u016f na virov\u00e1 onemocn\u011bn\u00ed, kter\u00fdm p\u0161enka jen kvetla. <a class=\"mh-excerpt-more\" href=\"https:\/\/www.invarena.cz\/?p=36616\" title=\"N\u00e1vrat do \u0161kol se t\u00fdk\u00e1 i d\u011bt\u00ed se zvl\u00e1\u0161tn\u00edmi pot\u0159ebami\">[&#8230;]<\/a><\/p>\n<\/div>","protected":false},"author":1,"featured_media":24770,"comment_status":"open","ping_status":"closed","sticky":false,"template":"","format":"standard","meta":{"footnotes":""},"categories":[9],"tags":[],"class_list":["post-36616","post","type-post","status-publish","format-standard","has-post-thumbnail","hentry","category-zpravy"],"_links":{"self":[{"href":"https:\/\/www.invarena.cz\/index.php?rest_route=\/wp\/v2\/posts\/36616","targetHints":{"allow":["GET"]}}],"collection":[{"href":"https:\/\/www.invarena.cz\/index.php?rest_route=\/wp\/v2\/posts"}],"about":[{"href":"https:\/\/www.invarena.cz\/index.php?rest_route=\/wp\/v2\/types\/post"}],"author":[{"embeddable":true,"href":"https:\/\/www.invarena.cz\/index.php?rest_route=\/wp\/v2\/users\/1"}],"replies":[{"embeddable":true,"href":"https:\/\/www.invarena.cz\/index.php?rest_route=%2Fwp%2Fv2%2Fcomments&post=36616"}],"version-history":[{"count":0,"href":"https:\/\/www.invarena.cz\/index.php?rest_route=\/wp\/v2\/posts\/36616\/revisions"}],"wp:featuredmedia":[{"embeddable":true,"href":"https:\/\/www.invarena.cz\/index.php?rest_route=\/wp\/v2\/media\/24770"}],"wp:attachment":[{"href":"https:\/\/www.invarena.cz\/index.php?rest_route=%2Fwp%2Fv2%2Fmedia&parent=36616"}],"wp:term":[{"taxonomy":"category","embeddable":true,"href":"https:\/\/www.invarena.cz\/index.php?rest_route=%2Fwp%2Fv2%2Fcategories&post=36616"},{"taxonomy":"post_tag","embeddable":true,"href":"https:\/\/www.invarena.cz\/index.php?rest_route=%2Fwp%2Fv2%2Ftags&post=36616"}],"curies":[{"name":"wp","href":"https:\/\/api.w.org\/{rel}","templated":true}]}}