{"id":36623,"date":"2021-09-20T15:06:13","date_gmt":"2021-09-20T13:06:13","guid":{"rendered":"http:\/\/www.invarena.cz\/?p=36623"},"modified":"2021-09-20T15:06:15","modified_gmt":"2021-09-20T13:06:15","slug":"sportovec-telem-i-dusi-scambura-stiha-i-praci-masera-a-zastupitele","status":"publish","type":"post","link":"https:\/\/www.invarena.cz\/?p=36623","title":{"rendered":"Sportovec t\u011blem i du\u0161\u00ed. \u0160\u010dambura st\u00edh\u00e1 i pr\u00e1ci mas\u00e9ra a zastupitele"},"content":{"rendered":"\n<p>Popularitou p\u0159ed\u010d\u00ed i \u0159adu zdrav\u00fdch sportovc\u016f. Nejen sv\u00fdmi\nmedailov\u00fdmi \u00fasp\u011bchy, smyslem pro humor \u010di p\u0159\u00e1telskou povahou, ale hlavn\u011b t\u00edm,\njak se dok\u00e1zal poprat s nep\u0159\u00edzniv\u00fdm osudem. \u0158e\u010d je o t\u011blesn\u011b posti\u017een\u00e9m\natletovi Du\u0161anu \u0160\u010damburovi ze \u0160umperku, kter\u00fd a\u017e do sv\u00fdch sedmadvaceti let \u017eil\noby\u010dejn\u00fdm \u017eivotem.<\/p>\n\n\n\n<p>Jen\u017ee v roce 1993 jej t\u011b\u017ek\u00fd \u00faraz upoutal na invalidn\u00ed voz\u00edk.\n\u201eProd\u011blal jsem t\u0159i operace a po psychick\u00e9 str\u00e1nce jsem se s toho hodn\u011b t\u011b\u017eko a\nslo\u017eit\u011b dost\u00e1val,\u201c prozrazuje \u00favodem.<\/p>\n\n\n\n<p>Cel\u00e9 to trvalo t\u00e9m\u011b\u0159 t\u0159i roky. Vyh\u00fdbal se spole\u010dnosti, cht\u011bl\nb\u00fdt s\u00e1m se sebou, pro\u017e\u00edval ponur\u00e9 chv\u00edle, ale nevzdal to a nakonec za\u010dal\nbojovat, jak se \u0159\u00edk\u00e1, od nuly. A dnes je uzn\u00e1vanou osobnost\u00ed nejen na\nsportovn\u00ed, ale i spole\u010densk\u00e9 sc\u00e9n\u011b \u0160umperska.<\/p>\n\n\n\n<p>\u201eV\u0161echno se zlomilo n\u011bkdy v roce 1995\/6, kdy\u017e jsem byl v\nl\u00e1zn\u00edch. Na Silvestra jsem si \u0159ekl dost, \u017ee takto to d\u00e1l nep\u016fjde. Zase jsem\nza\u010dal chodit do kina, do divadla, zkr\u00e1tka mezi lidi a od t\u00e9to chv\u00edle to op\u011bt\nbylo o \u017eivot\u011b,\u201c vzpom\u00edn\u00e1 Du\u0161an \u0160\u010dambura.<\/p>\n\n\n\n<p>Jeho velkou v\u00e1\u0161n\u00ed se pot\u00e9 stal p\u0159edev\u0161\u00edm sport, kter\u00fd\np\u0159edt\u00edm provozoval sp\u00ed\u0161e jen okrajov\u011b, kdy\u017e v ml\u00e1d\u00ed na \u0161kole d\u011blal z\u00e1pas.<\/p>\n\n\n\n<p>B\u011bhem \u010dtvrtstolet\u00ed se v\u00fd\u010det jeho sportovn\u00edch aktivit u\u017e snad\nani ned\u00e1 spo\u010d\u00edtat. V za\u010d\u00e1tc\u00edch se v\u011bnoval hlavn\u011b plav\u00e1n\u00ed, pozd\u011bji p\u0159i\u0161el\nduatlon a triatlon \u010di z\u00e1vody na handbiku, co\u017e je obdoba j\u00edzdn\u00edho kola na pohon\nrukama.<\/p>\n\n\n\n<p>V t\u00fdmu \u010cesk\u00fdch Bud\u011bjovic si vyzkou\u0161el popul\u00e1rn\u00ed florbal,\n\u010dty\u0159ikr\u00e1t dokonce vyhr\u00e1l extraligu a posledn\u00edch patn\u00e1ct let je jeho dom\u00e9nou\nlehk\u00e1 atletika, ve kter\u00e9 sb\u00edr\u00e1 \u00fasp\u011bchy v discipl\u00edn\u00e1ch o\u0161t\u011bp, disk a koule.<\/p>\n\n\n\n<p>\u201eAsi nejv\u00edce si cen\u00edm dvou v\u00edt\u011bzstv\u00ed na Zlat\u00e9 tret\u0159e, dva\nroky zp\u00e1tky jsem se stal v\u00edt\u011bzem na otev\u0159en\u00e9m Mistrovstv\u00ed Kanady. R\u00e1d si\nvzpomenu i na sv\u016fj prvn\u00ed zahrani\u010dn\u00ed z\u00e1vod, kdy\u017e jsem sko\u010dil na bedn\u011b v\nEmir\u00e1tech. Po lidsk\u00e9 str\u00e1nce se mi nejv\u00edce l\u00edbilo na Thaj-wanu. T\u011bch z\u00e1\u017eitk\u016f je\nopravdu spousta,\u201c usm\u00edv\u00e1 se Du\u0161an \u0160\u010dambura.<\/p>\n\n\n\n<p>\u201eParadoxn\u011b i p\u0159es ten \u00faraz m\u011b to posunulo hodn\u011b dop\u0159edu.\nOb\u010das se \u010dlov\u011bk zamysl\u00ed, jak by se jeho \u017eivot ub\u00edral, kdyby se to tenkr\u00e1t\nnestalo,\u201c p\u0159em\u00edt\u00e1 st\u00e1le aktivn\u00ed a nad\u0161en\u00fd sportovec, kter\u00fd b\u011bhem sv\u00e9 dosavadn\u00ed\nkari\u00e9ry procestoval u\u017e nespo\u010det zem\u00ed, prakticky celou Evropu a plno dal\u0161\u00edch,\n\u010dasto i exotick\u00fdch destinac\u00ed.<\/p>\n\n\n\n<p>\u201eV\u011bt\u0161inou jsem ale v\u017edycky poznal jenom hotel a stadi\u00f3n.\nAkor\u00e1t jednou jsem si vyrazil v Dubaji, jen\u017ee druh\u00fd den byl z toho tak utahan\u00fd,\n\u017ee v\u00fdsledky potom st\u00e1ly za h\u2026., nest\u00e1ly prost\u011b za nic,\u201c \u0159\u00edk\u00e1 se sm\u00edchem.<\/p>\n\n\n\n<p>Civiln\u00edm povol\u00e1n\u00edm je pot\u00e9 Du\u0161an \u0160\u010dambura mas\u00e9r, k tomu\nvykon\u00e1v\u00e1 i funkci \u0161umpersk\u00e9ho zastupitele, tak\u017ee na nudu si rozhodn\u011b nem\u016f\u017ee\nst\u011b\u017eovat.<\/p>\n\n\n\n<p>\u201e\u010casov\u011b je to dost n\u00e1ro\u010dn\u00e9, ale mus\u00edte si um\u011bt v\u0161echno\nskloubit dohromady a dob\u0159e napl\u00e1novat. Klienty na mas\u00e1\u017ee m\u00e1m domluven\u00e9, kdy\u017e\nzrovna nem\u00e1me radu m\u011bsta. Nav\u00edc moje povol\u00e1n\u00ed je fyzicky docela n\u00e1ro\u010dn\u00e9, tak\u017ee\njej m\u00e1m vlastn\u011b i jako sou\u010d\u00e1st tr\u00e9ninku,\u201c prozrazuje \u0161umpersk\u00fd atlet, jen\u017e se\npomalu chyst\u00e1 na leto\u0161n\u00ed vrchol sez\u00f3ny.<\/p>\n\n\n\n<p>Ji\u017e v pr\u016fb\u011bhu \u0159\u00edjna toti\u017e prob\u011bhnou v Portugalsku Sv\u011btov\u00e9\natletick\u00e9 hry, na kter\u00fdch by cht\u011bl za\u00fato\u010dit na n\u011bkterou z medail\u00ed.<\/p>\n\n\n\n<p>\u201eAle jenom douf\u00e1m, \u017ee tu akci kv\u016fli covidu nakonec nezru\u0161\u00ed,\u201c\ndod\u00e1v\u00e1 na z\u00e1v\u011br Du\u0161an \u0160\u010dambura.<\/p>\n\n\n\n<p>Miroslav Pergl<\/p>\n\n\n\n<p>\u0160umpersk\u00fd den\u00edk<\/p>\n\n\n\n<p><a rel=\"noreferrer noopener\" aria-label=\" (otev\u0159e se na nov\u00e9 z\u00e1lo\u017ece)\" href=\"https:\/\/sumpersky.denik.cz\/\" target=\"_blank\">https:\/\/sumpersky.denik.cz\/<\/a><\/p>\n","protected":false},"excerpt":{"rendered":"<div class=\"mh-excerpt\"><p>Popularitou p\u0159ed\u010d\u00ed i \u0159adu zdrav\u00fdch sportovc\u016f. Nejen sv\u00fdmi medailov\u00fdmi \u00fasp\u011bchy, smyslem pro humor \u010di p\u0159\u00e1telskou povahou, ale hlavn\u011b t\u00edm, jak se dok\u00e1zal poprat s nep\u0159\u00edzniv\u00fdm <a class=\"mh-excerpt-more\" href=\"https:\/\/www.invarena.cz\/?p=36623\" title=\"Sportovec t\u011blem i du\u0161\u00ed. \u0160\u010dambura st\u00edh\u00e1 i pr\u00e1ci mas\u00e9ra a zastupitele\">[&#8230;]<\/a><\/p>\n<\/div>","protected":false},"author":1,"featured_media":3695,"comment_status":"open","ping_status":"closed","sticky":false,"template":"","format":"standard","meta":{"footnotes":""},"categories":[9],"tags":[],"class_list":["post-36623","post","type-post","status-publish","format-standard","has-post-thumbnail","hentry","category-zpravy"],"_links":{"self":[{"href":"https:\/\/www.invarena.cz\/index.php?rest_route=\/wp\/v2\/posts\/36623","targetHints":{"allow":["GET"]}}],"collection":[{"href":"https:\/\/www.invarena.cz\/index.php?rest_route=\/wp\/v2\/posts"}],"about":[{"href":"https:\/\/www.invarena.cz\/index.php?rest_route=\/wp\/v2\/types\/post"}],"author":[{"embeddable":true,"href":"https:\/\/www.invarena.cz\/index.php?rest_route=\/wp\/v2\/users\/1"}],"replies":[{"embeddable":true,"href":"https:\/\/www.invarena.cz\/index.php?rest_route=%2Fwp%2Fv2%2Fcomments&post=36623"}],"version-history":[{"count":0,"href":"https:\/\/www.invarena.cz\/index.php?rest_route=\/wp\/v2\/posts\/36623\/revisions"}],"wp:featuredmedia":[{"embeddable":true,"href":"https:\/\/www.invarena.cz\/index.php?rest_route=\/wp\/v2\/media\/3695"}],"wp:attachment":[{"href":"https:\/\/www.invarena.cz\/index.php?rest_route=%2Fwp%2Fv2%2Fmedia&parent=36623"}],"wp:term":[{"taxonomy":"category","embeddable":true,"href":"https:\/\/www.invarena.cz\/index.php?rest_route=%2Fwp%2Fv2%2Fcategories&post=36623"},{"taxonomy":"post_tag","embeddable":true,"href":"https:\/\/www.invarena.cz\/index.php?rest_route=%2Fwp%2Fv2%2Ftags&post=36623"}],"curies":[{"name":"wp","href":"https:\/\/api.w.org\/{rel}","templated":true}]}}