{"id":3663,"date":"2013-05-07T19:24:10","date_gmt":"2013-05-07T17:24:10","guid":{"rendered":"http:\/\/www.invarena.cz\/?p=3663"},"modified":"2013-05-07T19:46:48","modified_gmt":"2013-05-07T17:46:48","slug":"chcete-videt-lindu-rybovou-v-narodnim-divadle-mame-pro-vas-listky-zdarma","status":"publish","type":"post","link":"https:\/\/www.invarena.cz\/?p=3663","title":{"rendered":"Chcete vid\u011bt Lindu Rybovou v N\u00e1rodn\u00edm divadle? M\u00e1me pro V\u00e1s l\u00edstky zdarma"},"content":{"rendered":"<p><strong>Cht\u011bli byste se pod\u00edvat do N\u00e1rodn\u00edho divadla na Novou sc\u00e9nu? Redakce invAreny m\u00e1 pro v\u00e1s, kte\u0159\u00ed jste dr\u017eiteli pr\u016fkaz\u016f OZP, p\u0159ipraveno n\u011bkolik l\u00edstk\u016f zdarma na p\u0159edstaven\u00ed &#8222;Vid\u00edm, nevid\u00edm&#8220;, kter\u00e9 bude 12. a 13. kv\u011btna.\u00a0<\/strong><\/p>\n<p><!--more--><\/p>\n<p>Pro l\u00edstky se p\u0159ihlaste na email:\u00a0 <em><strong>admin@invarena.cz<\/strong><\/em><\/p>\n<p>Inscenace budou 12.\u00a0 kv\u011btna\u00a0 od 17.oo hod a 13. kv\u011btna od 9.oo hod (ned\u011ble a pond\u011bl\u00ed)<\/p>\n<p>P\u0159edstaven\u00ed Laterny magiky &#8222;Vid\u00edm nevid\u00edm&#8220; je rodinnou inscenac\u00ed, kter\u00e1 vypr\u00e1v\u00ed p\u0159\u00edb\u011bh hol\u010di\u010dky Ag\u00e1tky, kter\u00e1 kdy\u017e se narodila, nevid\u011bla, a tak sv\u011bt kolem sebe objevuje p\u0159edev\u0161\u00edm hmatem a sluchem. Pomoc\u00ed projekc\u00ed n\u00e1m d\u00e1v\u00e1 nahl\u00e9dnout i do sv\u00fdch fantazi\u00ed a p\u0159edstav. P\u0159edstaven\u00ed kombinuje klasickou animaci, \u017eiv\u00e9 \u010dinoherce, tane\u010dn\u00edky a prvky \u010dern\u00e9ho divadla. Krom\u011b tane\u010dn\u00edk\u016f a alternovan\u00e9 d\u011btsk\u00e9 hlavn\u00ed role uvid\u00edme na sc\u00e9n\u011b i zn\u00e1m\u00e9 hereck\u00e9 tv\u00e1\u0159e, Lindu Rybovou a Tom\u00e1\u0161e M\u011bch\u00e1\u010dka v rol\u00edch rodi\u010d\u016f.<\/p>\n<p>P\u0159edstaven\u00ed p\u0159ipravuje filmov\u00e1 re\u017eis\u00e9rka a anim\u00e1torka Maria Proch\u00e1zkov\u00e1, zn\u00e1m\u00e1 jako autorka celove\u010dern\u00edch sn\u00edmk\u016f Kdopak by se vlka b\u00e1l a \u017dralok v hlav\u011b. Ve sv\u00e9m sc\u00e9n\u00e1\u0159i se voln\u011b inspirovala d\u011btskou knihou Ivy Proch\u00e1zkov\u00e9 P\u011bt minut p\u0159ed ve\u010de\u0159\u00ed.<\/p>\n<p>Vypr\u00e1v\u00ed o n\u011bm v n\u00e1sleduj\u00edc\u00edm rozhovoru.<\/p>\n<p><strong>&#8222;Vid\u00edm nevid\u00edm&#8220; je Va\u0161\u00ed prvn\u00ed prac\u00ed pro divadlo. Jak\u00e9 nov\u00e9 v\u00fdzvy V\u00e1m p\u0159in\u00e1\u0161\u00ed divadeln\u00ed pr\u00e1ce?<\/strong><\/p>\n<p>MP: Samoz\u0159ejm\u011b jsem zv\u011bdav\u00e1 na p\u0159\u00edm\u00fd kontakt s div\u00e1kem. Film vn\u00edm\u00e1m jako ur\u010ditou odvozeninu od divadla, tak\u017ee je to trochu zkoum\u00e1n\u00ed hranic, mo\u017enost\u00ed. Bav\u00ed m\u011b limity, m\u00e1m r\u00e1da omezen\u00ed, proto\u017ee v\u00e1s nut\u00ed hledat cesty a \u0159e\u0161en\u00ed. U\u017e jsme si zvykli, \u017ee ve filmu je mo\u017en\u00e9 cokoli, ale za cenu odtr\u017een\u00ed od reality, zat\u00edmco divadlo z\u016fst\u00e1v\u00e1 dotekov\u00e9.<\/p>\n<p><strong>\u010casto pracujete pro d\u011btsk\u00e9 div\u00e1ky \u2013 vlastn\u011b v\u011bt\u0161ina Va\u0161\u00ed um\u011bleck\u00e9 tvorby je ur\u010den\u00e1 d\u011btem. Z\u00e1rove\u0148 se v\u017edy um\u00edte vyhnout obvykl\u00fdm k\u00fd\u010dovit\u00fdm kli\u0161\u00e9, Va\u0161e tvorba pro d\u011bti je \u2013 paradoxn\u011b \u2013 velmi \u201edosp\u011bl\u00e1\u201c. Jak jste si Vy osobn\u011b pojmenovala specifika tvorby pro d\u011bti?<\/strong><\/p>\n<p>MP: Kdy\u017e chcete, aby v\u00e1s n\u011bkdo vn\u00edmal, mus\u00edte ho nejen zaujmout, ale tak\u00e9 v n\u011bm vzbudit d\u016fv\u011bru. To nejde jinak, ne\u017e \u017ee se chov\u00e1te otev\u0159en\u011b. D\u011bti nehledaj\u00ed skryt\u00e9 v\u00fdznamy, neznaj\u00ed ironii, reaguj\u00ed otev\u0159en\u011b, okam\u017eit\u011b a emotivn\u011b, proto\u017ee jsou empatick\u00e9 a je\u0161t\u011b se nenau\u010dily sv\u00e9 pocity skr\u00fdvat. Jejich fantazie je bezb\u0159eh\u00e1. D\u011bti jsou ide\u00e1ln\u00ed div\u00e1ci v tom, \u017ee okam\u017eit\u011b v\u00edte, na \u010dem jste. Pozn\u00e1te, kdy ztr\u00e1c\u00ed z\u00e1jem, nebo kdy je naopak n\u011bco zaujalo.<\/p>\n<p><strong>Inscenace Vid\u00edm nevid\u00edm vyrostla voln\u011b na p\u016fdorysu \u00fatl\u00e9 kn\u00ed\u017eky Ivy Proch\u00e1zkov\u00e9. V \u010dem v\u00e1s kniha zaujala a jak jste s p\u0159edlohou d\u00e1le pracovala?<\/strong><\/p>\n<p>MP: S tetou Ivou Proch\u00e1zkovou jsme se o kn\u00ed\u017ece 5 minut p\u0159ed ve\u010de\u0159\u00ed bavily poprv\u00e9 p\u0159ed v\u00edce ne\u017e dvan\u00e1cti lety. Tehdy mi ji nab\u00eddla jako n\u00e1m\u011bt na animovan\u00fd film a m\u011b se od za\u010d\u00e1tku l\u00edbila. Ale n\u011bjak jsem po\u0159\u00e1d nev\u011bd\u011bla, jak k n\u00ed p\u0159istoupit, jak ji uchopit. Proto\u017ee jde p\u0159edev\u0161\u00edm o p\u0159edstavy mal\u00e9 nevidom\u00e9 hol\u010di\u010dky, animace mi p\u0159i\u0161la p\u0159\u00edli\u0161 definuj\u00edc\u00ed, \u017ee bych div\u00e1k\u016fm omezila jejich vklad do p\u0159\u00edb\u011bhu. Hran\u00fd film mi zase ned\u00e1val tolik v\u00fdtvarn\u00fdch mo\u017enost\u00ed a p\u0159edev\u0161\u00edm ve filmu nefunguje tma, kter\u00e1 v tomto p\u0159\u00edb\u011bhu hraje podstatnou roli. Tak\u017ee kdy\u017e m\u011b napadla Laterna, bylo to jasn\u00e9 a mohla jsem naopak rozehr\u00e1t n\u011bkter\u00e9 motivy podrobn\u011bji. V Latern\u011b m\u00e1me \u017eiv\u00fd kontakt s hlavn\u00ed p\u0159edstavitelkou, m\u016f\u017eeme pracovat s hranic\u00ed tmy a sv\u011btla, pou\u017e\u00edvat projekce, \u010dern\u00e9 divadlo a v\u0161e umoc\u0148ovat a doslovovat hudbou, ruchy.<\/p>\n<p><strong>Hlavn\u00ed postavou je mal\u00e1 Ag\u00e1tka, v t\u00e9to roli se budou na jevi\u0161ti Nov\u00e9 sc\u00e9ny st\u0159\u00eddat dv\u011b d\u011btsk\u00e9 here\u010dky. M\u00e1te s nat\u00e1\u010den\u00edm s d\u011btmi sv\u00e9 zku\u0161enosti. Jac\u00ed jsou ti nejmen\u0161\u00ed herci? Dok\u00e1\u017e\u00ed v\u016fbec \u201eztv\u00e1rnit\u201c jin\u00e9 postavy, ne\u017e jsou oni sami?<\/strong><\/p>\n<p>MP: Ide\u00e1ln\u00ed samoz\u0159ejm\u011b je, kdy\u017e se nemus\u00ed p\u0159etva\u0159ovat, kdy\u017e je pro n\u011b to, co maj\u00ed hr\u00e1t, srozumiteln\u00e9. Podstatn\u00e9 je tedy s d\u011btmi mluvit, vysv\u011btlovat co a pro\u010d se d\u011bje. Kdy\u017e se d\u011bti pou\u017e\u00edvaj\u00ed ve filmech jen jako rekvizita, \u0159eknou jim \u201etady si sedni a tva\u0159 se na\u0161tvan\u011b\u201c, t\u0159eba to vyjde, ale kdy\u017e chcete, aby hr\u00e1ly, mus\u00ed ch\u00e1pat pro\u010d. Kdy\u017e se maj\u00ed tv\u00e1\u0159it smutn\u011b, pro\u010d jsou smutn\u00e9, co se jim stalo? S d\u011btmi spolupracuji moc r\u00e1da, proto\u017ee jsou velmi intenzivn\u00ed. Jejich nad\u0161en\u00ed, fantazie, n\u00e1pady, v\u017edycky se nau\u010d\u00edm n\u011bco j\u00e1 od nich.<\/p>\n<p><strong>V inscenaci jste zvolila n\u011bkolik druh\u016f interakce mezi p\u0159edto\u010den\u00fdm \u2013 \u010dasto animovan\u00fdm \u2013 materi\u00e1lem a \u017eiv\u00fdmi herci. M\u016f\u017eete tyto principy stru\u010dn\u011b p\u0159ibl\u00ed\u017eit?<\/strong><\/p>\n<p>MP: Na Latern\u011b magice m\u011b bav\u00ed pr\u00e1v\u011b to propojov\u00e1n\u00ed sv\u011bt\u016f, p\u0159edstav s realitou, s \u017eiv\u00fdm hercem na jevi\u0161ti. \u010casto v na\u0161\u00ed inscenaci budeme n\u011bco ukazovat na projekci na pl\u00e1tn\u011b a z n\u011bj se to vykut\u00e1l\u00ed, vyplave, vylet\u00ed re\u00e1ln\u00e9 na jevi\u0161t\u011b. Tak\u00e9 budeme projekc\u00ed zv\u011bt\u0161ovat prostor a sledovat v\u00edce d\u011bj\u016f z\u00e1rove\u0148, v\u010detn\u011b vzpom\u00ednek, sn\u016f a p\u0159edstav.<\/p>\n<p><strong>Pokud bychom m\u011bli shrnout inscenaci jako celek \u2013 vypr\u00e1v\u00ed o s\u00edle imaginace, o fascinuj\u00edc\u00edm d\u011btsk\u00e9m sv\u011bt\u011b \u010dist\u00e9 fantazie, o kreativit\u011b, kter\u00e1 se v n\u00e1s v d\u011btstv\u00ed probouz\u00ed a kterou bychom si m\u011bli sna\u017eit uchovat co nejd\u00e9le\u2026<\/strong><\/p>\n<p>MP: P\u0159edev\u0161\u00edm je to o objevov\u00e1n\u00ed, pozn\u00e1v\u00e1n\u00ed a radov\u00e1n\u00ed se ze sv\u011bta kolem n\u00e1s. O prchav\u00fdch okam\u017eic\u00edch, kter\u00e9 n\u00e1s n\u011b\u010d\u00edm zaujmou, i o pro\u017eitc\u00edch, vjemech, kter\u00e9 pro n\u00e1s znamenaj\u00ed domov, kam se r\u00e1di vrac\u00edme. A pro m\u011b osobn\u011b je to hodn\u011b l\u00e1sce, kdy\u017e se c\u00edt\u00edte moc milov\u00e1ni, je v\u00e1m dob\u0159e na sv\u011bt\u011b, a\u0165 se d\u011bje cokoli.<\/p>\n<p>Laterna magika<br \/>\nduben 2013<\/p>\n<p>&#8212;&#8212;&#8212;&#8212;&#8212;&#8212;&#8212;&#8212;&#8212;&#8212;&#8212;&#8212;&#8212;&#8212;&#8212;&#8211;<\/p>\n<p>Sc\u00e9n\u00e1\u0159: Maria Proch\u00e1zkov\u00e1<\/p>\n<p>Animace: Maria Proch\u00e1zkov\u00e1<br \/>\nRe\u017eie: Maria Proch\u00e1zkov\u00e1<br \/>\nChoreografie: Zden\u011bk Proke\u0161, Barbora Mandys Pauerov\u00e1<br \/>\nHudba: Marek Doubrava<br \/>\nSc\u00e9na: Jan Novotn\u00fd<br \/>\nKost\u00fdmy: Simona Ryb\u00e1kov\u00e1<br \/>\nKamera: Martin \u0160t\u011bp\u00e1nek<br \/>\nSt\u0159ih: Marek Opatrn\u00fd<br \/>\nZvuk: Jan \u010cen\u011bk<br \/>\nDramaturgie: Daniel P\u0159ibyl<\/p>\n<p><strong>Nov\u00e1 sc\u00e9na ND<\/strong><\/p>\n","protected":false},"excerpt":{"rendered":"<div class=\"mh-excerpt\"><p>Cht\u011bli byste se pod\u00edvat do N\u00e1rodn\u00edho divadla na Novou sc\u00e9nu? Redakce invAreny m\u00e1 pro v\u00e1s, kte\u0159\u00ed jste dr\u017eiteli pr\u016fkaz\u016f OZP, p\u0159ipraveno n\u011bkolik l\u00edstk\u016f zdarma na <a class=\"mh-excerpt-more\" href=\"https:\/\/www.invarena.cz\/?p=3663\" title=\"Chcete vid\u011bt Lindu Rybovou v N\u00e1rodn\u00edm divadle? M\u00e1me pro V\u00e1s l\u00edstky zdarma\">[&#8230;]<\/a><\/p>\n<\/div>","protected":false},"author":1,"featured_media":3664,"comment_status":"open","ping_status":"open","sticky":false,"template":"","format":"standard","meta":{"footnotes":""},"categories":[9],"tags":[],"class_list":["post-3663","post","type-post","status-publish","format-standard","has-post-thumbnail","hentry","category-zpravy"],"_links":{"self":[{"href":"https:\/\/www.invarena.cz\/index.php?rest_route=\/wp\/v2\/posts\/3663","targetHints":{"allow":["GET"]}}],"collection":[{"href":"https:\/\/www.invarena.cz\/index.php?rest_route=\/wp\/v2\/posts"}],"about":[{"href":"https:\/\/www.invarena.cz\/index.php?rest_route=\/wp\/v2\/types\/post"}],"author":[{"embeddable":true,"href":"https:\/\/www.invarena.cz\/index.php?rest_route=\/wp\/v2\/users\/1"}],"replies":[{"embeddable":true,"href":"https:\/\/www.invarena.cz\/index.php?rest_route=%2Fwp%2Fv2%2Fcomments&post=3663"}],"version-history":[{"count":0,"href":"https:\/\/www.invarena.cz\/index.php?rest_route=\/wp\/v2\/posts\/3663\/revisions"}],"wp:featuredmedia":[{"embeddable":true,"href":"https:\/\/www.invarena.cz\/index.php?rest_route=\/wp\/v2\/media\/3664"}],"wp:attachment":[{"href":"https:\/\/www.invarena.cz\/index.php?rest_route=%2Fwp%2Fv2%2Fmedia&parent=3663"}],"wp:term":[{"taxonomy":"category","embeddable":true,"href":"https:\/\/www.invarena.cz\/index.php?rest_route=%2Fwp%2Fv2%2Fcategories&post=3663"},{"taxonomy":"post_tag","embeddable":true,"href":"https:\/\/www.invarena.cz\/index.php?rest_route=%2Fwp%2Fv2%2Ftags&post=3663"}],"curies":[{"name":"wp","href":"https:\/\/api.w.org\/{rel}","templated":true}]}}