{"id":36632,"date":"2021-09-20T15:22:36","date_gmt":"2021-09-20T13:22:36","guid":{"rendered":"http:\/\/www.invarena.cz\/?p=36632"},"modified":"2021-09-20T15:22:37","modified_gmt":"2021-09-20T13:22:37","slug":"myje-podlahu-uvari-kavu-na-invalidni-duchod-jsem-mlady-rika-muz-z-vysociny","status":"publish","type":"post","link":"https:\/\/www.invarena.cz\/?p=36632","title":{"rendered":"Myje podlahu, uva\u0159\u00ed k\u00e1vu. Na invalidn\u00ed d\u016fchod jsem mlad\u00fd, \u0159\u00edk\u00e1 mu\u017e z Vyso\u010diny"},"content":{"rendered":"\n<p>Nejd\u0159\u00edv jsem m\u011bl tr\u00e9mu. Kdy\u017e se mi ale poda\u0159ilo ud\u011blat na\nkafe latte tu spr\u00e1vnou p\u011bnu, sk\u00e1kal jsem radosti, sv\u011b\u0159il se Miroslav Zadina,\nkter\u00fd pracuje u\u017e n\u011bkolik m\u011bs\u00edc\u016f v kav\u00e1rn\u011b v Habrech. Vyst\u0159\u00eddal n\u011bkolik profes\u00ed.\nPracoval jako pomocn\u00e1 s\u00edla v kuchyni v motorestu, coby d\u011bln\u00edk ve v\u00fdrobn\u011b sirup\u016f\na \u010daj\u016f \u010di jako obsluha v bistru i v keramick\u00e9 d\u00edln\u011b. \u201eKa\u017edou pr\u00e1ci beru jako\nv\u00fdzvu,\u201c zd\u016fraz\u0148uje. Miroslav to nem\u00e1 jednoduch\u00e9.<\/p>\n\n\n\n<p>Nem\u00e1 pot\u0159ebn\u00e9 vzd\u011bl\u00e1n\u00ed. V\u011bt\u0161inu \u017eivota str\u00e1vil v \u00fastavu pro lidi s ment\u00e1ln\u00edm a t\u011blesn\u00fdm posti\u017een\u00edm ve Zbo\u017e\u00ed u Habr\u016f. \u201eJ\u00e1 tam musel b\u00fdt. P\u0159i\u0161el jsem o rodi\u010de. S\u00e1m bych se o sebe nepostaral. Skon\u010dil bych na ulici. J\u00e1 neum\u00edm jednat s \u00fa\u0159ady. Spoust\u011b v\u011bc\u00ed nerozum\u00edm. Nedok\u00e1zal bych si z\u0159\u00eddit ani \u00fa\u010det u banky. Nav\u00edc m\u00e1m probl\u00e9my se sluchem,\u201c vypr\u00e1v\u00ed up\u0159\u00edmn\u011b mlad\u00edk, kter\u00fd na prvn\u00ed dojem nep\u016fsob\u00ed jako \u010dlov\u011bk, kter\u00fd by musel \u017e\u00edt ve speci\u00e1ln\u00edm za\u0159\u00edzen\u00ed. <\/p>\n\n\n\n<p>Miroslav je hovorn\u00fd, aktivn\u00ed, sd\u00edln\u00fd a p\u0159\u00e1telsk\u00fd a\u017e p\u0159\u00edli\u0161. Tak\u017ee pro chytr\u00e9ho podvodn\u00edka by byl s\u00e1m bez pomoci druh\u00fdch z\u0159ejm\u011b ide\u00e1ln\u00ed ko\u0159ist\u00ed. Do kav\u00e1rny se Miroslav dostal na n\u00e1vrh \u0159editele Josefa Proch\u00e1zky, kter\u00fd obyvatel\u016fm za\u0159\u00edzen\u00ed ve Zbo\u017e\u00ed nab\u00eddl mo\u017enost pracovat jako pomocn\u00e1 s\u00edla v kav\u00e1rn\u011b v Habrech. \u201eV kav\u00e1rn\u011b ukl\u00edz\u00edm. Myji podlahu, star\u00e1m se o stroj na espresso a \u010dist\u00edm ho. Dovedu u\u017e s\u00e1m p\u0159ipravit k\u00e1vu a don\u00e9st ji z\u00e1kazn\u00edkovi na st\u016fl, skoro jako \u010d\u00ed\u0161n\u00edk,\u201c pochlub\u00ed se hovorn\u00fd mlad\u00edk a dod\u00e1v\u00e1: \u201eJen se mi n\u011bkdy stane, \u017ee si zapomenu vz\u00edt naslouch\u00e1tko. Tak kdy\u017e na m\u011b z\u00e1kazn\u00edk mluv\u00ed, mus\u00edm si d\u00e1vat pozor a d\u00edvat se mu na pusu.\u201c<\/p>\n\n\n\n<p>\u017de vyst\u0159\u00eddal n\u011bkolik zam\u011bstn\u00e1n\u00ed, kde mohl s ohledem na sv\u016fj\nhendikep z\u016fstat n\u011bkdy jen kr\u00e1tkou dobu, bere jako \u017eivotn\u00ed zku\u0161enost. \u201eJsem\nje\u0161t\u011b mlad\u00fd na to, abych jen bral invalidn\u00ed d\u016fchod. V\u0161ude jsem se n\u011bco nau\u010dil.\nT\u0159eba v motorestu se mi l\u00edbilo. Ale kdy\u017e z toho ud\u011blali kas\u00edno, tak jsem tam u\u017e\nnemohl z\u016fstat,\u201c vysv\u011btluje. Ani v kav\u00e1rn\u011b u\u017e dlouho nepobude. V\u011bt\u0161ina obyvatel\nza\u0159\u00edzen\u00ed ve Zbo\u017e\u00ed se st\u011bhuje do P\u00e1vova u Jihlavy. Budou tam \u017e\u00edt ve vlastn\u00edch\ndom\u00e1cnostech s pomoc\u00ed asistenta. \u201eBudu bydlet s\u00e1m a u\u010dit o sebe starat. Z\nP\u00e1vova do Habr\u016f bych jezdit nemohl. Tak\u017ee si budu hledat zas jinou pr\u00e1ci. T\u0159eba\nbudu \u0161kr\u00e1bat zeleninu n\u011bkde v kuchyni. Um\u00edm pracovat s keramikou a dokonce\nv\u00e1zat du\u0161i\u010dkov\u00e9 v\u011bnce,\u201c nezd\u00e1v\u00e1 se odv\u00e1\u017en\u00fd mlad\u00edk.<\/p>\n\n\n\n<p>\u0160t\u011bp\u00e1nka Saadouni<\/p>\n\n\n\n<p>Jihlavsk\u00fd den\u00edk<\/p>\n\n\n\n<p><a rel=\"noreferrer noopener\" aria-label=\" (otev\u0159e se na nov\u00e9 z\u00e1lo\u017ece)\" href=\"https:\/\/jihlavsky.denik.cz\/\" target=\"_blank\">https:\/\/jihlavsky.denik.cz\/<\/a><\/p>\n","protected":false},"excerpt":{"rendered":"<div class=\"mh-excerpt\"><p>Nejd\u0159\u00edv jsem m\u011bl tr\u00e9mu. Kdy\u017e se mi ale poda\u0159ilo ud\u011blat na kafe latte tu spr\u00e1vnou p\u011bnu, sk\u00e1kal jsem radosti, sv\u011b\u0159il se Miroslav Zadina, kter\u00fd pracuje <a class=\"mh-excerpt-more\" href=\"https:\/\/www.invarena.cz\/?p=36632\" title=\"Myje podlahu, uva\u0159\u00ed k\u00e1vu. Na invalidn\u00ed d\u016fchod jsem mlad\u00fd, \u0159\u00edk\u00e1 mu\u017e z Vyso\u010diny\">[&#8230;]<\/a><\/p>\n<\/div>","protected":false},"author":1,"featured_media":15520,"comment_status":"open","ping_status":"closed","sticky":false,"template":"","format":"standard","meta":{"footnotes":""},"categories":[9],"tags":[],"class_list":["post-36632","post","type-post","status-publish","format-standard","has-post-thumbnail","hentry","category-zpravy"],"_links":{"self":[{"href":"https:\/\/www.invarena.cz\/index.php?rest_route=\/wp\/v2\/posts\/36632","targetHints":{"allow":["GET"]}}],"collection":[{"href":"https:\/\/www.invarena.cz\/index.php?rest_route=\/wp\/v2\/posts"}],"about":[{"href":"https:\/\/www.invarena.cz\/index.php?rest_route=\/wp\/v2\/types\/post"}],"author":[{"embeddable":true,"href":"https:\/\/www.invarena.cz\/index.php?rest_route=\/wp\/v2\/users\/1"}],"replies":[{"embeddable":true,"href":"https:\/\/www.invarena.cz\/index.php?rest_route=%2Fwp%2Fv2%2Fcomments&post=36632"}],"version-history":[{"count":0,"href":"https:\/\/www.invarena.cz\/index.php?rest_route=\/wp\/v2\/posts\/36632\/revisions"}],"wp:featuredmedia":[{"embeddable":true,"href":"https:\/\/www.invarena.cz\/index.php?rest_route=\/wp\/v2\/media\/15520"}],"wp:attachment":[{"href":"https:\/\/www.invarena.cz\/index.php?rest_route=%2Fwp%2Fv2%2Fmedia&parent=36632"}],"wp:term":[{"taxonomy":"category","embeddable":true,"href":"https:\/\/www.invarena.cz\/index.php?rest_route=%2Fwp%2Fv2%2Fcategories&post=36632"},{"taxonomy":"post_tag","embeddable":true,"href":"https:\/\/www.invarena.cz\/index.php?rest_route=%2Fwp%2Fv2%2Ftags&post=36632"}],"curies":[{"name":"wp","href":"https:\/\/api.w.org\/{rel}","templated":true}]}}