{"id":36635,"date":"2021-09-20T15:28:44","date_gmt":"2021-09-20T13:28:44","guid":{"rendered":"http:\/\/www.invarena.cz\/?p=36635"},"modified":"2021-09-20T15:28:46","modified_gmt":"2021-09-20T13:28:46","slug":"po-tezkem-porodu-ma-ondra-mozkovou-obrnu-pres-fyzicka-postizeni-neztraci-radost-ze-zivota","status":"publish","type":"post","link":"https:\/\/www.invarena.cz\/?p=36635","title":{"rendered":"Po t\u011b\u017ek\u00e9m porodu m\u00e1 Ondra mozkovou obrnu, p\u0159es fyzick\u00e1 posti\u017een\u00ed neztr\u00e1c\u00ed radost ze \u017eivota"},"content":{"rendered":"\n<p><em>ilustra\u010dn\u00ed foto<\/em><\/p>\n\n\n\n<p>T\u011bhotenstv\u00ed Marie Pavlov\u00e9 prob\u00edhalo bez probl\u00e9m\u016f a\u017e do porodu, kter\u00fd se nakonec l\u00e9ka\u0159i rozhodli vyvolat. B\u011bhem n\u011bho v\u0161ak do\u0161lo u\u00a0jej\u00edho syna k\u00a0p\u0159idu\u0161en\u00ed, kv\u016fli \u010demu\u017e se pot\u00fdk\u00e1 s\u00a0mozkovou obrnou, je\u017e v\u00fdrazn\u011b sni\u017euje jeho pohyblivost. Proto dnes 13let\u00fd Ondra, kter\u00fd u\u017e se sv\u00fdmi 160  centimetry p\u0159erostl i\u00a0maminku, pot\u0159ebuje nov\u00fd v\u011bt\u0161\u00ed elektrick\u00fd voz\u00edk. Na pomoc poji\u0161\u0165ovny rodina, kter\u00e1 \u017eije z\u00a0Mariina platu u\u010ditelky, spol\u00e9hat nem\u016f\u017ee a\u00a0na n\u00e1kladnou investici sama nem\u00e1 finance.<\/p>\n\n\n\n<p>Cel\u00fd \u010dl\u00e1nek naleznete na novinky.cz: <a href=\"https:\/\/www.novinky.cz\/zena\/deti\/clanek\/po-tezkem-porodu-ma-ondra-mozkovou-obrnu-pres-fyzicka-postizeni-neztraci-radost-ze-zivota-40371941\" target=\"_blank\" rel=\"noreferrer noopener\" aria-label=\" (otev\u0159e se na nov\u00e9 z\u00e1lo\u017ece)\">https:\/\/www.novinky.cz\/zena\/deti\/clanek\/po-tezkem-porodu-ma-ondra-mozkovou-obrnu-pres-fyzicka-postizeni-neztraci-radost-ze-zivota-40371941<\/a><\/p>\n","protected":false},"excerpt":{"rendered":"<div class=\"mh-excerpt\"><p>ilustra\u010dn\u00ed foto T\u011bhotenstv\u00ed Marie Pavlov\u00e9 prob\u00edhalo bez probl\u00e9m\u016f a\u017e do porodu, kter\u00fd se nakonec l\u00e9ka\u0159i rozhodli vyvolat. B\u011bhem n\u011bho v\u0161ak do\u0161lo u\u00a0jej\u00edho syna k\u00a0p\u0159idu\u0161en\u00ed, kv\u016fli <a class=\"mh-excerpt-more\" href=\"https:\/\/www.invarena.cz\/?p=36635\" title=\"Po t\u011b\u017ek\u00e9m porodu m\u00e1 Ondra mozkovou obrnu, p\u0159es fyzick\u00e1 posti\u017een\u00ed neztr\u00e1c\u00ed radost ze \u017eivota\">[&#8230;]<\/a><\/p>\n<\/div>","protected":false},"author":1,"featured_media":10607,"comment_status":"open","ping_status":"closed","sticky":false,"template":"","format":"standard","meta":{"footnotes":""},"categories":[9],"tags":[],"class_list":["post-36635","post","type-post","status-publish","format-standard","has-post-thumbnail","hentry","category-zpravy"],"_links":{"self":[{"href":"https:\/\/www.invarena.cz\/index.php?rest_route=\/wp\/v2\/posts\/36635","targetHints":{"allow":["GET"]}}],"collection":[{"href":"https:\/\/www.invarena.cz\/index.php?rest_route=\/wp\/v2\/posts"}],"about":[{"href":"https:\/\/www.invarena.cz\/index.php?rest_route=\/wp\/v2\/types\/post"}],"author":[{"embeddable":true,"href":"https:\/\/www.invarena.cz\/index.php?rest_route=\/wp\/v2\/users\/1"}],"replies":[{"embeddable":true,"href":"https:\/\/www.invarena.cz\/index.php?rest_route=%2Fwp%2Fv2%2Fcomments&post=36635"}],"version-history":[{"count":0,"href":"https:\/\/www.invarena.cz\/index.php?rest_route=\/wp\/v2\/posts\/36635\/revisions"}],"wp:featuredmedia":[{"embeddable":true,"href":"https:\/\/www.invarena.cz\/index.php?rest_route=\/wp\/v2\/media\/10607"}],"wp:attachment":[{"href":"https:\/\/www.invarena.cz\/index.php?rest_route=%2Fwp%2Fv2%2Fmedia&parent=36635"}],"wp:term":[{"taxonomy":"category","embeddable":true,"href":"https:\/\/www.invarena.cz\/index.php?rest_route=%2Fwp%2Fv2%2Fcategories&post=36635"},{"taxonomy":"post_tag","embeddable":true,"href":"https:\/\/www.invarena.cz\/index.php?rest_route=%2Fwp%2Fv2%2Ftags&post=36635"}],"curies":[{"name":"wp","href":"https:\/\/api.w.org\/{rel}","templated":true}]}}