{"id":36679,"date":"2021-09-23T10:55:51","date_gmt":"2021-09-23T08:55:51","guid":{"rendered":"http:\/\/www.invarena.cz\/?p=36679"},"modified":"2021-09-23T10:55:53","modified_gmt":"2021-09-23T08:55:53","slug":"senior-taxi-v-zubri-ma-za-sebou-uspesny-prvni-rok-jizd-bylo-pres-dva-tisice","status":"publish","type":"post","link":"https:\/\/www.invarena.cz\/?p=36679","title":{"rendered":"Senior taxi v Zub\u0159\u00ed m\u00e1 za sebou \u00fasp\u011b\u0161n\u00fd prvn\u00ed rok, j\u00edzd bylo p\u0159es dva tis\u00edce"},"content":{"rendered":"\n<p>V pr\u016fm\u011bru dev\u011bt j\u00edzd denn\u011b absolvuje se sv\u00fdmi z\u00e1kazn\u00edky\n\u0159idi\u010d senior taxi v Zub\u0159\u00ed Luk\u00e1\u0161 Heralt. Slu\u017eba v p\u011bt a p\u016fl tis\u00edcov\u00e9m m\u011bst\u011b\n\u00fasp\u011b\u0161n\u011b funguje od lo\u0148sk\u00e9ho \u010dervence. Za prvn\u00edch dvan\u00e1ct m\u011bs\u00edc\u016f se uskute\u010dnilo\ncelkem 2 221 j\u00edzd. \u0158idi\u010d Luk\u00e1\u0161 Heralt p\u0159i nich s klienty najezdil v\u00edce ne\u017e 26\ntis\u00edc kilometr\u016f.<\/p>\n\n\n\n<p>V prvn\u00edm roce provozov\u00e1n\u00ed senior taxi v Zub\u0159\u00ed si pr\u016fkaz\npot\u0159ebn\u00fd k jej\u00edmu vyu\u017e\u00edv\u00e1n\u00ed vyzvedlo 282 zubersk\u00fdch senior\u016f \u010di dr\u017eitel\u016f pr\u016fkazu\nZTP nebo ZTP\/P. To p\u0159edstavuje zhruba p\u011btinu obyvatel Zub\u0159\u00ed star\u0161\u00edch \u0161edes\u00e1ti\nlet.<\/p>\n\n\n\n<p>\u201eNov\u00ed z\u00e1jemci si mohou vy\u0159\u00eddit svou pr\u016fkazku v kancel\u00e1\u0159i\npodatelny m\u011bstsk\u00e9ho \u00fa\u0159adu zub\u0159\u00ed v \u00fa\u0159edn\u00edch hodin\u00e1ch,\u201c informoval\nprost\u0159ednictv\u00edm radni\u010dn\u00edch Zubersk\u00fdch novin m\u00edstostarosta m\u011bsta Ale\u0161 M\u011brka.<\/p>\n\n\n\n<p>Nej\u010dast\u011bj\u0161\u00edm c\u00edlem klient\u016f senior taxi v Zub\u0159\u00ed byla v\nuplynul\u00e9m roce Poliklinika v Ro\u017enov\u011b pod Radho\u0161t\u011bm (60 procent v\u0161ech j\u00edzd),\nd\u00e1le n\u00e1v\u0161t\u011bvy l\u00e9ka\u0159\u016f a nemocnice ve Vala\u0161sk\u00e9m Mezi\u0159\u00ed\u010d\u00ed (30 procent j\u00edzd).<\/p>\n\n\n\n<p>\u201eZbyl\u00e9 j\u00edzdy vedly po Zub\u0159\u00ed. Rekordn\u00edm dnem byl leto\u0161n\u00ed\npatn\u00e1ct\u00fd \u00fanor, kdy \u0159idi\u010d absolvoval dvaadvacet j\u00edzd,\u201c doplnil M\u011brka.<\/p>\n\n\n\n<p>Z\u00e1kazn\u00edci za dopravu po Zub\u0159\u00ed zaplat\u00ed dvacetikorunu, cesta\ndo Ro\u017enova vyjde na t\u0159icet korun a do Vala\u0161sk\u00e9ho Mezi\u0159\u00ed\u010d\u00ed pades\u00e1t korun.<\/p>\n\n\n\n<p>Celkov\u00e9 n\u00e1klady za slu\u017ebu senior taxi (provoz auta, plat\n\u0159idi\u010de, odvody, pohonn\u00e9 hmoty) za prvn\u00edch dvan\u00e1ct m\u011bs\u00edc\u016f fungov\u00e1n\u00ed lehce\np\u0159ekro\u010dily 442 tis\u00edc korun. P\u0159\u00edjmy \u010dinily 71 tis\u00edc a p\u0159evy\u0161ovaly v\u00fddaje za\npohonn\u00e9 hmoty. M\u011bsto tedy za prvn\u00ed rok provozu dopl\u00e1celo 371 tis\u00edc korun.<\/p>\n\n\n\n<p>Prvn\u00ed byla Za\u0161ov\u00e1<\/p>\n\n\n\n<p>Senior taxi je st\u00e1le popul\u00e1rn\u011bj\u0161\u00ed slu\u017ebou a funguje u\u017e v\n\u0159ad\u011b m\u011bst v regionu. Jej\u00edmi pr\u016fkopn\u00edky na Vala\u0161sku a vlastn\u011b v cel\u00e9m Zl\u00ednsk\u00e9m\nkraji byla obec Za\u0161ov\u00e1, kde ji jako prvn\u00ed zavedli u\u017e v roce 2015.<\/p>\n\n\n\n<p>Jej\u00ed obliba od t\u00e9 doby nijak neopadla. Nen\u00ed dne, kdy by\n\u0159idi\u010d Lubom\u00edr \u0160krob\u00e1k neusedal za volant obecn\u00edho auta a nevezl n\u011bkter\u00e9ho z\np\u0159edem objednan\u00fdch klient\u016f nap\u0159\u00edklad k l\u00e9ka\u0159i, na \u00fa\u0159ad, po\u0161tu \u010di nezbytn\u00fd\nn\u00e1kup.<\/p>\n\n\n\n<p>\u201eMy m\u00e1me velik\u00e9 \u0161t\u011bst\u00ed, \u017ee m\u00e1me \u0159idi\u010de, kter\u00fd je zlat\u00fd\n\u010dlov\u011bk. S\u00e1m u\u017e je tak\u00e9 d\u016fchodce, ale je p\u0159ipraven\u00fd vyrazit kdykoliv mu\nzavol\u00e1m,\u201c chv\u00e1l\u00ed \u0161of\u00e9ra Gabriela Koci\u00e1nov\u00e1 z obecn\u00edho \u00fa\u0159adu v Za\u0161ov\u00e9, kter\u00e1\nfunguje jako dispe\u010derka senior taxi v obci.<\/p>\n\n\n\n<p>Pr\u00e1v\u011b na ni se telefonicky obracej\u00ed m\u00edstn\u00ed senio\u0159i a\ndomlouvaj\u00ed si term\u00edn j\u00edzdy a po\u017eadovan\u00e9 c\u00edlov\u00e9 m\u00edsto. Gabriela Koci\u00e1nov\u00e1 pro\nka\u017ed\u00e9ho p\u0159iprav\u00ed smlouvu na konkr\u00e9tn\u00ed j\u00edzdu. J\u00edzd, kter\u00e9 Lubom\u00edr \u0160krob\u00e1k se\nza\u0161ovsk\u00fdmi seniory absolvuje, je i v Za\u0161ov\u00e9 \u00factyhodn\u00e9 mno\u017estv\u00ed.<\/p>\n\n\n\n<p>\u201eM\u016f\u017ee jich b\u00fdt zhruba kolem sedmi set ro\u010dn\u011b,\u201c odhaduje\nGabriela Koci\u00e1nov\u00e1.<\/p>\n\n\n\n<p>Nej\u010dast\u011bji jsou to pr\u00e1v\u011b j\u00edzdy k l\u00e9ka\u0159\u016fm a do nejbli\u017e\u0161\u00edch\nm\u011bst Vala\u0161sk\u00e9ho Mezi\u0159\u00ed\u010d\u00ed \u010di Ro\u017enova pod Radho\u0161t\u011bm. V\u00fdjimkou ale nejsou ani\nvzd\u00e1len\u011bj\u0161\u00ed c\u00edle, nap\u0159\u00edklad Ostrava, Zl\u00edn \u010di T\u0159inec. \u0158idi\u010d nav\u00edc p\u0159i cest\u00e1ch\nfunguje i jako jak\u00fdsi kur\u00fdr \u2013 doru\u010duje r\u016fzn\u00e9 obecn\u00ed dokumenty nap\u0159\u00edklad na\nkatastr\u00e1ln\u00ed \u00fa\u0159ad a podobn\u011b.<\/p>\n\n\n\n<p>Podle starosty Za\u0161ov\u00e9 Jilj\u00edho Kubrick\u00e9ho se slu\u017eba t\u011b\u0161\u00ed\nvelk\u00e9 oblib\u011b.<\/p>\n\n\n\n<p>\u201eJe pravda, \u017ee ji dotujeme, \u017ee n\u00e1s to n\u011bco stoj\u00ed. Na druhou\nstranu senior\u016f p\u0159ib\u00fdv\u00e1 a je to u nich obl\u00edben\u00e1 slu\u017eba. N\u011bco, po \u010dem je opravdu\npopt\u00e1vka,\u201c v\u0161\u00edm\u00e1 si starosta.<\/p>\n\n\n\n<p>Dod\u00e1v\u00e1, \u017ee autobusov\u00e9 spojen\u00ed do Za\u0161ov\u00e9 nen\u00ed \u00fapln\u011b ide\u00e1ln\u00ed\nnav\u00edc obec je rozlehl\u00e1 a ne ka\u017ed\u00fd to m\u00e1 na zast\u00e1vku bl\u00edzko. \u201eMy m\u00e1me \u0161t\u011bst\u00ed na\n\u0161ikovn\u00e9ho \u0159idi\u010de, kter\u00fd to s lidmi dovede, pom\u016f\u017ee jim nastoupit a podobn\u011b.\nUchytilo se to. Je to n\u011bco, co m\u00e1 smysl,\u201c \u0159\u00edk\u00e1 o senior taxi Jilj\u00ed Kubrick\u00fd.<\/p>\n\n\n\n<p>V posledn\u00edch dvou letech se nav\u00edc poda\u0159ilo n\u00e1klady na provoz\nsenior taxi sn\u00ed\u017eit. Obec toti\u017e po\u0159\u00eddila elektromobil. V brzk\u00e9 dob\u011b p\u0159ibude na\nn\u00e1vsi v Za\u0161ov\u00e9 u kav\u00e1rny a informa\u010dn\u00edho centra iCaf\u00e9 tak\u00e9 dob\u00edjec\u00ed stanice pro\ntento typ voz\u016f.<\/p>\n\n\n\n<p>Prodlu\u017euj\u00ed provozn\u00ed dobu<\/p>\n\n\n\n<p>T\u0159et\u00edm rokem funguje senior taxi tak\u00e9 v Ro\u017enov\u011b pod\nRadho\u0161t\u011bm. Slu\u017ebu mohou vyu\u017e\u00edvat dr\u017eitel\u00e9 Ro\u017enovsk\u00e9 seniorsk\u00e9 karty \u2013 doned\u00e1vna\nka\u017ed\u00fd pracovn\u00ed den od 6 do 14 hodin. Nov\u011b, d\u00edky v\u00fdh\u0159e v sout\u011b\u017ei Obec p\u0159\u00e1telsk\u00e1\nsenior\u016fm se v\u0161ak provozn\u00ed doba do konce listopadu prodlu\u017euje a\u017e do 16 hodin.<\/p>\n\n\n\n<p>\u201ePodle statistik jde vid\u011bt, \u017ee je to slu\u017eba velmi vyu\u017e\u00edvan\u00e1\na spokojenost se n\u00e1m op\u011bt potvrdila v pr\u016fzkumu, kter\u00fd jsme provedli letos v\n\u010dervnu mezi z\u00e1kazn\u00edky. Z pr\u016fzkumu n\u00e1m vy\u0161lo tak\u00e9 n\u011bkolik podn\u011bt\u016f a jedn\u00edm z\nnich bylo prodlou\u017een\u00ed provozn\u00ed doby. Jedn\u00edm z argument\u016f byla nap\u0159\u00edklad\nordina\u010dn\u00ed doba l\u00e9ka\u0159\u016f,\u201c vysv\u011btlil ned\u00e1vno m\u00edstostarosta Ro\u017enova Jan Ku\u010dera.<\/p>\n\n\n\n<p>Senior taxi nab\u00edz\u00ed na Vala\u0161sku tak\u00e9 m\u011bsto Vset\u00edn. Funguje\nt\u0159et\u00edm rokem a podle radnice ji vyu\u017e\u00edv\u00e1 v\u00edce ne\u017e 1 200 m\u00edstn\u00edch obyvatel ve\nv\u011bku 65 a\nv\u00edce let \u010di dr\u017eitel\u016f pr\u016fkaz\u016f ZTP \u010di ZTP\/P. Senior taxi d\u00edky tomu trh\u00e1 rekordy v\npo\u010dtu j\u00edzd. M\u011bs\u00ed\u010dn\u00ed pr\u016fm\u011br se pohybuje kolem 500 j\u00edzd a patn\u00e1cti set ujet\u00fdch\nkilometr\u016f.<\/p>\n\n\n\n<p>\u201eV lo\u0148sk\u00e9m roce dopl\u00e1celo m\u011bsto za tuto slu\u017ebu \u0161est set\ntis\u00edc korun,\u201c uvedla u\u017e d\u0159\u00edve m\u00edstostarostka Vset\u00edna Simona Hlav\u00e1\u010dov\u00e1. Na\nleto\u0161ek m\u00e1 m\u011bsto na senior taxi v rozpo\u010dtu rovn\u00fd milion.<\/p>\n\n\n\n<p>Michal Burda<\/p>\n\n\n\n<p>Vala\u0161sk\u00fd den\u00edk<\/p>\n\n\n\n<p><a rel=\"noreferrer noopener\" aria-label=\" (otev\u0159e se na nov\u00e9 z\u00e1lo\u017ece)\" href=\"https:\/\/valassky.denik.cz\/\" target=\"_blank\">https:\/\/valassky.denik.cz\/<\/a><\/p>\n","protected":false},"excerpt":{"rendered":"<div class=\"mh-excerpt\"><p>V pr\u016fm\u011bru dev\u011bt j\u00edzd denn\u011b absolvuje se sv\u00fdmi z\u00e1kazn\u00edky \u0159idi\u010d senior taxi v Zub\u0159\u00ed Luk\u00e1\u0161 Heralt. Slu\u017eba v p\u011bt a p\u016fl tis\u00edcov\u00e9m m\u011bst\u011b \u00fasp\u011b\u0161n\u011b funguje <a class=\"mh-excerpt-more\" href=\"https:\/\/www.invarena.cz\/?p=36679\" title=\"Senior taxi v Zub\u0159\u00ed m\u00e1 za sebou \u00fasp\u011b\u0161n\u00fd prvn\u00ed rok, j\u00edzd bylo p\u0159es dva tis\u00edce\">[&#8230;]<\/a><\/p>\n<\/div>","protected":false},"author":1,"featured_media":30317,"comment_status":"open","ping_status":"closed","sticky":false,"template":"","format":"standard","meta":{"footnotes":""},"categories":[9],"tags":[],"class_list":["post-36679","post","type-post","status-publish","format-standard","has-post-thumbnail","hentry","category-zpravy"],"_links":{"self":[{"href":"https:\/\/www.invarena.cz\/index.php?rest_route=\/wp\/v2\/posts\/36679","targetHints":{"allow":["GET"]}}],"collection":[{"href":"https:\/\/www.invarena.cz\/index.php?rest_route=\/wp\/v2\/posts"}],"about":[{"href":"https:\/\/www.invarena.cz\/index.php?rest_route=\/wp\/v2\/types\/post"}],"author":[{"embeddable":true,"href":"https:\/\/www.invarena.cz\/index.php?rest_route=\/wp\/v2\/users\/1"}],"replies":[{"embeddable":true,"href":"https:\/\/www.invarena.cz\/index.php?rest_route=%2Fwp%2Fv2%2Fcomments&post=36679"}],"version-history":[{"count":0,"href":"https:\/\/www.invarena.cz\/index.php?rest_route=\/wp\/v2\/posts\/36679\/revisions"}],"wp:featuredmedia":[{"embeddable":true,"href":"https:\/\/www.invarena.cz\/index.php?rest_route=\/wp\/v2\/media\/30317"}],"wp:attachment":[{"href":"https:\/\/www.invarena.cz\/index.php?rest_route=%2Fwp%2Fv2%2Fmedia&parent=36679"}],"wp:term":[{"taxonomy":"category","embeddable":true,"href":"https:\/\/www.invarena.cz\/index.php?rest_route=%2Fwp%2Fv2%2Fcategories&post=36679"},{"taxonomy":"post_tag","embeddable":true,"href":"https:\/\/www.invarena.cz\/index.php?rest_route=%2Fwp%2Fv2%2Ftags&post=36679"}],"curies":[{"name":"wp","href":"https:\/\/api.w.org\/{rel}","templated":true}]}}