{"id":36682,"date":"2021-09-24T20:44:51","date_gmt":"2021-09-24T18:44:51","guid":{"rendered":"http:\/\/www.invarena.cz\/?p=36682"},"modified":"2021-09-24T20:44:53","modified_gmt":"2021-09-24T18:44:53","slug":"prace-v-chranene-dilne","status":"publish","type":"post","link":"https:\/\/www.invarena.cz\/?p=36682","title":{"rendered":"Pr\u00e1ce v chr\u00e1n\u011bn\u00e9 d\u00edln\u011b"},"content":{"rendered":"\n<p>Dotaz:<\/p>\n\n\n\n<p>M\u00e1m pr\u016fkaz ZTP\/P. Cht\u011bl bych pracovat v jedn\u00e9 chr\u00e1n\u011bn\u00e9 d\u00edln\u011b. Bude na<br>mne dost\u00e1vat m\u016fj budouc\u00ed zam\u011bstnavatel n\u011bjak\u00e9 dotace, pokud m\u00e1m pr\u016fkaz<br>ZTP\/P?<\/p>\n\n\n\n<p>Odpov\u011b\u010f:<\/p>\n\n\n\n<p>Zam\u011bstnavatel, jen\u017e zam\u011bstn\u00e1v\u00e1 v\u00edce jak 50 % osob se zdravotn\u00edm<br>posti\u017een\u00edm, m\u016f\u017ee \u00daP po\u017e\u00e1dat o n\u011bkolik p\u0159\u00edsp\u011bvk\u016f, kter\u00e9 jsou ur\u010deny na<br>zam\u011bstn\u00e1v\u00e1n\u00ed zdravotn\u011b posti\u017een\u00fdch osob.<\/p>\n\n\n\n<p>Dle z\u00e1kona o zam\u011bstnanoci jsou za osoby se zdravotn\u00edm posti\u017een\u00edm<br>pova\u017eov\u00e1ny ty osoby, kter\u00e9 pob\u00edraj\u00ed invalidn\u00ed d\u016fchod pro invaliditu I.<br>a\u017e III. stupn\u011b nebo jim byl p\u0159izn\u00e1n statut osoby zdravotn\u011b znev\u00fdhodn\u011bn\u00e9.<br>Skute\u010dnost, \u017ee jste dr\u017eitelem pr\u016fkazu ZTP\/P, pro VA\u0161eho zam\u011bstnavatele<br>nezajist\u00ed n\u00e1rok na p\u0159\u00edsp\u011bvky na zam\u011bstn\u00e1v\u00e1n\u00ed osob se zdravotn\u00edm<br>posti\u017een\u00edm. Je nutn\u00e9, abyste na okresn\u00ed spr\u00e1v\u011b soci\u00e1ln\u00edho zabezpe\u010den\u00ed<br>po\u017e\u00e1dal o p\u0159izn\u00e1n\u00ed invalidn\u00edho d\u016fchodu nebo statutu osoby zdravotn\u011b<br>znev\u00fdhodn\u011bn\u00e9, kter\u00fd je p\u0159izn\u00e1v\u00e1n osob\u00e1m s leh\u010d\u00edm zdravotn\u00edm posti\u017een\u00edn,<br>je\u017e nemaj\u00ed n\u00e1rok na p\u0159izn\u00e1n\u00ed invalidn\u00edho d\u016fchodu.<\/p>\n\n\n\n<p>admin<\/p>\n","protected":false},"excerpt":{"rendered":"<div class=\"mh-excerpt\"><p>Dotaz: M\u00e1m pr\u016fkaz ZTP\/P. Cht\u011bl bych pracovat v jedn\u00e9 chr\u00e1n\u011bn\u00e9 d\u00edln\u011b. Bude namne dost\u00e1vat m\u016fj budouc\u00ed zam\u011bstnavatel n\u011bjak\u00e9 dotace, pokud m\u00e1m pr\u016fkazZTP\/P? Odpov\u011b\u010f: Zam\u011bstnavatel, jen\u017e <a class=\"mh-excerpt-more\" href=\"https:\/\/www.invarena.cz\/?p=36682\" title=\"Pr\u00e1ce v chr\u00e1n\u011bn\u00e9 d\u00edln\u011b\">[&#8230;]<\/a><\/p>\n<\/div>","protected":false},"author":1,"featured_media":17403,"comment_status":"open","ping_status":"closed","sticky":false,"template":"","format":"standard","meta":{"footnotes":""},"categories":[18],"tags":[],"class_list":["post-36682","post","type-post","status-publish","format-standard","has-post-thumbnail","hentry","category-poradna"],"_links":{"self":[{"href":"https:\/\/www.invarena.cz\/index.php?rest_route=\/wp\/v2\/posts\/36682","targetHints":{"allow":["GET"]}}],"collection":[{"href":"https:\/\/www.invarena.cz\/index.php?rest_route=\/wp\/v2\/posts"}],"about":[{"href":"https:\/\/www.invarena.cz\/index.php?rest_route=\/wp\/v2\/types\/post"}],"author":[{"embeddable":true,"href":"https:\/\/www.invarena.cz\/index.php?rest_route=\/wp\/v2\/users\/1"}],"replies":[{"embeddable":true,"href":"https:\/\/www.invarena.cz\/index.php?rest_route=%2Fwp%2Fv2%2Fcomments&post=36682"}],"version-history":[{"count":0,"href":"https:\/\/www.invarena.cz\/index.php?rest_route=\/wp\/v2\/posts\/36682\/revisions"}],"wp:featuredmedia":[{"embeddable":true,"href":"https:\/\/www.invarena.cz\/index.php?rest_route=\/wp\/v2\/media\/17403"}],"wp:attachment":[{"href":"https:\/\/www.invarena.cz\/index.php?rest_route=%2Fwp%2Fv2%2Fmedia&parent=36682"}],"wp:term":[{"taxonomy":"category","embeddable":true,"href":"https:\/\/www.invarena.cz\/index.php?rest_route=%2Fwp%2Fv2%2Fcategories&post=36682"},{"taxonomy":"post_tag","embeddable":true,"href":"https:\/\/www.invarena.cz\/index.php?rest_route=%2Fwp%2Fv2%2Ftags&post=36682"}],"curies":[{"name":"wp","href":"https:\/\/api.w.org\/{rel}","templated":true}]}}