{"id":36685,"date":"2021-09-24T20:48:45","date_gmt":"2021-09-24T18:48:45","guid":{"rendered":"http:\/\/www.invarena.cz\/?p=36685"},"modified":"2021-09-24T20:48:47","modified_gmt":"2021-09-24T18:48:47","slug":"nemoc-z-povolani","status":"publish","type":"post","link":"https:\/\/www.invarena.cz\/?p=36685","title":{"rendered":"Nemoc z povol\u00e1n\u00ed"},"content":{"rendered":"\n<p>Dotaz:<\/p>\n\n\n\n<p>Byl mi p\u0159izn\u00e1n invalidn\u00ed d\u016fchod I. stupn\u011b z d\u016fvodu nemoc\u00ed z<br>povol\u00e1n\u00ed. Bude mi st\u00e1t hradit i rentu za nemoc z povol\u00e1n\u00ed, d\u00edky kter\u00e9<br>m\u00e1m ni\u017e\u0161\u00ed p\u0159\u00edjem, ne\u017e v dob\u011b, kdy jsem chodil do pr\u00e1ce?<\/p>\n\n\n\n<p>Odpov\u011b\u010f:<\/p>\n\n\n\n<p>St\u00e1t V\u00e1m nebude vypl\u00e1cet rentu, kter\u00e1 je vypl\u00e1cena osob\u00e1m, je\u017e<br>onemocn\u011bli nemoc\u00ed z povol\u00e1n\u00ed. Ve V\u00e1mi popsan\u00e9m p\u0159\u00edpad\u011b se mus\u00edte obr\u00e1tit<br>na sv\u00e9ho b\u00fdval\u00e9ho zam\u011bstnavatele a po\u017e\u00e1dat ho o vypl\u00e1cen\u00ed renty z d\u016fvodu<br>onemocn\u011bn\u00ed nemoc\u00ed z povol\u00e1n\u00ed. Zam\u011bstnavatel by m\u011bl pak v\u0161e za\u0159\u00eddit s<br>poji\u0161\u0165ovnou, u kter\u00e9 je pro uveden\u00fd \u00fa\u010del poji\u0161t\u011bn. Zam\u011bstnavateli budete<br>muset poskytnout ve\u0161ker\u00e9 dokumenty, kter\u00e9 po V\u00e1s bude poadovat. Bude se<br>jednat zejm\u00e9na o l\u00e9ka\u0159sk\u00e9 posudky o Va\u0161em zdravotn\u00edm stavu a o posudek,<br>j\u00edm\u017e V\u00e1m bylo Va\u0161e onemocn\u011bn\u00ed uzn\u00e1no jako onemocn\u011bn\u00ed z povol\u00e1n\u00ed.<\/p>\n\n\n\n<p>admin <\/p>\n","protected":false},"excerpt":{"rendered":"<div class=\"mh-excerpt\"><p>Dotaz: Byl mi p\u0159izn\u00e1n invalidn\u00ed d\u016fchod I. stupn\u011b z d\u016fvodu nemoc\u00ed zpovol\u00e1n\u00ed. Bude mi st\u00e1t hradit i rentu za nemoc z povol\u00e1n\u00ed, d\u00edky kter\u00e9m\u00e1m ni\u017e\u0161\u00ed <a class=\"mh-excerpt-more\" href=\"https:\/\/www.invarena.cz\/?p=36685\" title=\"Nemoc z povol\u00e1n\u00ed\">[&#8230;]<\/a><\/p>\n<\/div>","protected":false},"author":1,"featured_media":16469,"comment_status":"open","ping_status":"closed","sticky":false,"template":"","format":"standard","meta":{"footnotes":""},"categories":[18],"tags":[],"class_list":["post-36685","post","type-post","status-publish","format-standard","has-post-thumbnail","hentry","category-poradna"],"_links":{"self":[{"href":"https:\/\/www.invarena.cz\/index.php?rest_route=\/wp\/v2\/posts\/36685","targetHints":{"allow":["GET"]}}],"collection":[{"href":"https:\/\/www.invarena.cz\/index.php?rest_route=\/wp\/v2\/posts"}],"about":[{"href":"https:\/\/www.invarena.cz\/index.php?rest_route=\/wp\/v2\/types\/post"}],"author":[{"embeddable":true,"href":"https:\/\/www.invarena.cz\/index.php?rest_route=\/wp\/v2\/users\/1"}],"replies":[{"embeddable":true,"href":"https:\/\/www.invarena.cz\/index.php?rest_route=%2Fwp%2Fv2%2Fcomments&post=36685"}],"version-history":[{"count":0,"href":"https:\/\/www.invarena.cz\/index.php?rest_route=\/wp\/v2\/posts\/36685\/revisions"}],"wp:featuredmedia":[{"embeddable":true,"href":"https:\/\/www.invarena.cz\/index.php?rest_route=\/wp\/v2\/media\/16469"}],"wp:attachment":[{"href":"https:\/\/www.invarena.cz\/index.php?rest_route=%2Fwp%2Fv2%2Fmedia&parent=36685"}],"wp:term":[{"taxonomy":"category","embeddable":true,"href":"https:\/\/www.invarena.cz\/index.php?rest_route=%2Fwp%2Fv2%2Fcategories&post=36685"},{"taxonomy":"post_tag","embeddable":true,"href":"https:\/\/www.invarena.cz\/index.php?rest_route=%2Fwp%2Fv2%2Ftags&post=36685"}],"curies":[{"name":"wp","href":"https:\/\/api.w.org\/{rel}","templated":true}]}}