{"id":36694,"date":"2021-09-29T14:07:28","date_gmt":"2021-09-29T12:07:28","guid":{"rendered":"http:\/\/www.invarena.cz\/?p=36694"},"modified":"2021-09-29T14:07:30","modified_gmt":"2021-09-29T12:07:30","slug":"zdravotne-postizenym-pomaha-tremosenske-sdruzeni-exodus-temer-30-let","status":"publish","type":"post","link":"https:\/\/www.invarena.cz\/?p=36694","title":{"rendered":"Zdravotn\u011b posti\u017een\u00fdm pom\u00e1h\u00e1 t\u0159emo\u0161ensk\u00e9 sdru\u017een\u00ed Exodus t\u00e9m\u011b\u0159 30 let"},"content":{"rendered":"\n<p>U\u017e t\u00e9m\u011b\u0159 30 let funguje v T\u0159emo\u0161n\u00e9 u Plzn\u011b Sdru\u017een\u00ed ob\u010dan\u016f\nExodus. Poskytuje \u010dty\u0159i soci\u00e1ln\u00ed slu\u017eby: soci\u00e1ln\u011b terapeutickou d\u00edlnu,\nodleh\u010dovac\u00ed slu\u017ebu, soci\u00e1ln\u00ed rehabilitaci a centrum denn\u00edch slu\u017eeb.<\/p>\n\n\n\n<p>\u201eSlou\u017e\u00edme osob\u00e1m se zdravotn\u00edm posti\u017een\u00edm z cel\u00e9 \u010cesk\u00e9\nrepubliky. Neslou\u017e\u00edme v\u0161ak jako \u00fastav, ve kter\u00e9m jsou u\u017eivatel\u00e9 na st\u00e1lo.\nChceme b\u00fdt jak\u00fdmsi odrazov\u00fdm m\u016fstkem, aby si lid\u00e9 mohli v budoucnu za\u0159\u00eddit v\u0161e\npot\u0159ebn\u00e9 sami. Zdravotn\u011b posti\u017een\u00e9 se tedy sna\u017e\u00edme \u201epostavit na vlastn\u00ed nohy\u201c.\nMohou si u n\u00e1s v\u0161e pot\u0159ebn\u00e9 natr\u00e9novat, z\u00edskaj\u00ed tady cenn\u00e9 zku\u0161enosti,\u201c\npopisuje \u0159editel sdru\u017een\u00ed Vojt\u011bch \u017di\u017eka.<\/p>\n\n\n\n<p>Sdru\u017een\u00ed provozuje dv\u011b chr\u00e1n\u011bn\u00e9 d\u00edlny \u2013 keramickou a\ndigitaliza\u010dn\u00ed. \u201eD\u00edlny jsou ur\u010den\u00e9 pr\u00e1v\u011b handicapovan\u00fdm osob\u00e1m. V keramick\u00e9\nd\u00edln\u011b vyr\u00e1b\u00ed zdravotn\u011b posti\u017een\u00ed u\u017eitkovou a dekorativn\u00ed keramiku, jako hrnky,\nv\u00e1zy nebo misti\u010dky. Digitaliza\u010dn\u00ed se zab\u00fdv\u00e1 p\u0159evodem fyzick\u00fdch dokument\u016f (knih,\nVHS nebo diapozitiv) do elektronick\u00e9 podoby. Dohromady pracuje v d\u00edln\u00e1ch asi 30\nlid\u00ed. Jde p\u0159ev\u00e1\u017en\u011b o t\u011blesn\u011b posti\u017een\u00e9 osoby,\u201c vysv\u011btluje d\u00e1le \u017di\u017eka.<\/p>\n\n\n\n<p>Exodus po\u0159\u00e1d\u00e1 tak\u00e9 \u0159adu kulturn\u00edch akc\u00ed, do kter\u00fdch se sna\u017e\u00ed\nzapojovat pr\u00e1v\u011b lidi se zdravotn\u00edm posti\u017een\u00edm. \u201eJde n\u00e1m o socializaci t\u011bchto\nlid\u00ed. Na po\u010d\u00e1tku na\u0161eho p\u016fsoben\u00ed jsme za\u010dali po\u0159\u00e1dat r\u016fzn\u00e9 kurzy a krou\u017eky, a\nto jak pro osoby s posti\u017een\u00edm, tak pro zdrav\u00e9 lidi. Postupem \u010dasu jsme se\nrozhodli organizovat i velk\u00e9 kulturn\u00ed akce. Na\u0161\u00ed vlajkovou lod\u00ed je Jazzfest,\nkter\u00fd po\u0159\u00e1d\u00e1me spolu s t\u0159emo\u0161enskou ZU\u0160kou a m\u011bstem T\u0159emo\u0161n\u00e1. Na festivalu\nvystupuj\u00ed n\u011bkdy i lid\u00e9 se zdravotn\u00edm posti\u017een\u00edm nebo n\u00e1m jen pom\u00e1haj\u00ed s\norganizac\u00ed a p\u0159\u00edpravou. Po\u0159\u00e1d\u00e1me tak\u00e9 charitativn\u00ed b\u011bhy. Ve\u0161ker\u00fd v\u00fdt\u011b\u017eek z nich\nputuje zdravotn\u011b posti\u017een\u00e9mu \u010dlov\u011bku. M\u016f\u017ee ale pomoci i zdrav\u00e9mu \u010dlov\u011bku, kter\u00fd\nse ocitl ve slo\u017eit\u00e9 \u017eivotn\u00ed situaci,\u201c uzav\u00edr\u00e1 \u0159editel.<\/p>\n\n\n\n<p>Lenka Prok\u0161ov\u00e1<\/p>\n\n\n\n<p>Plze\u0148sk\u00fd den\u00edk<\/p>\n\n\n\n<p><a rel=\"noreferrer noopener\" aria-label=\" (otev\u0159e se na nov\u00e9 z\u00e1lo\u017ece)\" href=\"https:\/\/plzensky.denik.cz\/\" target=\"_blank\">https:\/\/plzensky.denik.cz\/<\/a><\/p>\n","protected":false},"excerpt":{"rendered":"<div class=\"mh-excerpt\"><p>U\u017e t\u00e9m\u011b\u0159 30 let funguje v T\u0159emo\u0161n\u00e9 u Plzn\u011b Sdru\u017een\u00ed ob\u010dan\u016f Exodus. Poskytuje \u010dty\u0159i soci\u00e1ln\u00ed slu\u017eby: soci\u00e1ln\u011b terapeutickou d\u00edlnu, odleh\u010dovac\u00ed slu\u017ebu, soci\u00e1ln\u00ed rehabilitaci a centrum <a class=\"mh-excerpt-more\" href=\"https:\/\/www.invarena.cz\/?p=36694\" title=\"Zdravotn\u011b posti\u017een\u00fdm pom\u00e1h\u00e1 t\u0159emo\u0161ensk\u00e9 sdru\u017een\u00ed Exodus t\u00e9m\u011b\u0159 30 let\">[&#8230;]<\/a><\/p>\n<\/div>","protected":false},"author":1,"featured_media":17403,"comment_status":"open","ping_status":"closed","sticky":false,"template":"","format":"standard","meta":{"footnotes":""},"categories":[9],"tags":[],"class_list":["post-36694","post","type-post","status-publish","format-standard","has-post-thumbnail","hentry","category-zpravy"],"_links":{"self":[{"href":"https:\/\/www.invarena.cz\/index.php?rest_route=\/wp\/v2\/posts\/36694","targetHints":{"allow":["GET"]}}],"collection":[{"href":"https:\/\/www.invarena.cz\/index.php?rest_route=\/wp\/v2\/posts"}],"about":[{"href":"https:\/\/www.invarena.cz\/index.php?rest_route=\/wp\/v2\/types\/post"}],"author":[{"embeddable":true,"href":"https:\/\/www.invarena.cz\/index.php?rest_route=\/wp\/v2\/users\/1"}],"replies":[{"embeddable":true,"href":"https:\/\/www.invarena.cz\/index.php?rest_route=%2Fwp%2Fv2%2Fcomments&post=36694"}],"version-history":[{"count":0,"href":"https:\/\/www.invarena.cz\/index.php?rest_route=\/wp\/v2\/posts\/36694\/revisions"}],"wp:featuredmedia":[{"embeddable":true,"href":"https:\/\/www.invarena.cz\/index.php?rest_route=\/wp\/v2\/media\/17403"}],"wp:attachment":[{"href":"https:\/\/www.invarena.cz\/index.php?rest_route=%2Fwp%2Fv2%2Fmedia&parent=36694"}],"wp:term":[{"taxonomy":"category","embeddable":true,"href":"https:\/\/www.invarena.cz\/index.php?rest_route=%2Fwp%2Fv2%2Fcategories&post=36694"},{"taxonomy":"post_tag","embeddable":true,"href":"https:\/\/www.invarena.cz\/index.php?rest_route=%2Fwp%2Fv2%2Ftags&post=36694"}],"curies":[{"name":"wp","href":"https:\/\/api.w.org\/{rel}","templated":true}]}}