{"id":36697,"date":"2021-09-30T12:55:14","date_gmt":"2021-09-30T10:55:14","guid":{"rendered":"http:\/\/www.invarena.cz\/?p=36697"},"modified":"2021-09-30T12:55:16","modified_gmt":"2021-09-30T10:55:16","slug":"uspesna-benefice-lide-vybrali-pro-klarku-vice-nez-ctvrt-milionu-korun","status":"publish","type":"post","link":"https:\/\/www.invarena.cz\/?p=36697","title":{"rendered":"\u00dasp\u011b\u0161n\u00e1 benefice! Lid\u00e9 vybrali pro Kl\u00e1rku v\u00edce ne\u017e \u010dtvrt milionu korun"},"content":{"rendered":"\n<p>Mal\u00e1 Kl\u00e1rka Dole\u017ealov\u00e1 ze Such\u00e9 Lhoty sed\u00ed ve speci\u00e1ln\u00ed\n\u017eidli\u010dce, ob\u010das se usm\u011bje. Ani nev\u00ed, \u017ee ty stovky lid\u00ed se sjely do P\u0159\u00edluky jen\nkv\u016fli n\u00ed. Oblastn\u00ed charita Nov\u00e9 Hrady uspo\u0159\u00e1dala pro ro\u010dn\u00ed hol\u010di\u010dku se vz\u00e1cn\u00fdm\nonemocn\u011bn\u00edm benefi\u010dn\u00ed akci, kter\u00e1 vynesla v\u00edce ne\u017e \u010dtvrt milionu korun.<\/p>\n\n\n\n<p>Kl\u00e1rka se narodila vloni v kv\u011btnu ve Svitavsk\u00e9 nemocnici\njako zdrav\u00e9 miminko. Pozd\u011bji se ale uk\u00e1zalo, \u017ee v\u0161echno je jinak. V osmi\nm\u011bs\u00edc\u00edch j\u00ed byla zji\u0161t\u011bna epilepsie a nav\u00edc je\u0161t\u011b vrozen\u00e1 v\u00fdvojov\u00e1 vada mozku.<\/p>\n\n\n\n<p>\u201eU\u017e v t\u011bhotenstv\u00ed se Kl\u00e1rce \u0161patn\u011b vyvinul mozek,\nnezvr\u00e1snila se j\u00ed \u0161ed\u00e1 k\u016fra mozkov\u00e1, jak je obvykl\u00e9 u zdrav\u00fdch d\u011bt\u00ed. To m\u00e1\ndopad jak na psychomotorick\u00fd v\u00fdvoj, tak na ment\u00e1ln\u00ed v\u00fdvoj Kl\u00e1rky a je s t\u00edm\ntak\u00e9 spojen\u00e9 posti\u017een\u00ed zraku. Jedn\u00e1 se o p\u0159enos mezi okem a mozkem, kdy Kl\u00e1rka\nm\u00e1 chv\u00edle, kdy vid\u00ed dob\u0159e, a chv\u00edle, kdy nevid\u00ed v\u016fbec,\u201c p\u0159ibli\u017euje onemocn\u011bn\u00ed\ndcerky maminka B\u00e1ra Heroldov\u00e1.<\/p>\n\n\n\n<p>Hol\u010di\u010dka v roce a \u010dty\u0159ech m\u011bs\u00edc\u00edch nechod\u00ed, neleze ani se\nneoto\u010d\u00ed a nedok\u00e1\u017ee sed\u011bt sama bez opory. P\u00e9\u010de je pro rodi\u010de n\u00e1ro\u010dn\u00e1 fyzicky,\npsychicky i finan\u010dn\u011b.<\/p>\n\n\n\n<p>\u201eM\u00e1me za sebou jeden pobyt v l\u00e9\u010debn\u011b na Ko\u0161umberku, ale te\u010f\nchceme za\u010d\u00edt jezdit do soukrom\u00e9ho rehabilita\u010dn\u00edho centra v Hranic\u00edch u Ostravy.\nJe to tam na jin\u00e9 \u00farovni, p\u00e9\u010de je intenzivn\u011bj\u0161\u00ed,\u201c popisuje Heroldov\u00e1.<\/p>\n\n\n\n<p>Toho, co mus\u00ed s malou Kl\u00e1rkou ka\u017ed\u00fd den ud\u011blat, je spousta.\n\u201eBar\u010da m\u00e1 seznam, kde je asi osmn\u00e1ct bod\u016f, co s Kl\u00e1rkou mus\u00ed splnit. M\u00ed\u010dkov\u00e1n\u00ed,\nmas\u00e1\u017ee, u\u010d\u00ed se rukama chytat fazole v misce\u2026 Den je docela nabit\u00fd, za\u010d\u00edn\u00e1me\nr\u00e1no a kon\u010d\u00edme, kdy\u017e jde sp\u00e1t, a jsme r\u00e1di, \u017ee m\u00e1me chvilku pro sebe,\u201c \u0159\u00edk\u00e1\ntat\u00ednek Kl\u00e1rky Franti\u0161ek Dole\u017eal.<\/p>\n\n\n\n<p>Rodi\u010de mal\u00e9 Kl\u00e1rky byli p\u0159ekvapen\u00ed, kolik lid\u00ed je p\u0159ijelo na\nbenefi\u010dn\u00ed akci do P\u0159\u00edluky podpo\u0159it. \u201eJe to pro n\u00e1s \u0161ok. Mysleli jsme, \u017ee to\nbude p\u0159\u00e1telsk\u00e9 sousedsk\u00e9 posezen\u00ed a nakonec je to takov\u00e9 okresn\u00ed. Skv\u011bl\u00e9. Jsme\n\u0161\u0165astn\u00ed, \u017ee p\u0159i\u0161lo tolik lid\u00ed,\u201c dod\u00e1v\u00e1 maminka.<\/p>\n\n\n\n<p>Po\u0159adatel\u00e9 p\u0159ipravili pro n\u00e1v\u0161t\u011bvn\u00edky fotbalov\u00fd turnaj,\nprogram pro rodiny a b\u011b\u017eeckou trasu na p\u011bt kilometr\u016f. Rodiny vyrazily na\nkilometrov\u00fd okruh s n\u011bkolika \u00fakoly pro d\u011bti. Benefi\u010dn\u00ed akce vynesla 251 050\nkorun a novohradsk\u00e1 charita k tomu p\u0159id\u00e1 28 500 korun.<\/p>\n\n\n\n<p>Rodina u\u017e v\u00ed, na co pen\u00edze pou\u017eije. \u201eChceme Kl\u00e1rce po\u0159\u00eddit\nrehabilita\u010dn\u00ed ko\u010d\u00e1rek, kter\u00fd stoj\u00ed asi 80 tis\u00edc korun. Podle poji\u0161\u0165oven na n\u011bj\nnem\u00e1me je\u0161t\u011b n\u00e1rok, proto\u017ee je a\u017e od dvou let. Ale nechceme dce\u0159i kazit z\u00e1da,\u201c\npodot\u00fdk\u00e1 maminka. Za dva t\u00fddny je \u010dek\u00e1 prvn\u00ed pobyt v rehabilita\u010dn\u00edm centru. A\nd\u00edky vybran\u00e9 \u010d\u00e1stce rozhodn\u011b nebude posledn\u00ed.<\/p>\n\n\n\n<p>Sb\u00edrka nad\u00e1le pokra\u010duje. Kl\u00e1rka pot\u0159ebuje kompenza\u010dn\u00ed\npom\u016fcky, kter\u00e9 j\u00ed usnadn\u00ed \u017eivot. Kdo by cht\u011bl p\u0159isp\u011bt, m\u016f\u017ee poslat pen\u00edze na\ntransparentn\u00ed \u00fa\u010det \u010d\u00edslo 299914236\/0300.<\/p>\n\n\n\n<p>Iveta N\u00e1dvorn\u00edkov\u00e1<\/p>\n\n\n\n<p>Svitavsk\u00fd den\u00edk<\/p>\n\n\n\n<p><a rel=\"noreferrer noopener\" aria-label=\" (otev\u0159e se na nov\u00e9 z\u00e1lo\u017ece)\" href=\"https:\/\/svitavsky.denik.cz\/\" target=\"_blank\">https:\/\/svitavsky.denik.cz\/<\/a><\/p>\n","protected":false},"excerpt":{"rendered":"<div class=\"mh-excerpt\"><p>Mal\u00e1 Kl\u00e1rka Dole\u017ealov\u00e1 ze Such\u00e9 Lhoty sed\u00ed ve speci\u00e1ln\u00ed \u017eidli\u010dce, ob\u010das se usm\u011bje. Ani nev\u00ed, \u017ee ty stovky lid\u00ed se sjely do P\u0159\u00edluky jen kv\u016fli <a class=\"mh-excerpt-more\" href=\"https:\/\/www.invarena.cz\/?p=36697\" title=\"\u00dasp\u011b\u0161n\u00e1 benefice! Lid\u00e9 vybrali pro Kl\u00e1rku v\u00edce ne\u017e \u010dtvrt milionu korun\">[&#8230;]<\/a><\/p>\n<\/div>","protected":false},"author":1,"featured_media":24717,"comment_status":"open","ping_status":"closed","sticky":false,"template":"","format":"standard","meta":{"footnotes":""},"categories":[9],"tags":[],"class_list":["post-36697","post","type-post","status-publish","format-standard","has-post-thumbnail","hentry","category-zpravy"],"_links":{"self":[{"href":"https:\/\/www.invarena.cz\/index.php?rest_route=\/wp\/v2\/posts\/36697","targetHints":{"allow":["GET"]}}],"collection":[{"href":"https:\/\/www.invarena.cz\/index.php?rest_route=\/wp\/v2\/posts"}],"about":[{"href":"https:\/\/www.invarena.cz\/index.php?rest_route=\/wp\/v2\/types\/post"}],"author":[{"embeddable":true,"href":"https:\/\/www.invarena.cz\/index.php?rest_route=\/wp\/v2\/users\/1"}],"replies":[{"embeddable":true,"href":"https:\/\/www.invarena.cz\/index.php?rest_route=%2Fwp%2Fv2%2Fcomments&post=36697"}],"version-history":[{"count":0,"href":"https:\/\/www.invarena.cz\/index.php?rest_route=\/wp\/v2\/posts\/36697\/revisions"}],"wp:featuredmedia":[{"embeddable":true,"href":"https:\/\/www.invarena.cz\/index.php?rest_route=\/wp\/v2\/media\/24717"}],"wp:attachment":[{"href":"https:\/\/www.invarena.cz\/index.php?rest_route=%2Fwp%2Fv2%2Fmedia&parent=36697"}],"wp:term":[{"taxonomy":"category","embeddable":true,"href":"https:\/\/www.invarena.cz\/index.php?rest_route=%2Fwp%2Fv2%2Fcategories&post=36697"},{"taxonomy":"post_tag","embeddable":true,"href":"https:\/\/www.invarena.cz\/index.php?rest_route=%2Fwp%2Fv2%2Ftags&post=36697"}],"curies":[{"name":"wp","href":"https:\/\/api.w.org\/{rel}","templated":true}]}}