{"id":36700,"date":"2021-09-30T13:02:11","date_gmt":"2021-09-30T11:02:11","guid":{"rendered":"http:\/\/www.invarena.cz\/?p=36700"},"modified":"2021-09-30T13:02:13","modified_gmt":"2021-09-30T11:02:13","slug":"katce-se-rozbil-pristroj-zabranujici-prolezeninam-do-sbirky-pomaha-kde-kdo","status":"publish","type":"post","link":"https:\/\/www.invarena.cz\/?p=36700","title":{"rendered":"Katce se rozbil p\u0159\u00edstroj zabra\u0148uj\u00edc\u00ed prole\u017eenin\u00e1m. Do sb\u00edrky pom\u00e1h\u00e1 kde kdo"},"content":{"rendered":"\n<p>Voz\u00ed\u010dk\u00e1\u0159i a lid\u00e9 upoutan\u00ed na l\u016f\u017eko v\u011bd\u00ed, jak jsou bolestiv\u00e9\nprole\u017eeniny a co obn\u00e1\u0161\u00ed jejich zdlouhav\u00e9 hojen\u00ed. \u0160estadvacetilet\u00e9 Kate\u0159in\u011b\nBl\u00e1hov\u00e9 z Chrudimska se rozbil p\u0159\u00edstroj Motomed, na n\u011bm\u017e cvi\u010dila a posilovala.\nZdravotn\u00ed poji\u0161\u0165ovna tuto u\u017eite\u010dnou rehabilita\u010dn\u00ed pom\u016fcku nehrad\u00ed, a tak se\nKate\u0159iny maminka Ilona sna\u017e\u00ed pen\u00edze z\u00edskat prost\u0159ednictv\u00edm ve\u0159ejn\u00e9 sb\u00edrky. Lid\u00e9\nu\u017e do n\u00ed p\u0159isp\u011bli 77 tis\u00edci korun, co\u017e je necel\u00e1 polovina pot\u0159ebn\u00e9 \u010d\u00e1stky.\nKatce se sna\u017e\u00ed pom\u00e1hat kamar\u00e1di a zn\u00e1m\u00ed, ale i anonymn\u00ed d\u00e1rci. N\u00e1kup Motometu\nhodlaj\u00ed podpo\u0159it tak\u00e9 otu\u017eilci.<\/p>\n\n\n\n<p>\u201eK\u00e1\u0165a se narodila v 38. t\u00fddnu t\u011bhotenstv\u00ed a u\u017e \u010dtvrt\u00fd den po\nporodu se objevily z\u00e1\u0161kuby kon\u010detin a k\u0159e\u010de. Bylo n\u00e1m vysv\u011btleno, \u017ee se jedn\u00e1 o\nprvotn\u00ed p\u0159\u00edznak rozj\u00ed\u017ed\u011bj\u00edc\u00ed se infekce v organismu. N\u00e1sledovalo pod\u00e1v\u00e1n\u00ed\nantibiotik, ultrazvuk mozku, kontroly u neurologa po propu\u0161t\u011bn\u00ed z porodnice, od\nt\u0159\u00ed m\u011bs\u00edc\u016f v\u011bku jsme cvi\u010dili Vojtovu reflexn\u00ed metodu i p\u011btkr\u00e1t denn\u011b,&#8220;\nvzpom\u00edn\u00e1 maminka Ilona.<\/p>\n\n\n\n<p>\u0160estim\u011bs\u00ed\u010dn\u00ed hol\u010di\u010dka u\u017e zaost\u00e1vala za ostatn\u00edmi kojenci.\nRuce m\u011bla sev\u0159en\u00e9 v p\u011bst, nohy na\u0161ponovan\u00e9, v z\u00e1dech se proh\u00fdbala jako luk, co\u017e\njsou p\u0159\u00edznaky svalov\u00e9ho nap\u011bt\u00ed a d\u011btsk\u00e9 mozkov\u00e9 obrny.<\/p>\n\n\n\n<p>Hodiny str\u00e1ven\u00e9 cvi\u010den\u00edm Vojtovy metody, m\u011bs\u00ed\u010dn\u00ed pobyty v\nl\u00e9\u010debn\u00e1ch, operace &#8211; a\u0165 u\u017e se jednalo o prota\u017een\u00ed zkr\u00e1cen\u00fdch \u0161lach a dal\u0161\u00ed,\nbohu\u017eel nedok\u00e1zaly zvr\u00e1tit posti\u017een\u00ed centr\u00e1ln\u00edho nervov\u00e9ho syst\u00e9mu. Katka\nz\u016fstala pln\u011b odk\u00e1z\u00e1na na pomoc sv\u00fdch rodi\u010d\u016f.<\/p>\n\n\n\n<p>\u201eDnes se dcera pohybuje pomoc\u00ed invalidn\u00edho voz\u00edku, p\u00e9\u010de o ni\nje tak n\u00e1ro\u010dn\u00e1 nejen po psychick\u00e9 str\u00e1nce, ale i t\u00e9 fyzick\u00e9,&#8220; p\u0159izn\u00e1v\u00e1\nmaminka. Je r\u00e1da, \u017ee z dcery vyrostla vesel\u00e1 sle\u010dna, kter\u00e1 si sv\u00e9 probl\u00e9my a\u017e\ntak nep\u0159ipou\u0161t\u00ed, co\u017e je ale zp\u016fsobeno i jej\u00edm leh\u010d\u00edm ment\u00e1ln\u00edm posti\u017een\u00edm.<\/p>\n\n\n\n<p>Katka nem\u016f\u017ee jezdit na kole a p\u0159\u00edstroj Motomed Viva 2\npou\u017e\u00edvala dlouh\u00fdch deset let. Velmi j\u00ed pom\u00e1hal v prevenci prole\u017eenin a z\u00e1rove\u0148\nk rehabilitaci. Dok\u00e1\u017ee toti\u017e stimulovat krevn\u00ed z\u00e1soben\u00ed sval\u016f nohou i rukou a\nzlep\u0161ovat motoriku. Ale 160 tis\u00edc na n\u00e1kup pot\u0159ebn\u00e9 pom\u016fcky \u010desk\u00e1 zdravotn\u00ed\npoji\u0161\u0165ovna na rozd\u00edl t\u0159eba od t\u011bch n\u011bmeck\u00fdch nep\u0159isp\u00edv\u00e1, tak\u017ee se rodina\nodhodlala k tomu, \u017ee oslov\u00ed ve\u0159ejnost.<\/p>\n\n\n\n<p>\u201eIl\u010do, Jardo, Ka\u010dko! Jste \u00fa\u017easn\u00ed, dr\u017ete se,&#8220; zn\u00ed jeden\nze vzkaz\u016f, kter\u00e9 d\u00e1rci p\u00ed\u0161ou na webovou str\u00e1nku znesnaze21.cz, kde m\u00e1 sb\u00edrka s\nn\u00e1zvem Motomed pro Katku svou vlastn\u00ed kapitolu. Ka\u017ed\u00e1 koruna se po\u010d\u00edt\u00e1.<\/p>\n\n\n\n<p>\u201eNa\u0161e dcera Ani\u010dka se s Katkou kamar\u00e1d\u00ed. K\u00e1\u0165a je moc mil\u00e1,\ntakov\u00e9 na\u0161e slun\u00ed\u010dko. P\u0159isp\u011bli jsme a r\u00e1di. Je\u0161t\u011b zb\u00fdv\u00e1 asi sedmdes\u00e1t tis\u00edc\nkorun, tak snad to d\u00e1rci spole\u010dn\u011b dok\u00e1\u017eou,&#8220; popisuje Chrudima\u010dka Marie\nJirovsk\u00e1.<\/p>\n\n\n\n<p>Na koupi p\u0159\u00edstroje se hodl\u00e1 pod\u00edlet i parta otu\u017eilc\u016f, kte\u0159\u00ed\nna lomu \u0160vihov nedaleko Chrudimi po\u0159\u00e1daj\u00ed 17. \u0159\u00edjna akci Otu\u017eujeme se pro K\u00e1\u0165u.\n\u201eSpoj\u00edme p\u0159\u00edjemn\u00e9 s u\u017eite\u010dn\u00fdm,&#8220; \u0159\u00edk\u00e1 s \u00fasm\u011bvem jedna z organiz\u00e1tor\u016f D\u00e1\u0161a\nKr\u010dilov\u00e1.<\/p>\n\n\n\n<p>Romana Netolick\u00e1<\/p>\n\n\n\n<p>Chrudimsk\u00fd den\u00edk<\/p>\n\n\n\n<p><a rel=\"noreferrer noopener\" aria-label=\" (otev\u0159e se na nov\u00e9 z\u00e1lo\u017ece)\" href=\"https:\/\/chrudimsky.denik.cz\/\" target=\"_blank\">https:\/\/chrudimsky.denik.cz\/<\/a><\/p>\n","protected":false},"excerpt":{"rendered":"<div class=\"mh-excerpt\"><p>Voz\u00ed\u010dk\u00e1\u0159i a lid\u00e9 upoutan\u00ed na l\u016f\u017eko v\u011bd\u00ed, jak jsou bolestiv\u00e9 prole\u017eeniny a co obn\u00e1\u0161\u00ed jejich zdlouhav\u00e9 hojen\u00ed. \u0160estadvacetilet\u00e9 Kate\u0159in\u011b Bl\u00e1hov\u00e9 z Chrudimska se rozbil p\u0159\u00edstroj <a class=\"mh-excerpt-more\" href=\"https:\/\/www.invarena.cz\/?p=36700\" title=\"Katce se rozbil p\u0159\u00edstroj zabra\u0148uj\u00edc\u00ed prole\u017eenin\u00e1m. Do sb\u00edrky pom\u00e1h\u00e1 kde kdo\">[&#8230;]<\/a><\/p>\n<\/div>","protected":false},"author":1,"featured_media":600,"comment_status":"open","ping_status":"closed","sticky":false,"template":"","format":"standard","meta":{"footnotes":""},"categories":[9],"tags":[],"class_list":["post-36700","post","type-post","status-publish","format-standard","has-post-thumbnail","hentry","category-zpravy"],"_links":{"self":[{"href":"https:\/\/www.invarena.cz\/index.php?rest_route=\/wp\/v2\/posts\/36700","targetHints":{"allow":["GET"]}}],"collection":[{"href":"https:\/\/www.invarena.cz\/index.php?rest_route=\/wp\/v2\/posts"}],"about":[{"href":"https:\/\/www.invarena.cz\/index.php?rest_route=\/wp\/v2\/types\/post"}],"author":[{"embeddable":true,"href":"https:\/\/www.invarena.cz\/index.php?rest_route=\/wp\/v2\/users\/1"}],"replies":[{"embeddable":true,"href":"https:\/\/www.invarena.cz\/index.php?rest_route=%2Fwp%2Fv2%2Fcomments&post=36700"}],"version-history":[{"count":0,"href":"https:\/\/www.invarena.cz\/index.php?rest_route=\/wp\/v2\/posts\/36700\/revisions"}],"wp:featuredmedia":[{"embeddable":true,"href":"https:\/\/www.invarena.cz\/index.php?rest_route=\/wp\/v2\/media\/600"}],"wp:attachment":[{"href":"https:\/\/www.invarena.cz\/index.php?rest_route=%2Fwp%2Fv2%2Fmedia&parent=36700"}],"wp:term":[{"taxonomy":"category","embeddable":true,"href":"https:\/\/www.invarena.cz\/index.php?rest_route=%2Fwp%2Fv2%2Fcategories&post=36700"},{"taxonomy":"post_tag","embeddable":true,"href":"https:\/\/www.invarena.cz\/index.php?rest_route=%2Fwp%2Fv2%2Ftags&post=36700"}],"curies":[{"name":"wp","href":"https:\/\/api.w.org\/{rel}","templated":true}]}}