{"id":36713,"date":"2021-10-04T22:41:24","date_gmt":"2021-10-04T20:41:24","guid":{"rendered":"http:\/\/www.invarena.cz\/?p=36713"},"modified":"2021-10-04T22:41:25","modified_gmt":"2021-10-04T20:41:25","slug":"dan-z-prijmu-u-invalidniho-duchodu-a-prispevku-na-peci","status":"publish","type":"post","link":"https:\/\/www.invarena.cz\/?p=36713","title":{"rendered":"Da\u0148 z p\u0159\u00edjm\u016f u invalidn\u00edho d\u016fchodu a p\u0159\u00edsp\u011bvku na p\u00e9\u010di"},"content":{"rendered":"\n<p>\n\nDotaz:<\/p>\n\n\n\n<p>Pob\u00edr\u00e1m p\u0159\u00edsp\u011bvek na p\u00e9\u010di a invalidn\u00ed d\u016fchod pro invaliditu III. stupn\u011b.<br>M\u016fj d\u016fchod je cca 18500 K\u010d a p\u0159\u00edsp\u011bvek na p\u00e9\u010di 4400 K\u010d. Budu z t\u011bchto<br>p\u0159\u00edjm\u016f platit dan\u011b? N\u011bkde jsem zaslechl, \u017ee mi to budou danit.<\/p>\n\n\n\n<p>Odpov\u011b\u010f:<\/p>\n\n\n\n<p>Dle z\u00e1kona o d\u016fchodov\u00e9m poji\u0161t\u011bn\u00ed a dle z\u00e1kona o dan\u00edch z p\u0159\u00edjmu<br>fyzick\u00fdch a pr\u00e1vnick\u00fdch osob, jsou d\u00e1vky d\u016fchodov\u00e9ho poji\u0161t\u011bn\u00ed a<br>p\u0159\u00edsp\u011bvek na p\u00e9\u010di od dan\u011b z p\u0159\u00edjmu osvobozeny. Finan\u010dn\u00edmu \u00fa\u0159adu nemus\u00edte<br>pod\u00e1vat \u017e\u00e1dn\u00e9 da\u0148ov\u00e9 p\u0159izn\u00e1n\u00ed a nemus\u00edte se ob\u00e1vat \u017e\u00e1dn\u00e9ho vym\u011b\u0159en\u00ed<br>dan\u011b. Pokud byste byl zam\u011bstn\u00e1n, m\u016f\u017eete u sv\u00e9ho zam\u011bstnavatele uplatnit<br>n\u00e1rok na da\u0148ov\u00e9 slevy, kter\u00e9 jsou ur\u010deny dr\u017eitel\u016fm pr\u016fkazu ZTP \u010di ZTP\/P<br>a p\u0159\u00edjemc\u016fm invalidn\u00edho d\u016fchodu. Zam\u011bstnavateli bude muset dolo\u017eit<br>potvrzen\u00ed o pob\u00edr\u00e1n\u00ed ID a podepsat prohl\u00e1\u0161en\u00ed da\u0148ov\u00e9ho poplatn\u00edka. <\/p>\n\n\n\n<p>admin<\/p>\n","protected":false},"excerpt":{"rendered":"<div class=\"mh-excerpt\"><p>Dotaz: Pob\u00edr\u00e1m p\u0159\u00edsp\u011bvek na p\u00e9\u010di a invalidn\u00ed d\u016fchod pro invaliditu III. stupn\u011b.M\u016fj d\u016fchod je cca 18500 K\u010d a p\u0159\u00edsp\u011bvek na p\u00e9\u010di 4400 K\u010d. Budu z <a class=\"mh-excerpt-more\" href=\"https:\/\/www.invarena.cz\/?p=36713\" title=\"Da\u0148 z p\u0159\u00edjm\u016f u invalidn\u00edho d\u016fchodu a p\u0159\u00edsp\u011bvku na p\u00e9\u010di\">[&#8230;]<\/a><\/p>\n<\/div>","protected":false},"author":1,"featured_media":24717,"comment_status":"open","ping_status":"closed","sticky":false,"template":"","format":"standard","meta":{"footnotes":""},"categories":[18],"tags":[],"class_list":["post-36713","post","type-post","status-publish","format-standard","has-post-thumbnail","hentry","category-poradna"],"_links":{"self":[{"href":"https:\/\/www.invarena.cz\/index.php?rest_route=\/wp\/v2\/posts\/36713","targetHints":{"allow":["GET"]}}],"collection":[{"href":"https:\/\/www.invarena.cz\/index.php?rest_route=\/wp\/v2\/posts"}],"about":[{"href":"https:\/\/www.invarena.cz\/index.php?rest_route=\/wp\/v2\/types\/post"}],"author":[{"embeddable":true,"href":"https:\/\/www.invarena.cz\/index.php?rest_route=\/wp\/v2\/users\/1"}],"replies":[{"embeddable":true,"href":"https:\/\/www.invarena.cz\/index.php?rest_route=%2Fwp%2Fv2%2Fcomments&post=36713"}],"version-history":[{"count":0,"href":"https:\/\/www.invarena.cz\/index.php?rest_route=\/wp\/v2\/posts\/36713\/revisions"}],"wp:featuredmedia":[{"embeddable":true,"href":"https:\/\/www.invarena.cz\/index.php?rest_route=\/wp\/v2\/media\/24717"}],"wp:attachment":[{"href":"https:\/\/www.invarena.cz\/index.php?rest_route=%2Fwp%2Fv2%2Fmedia&parent=36713"}],"wp:term":[{"taxonomy":"category","embeddable":true,"href":"https:\/\/www.invarena.cz\/index.php?rest_route=%2Fwp%2Fv2%2Fcategories&post=36713"},{"taxonomy":"post_tag","embeddable":true,"href":"https:\/\/www.invarena.cz\/index.php?rest_route=%2Fwp%2Fv2%2Ftags&post=36713"}],"curies":[{"name":"wp","href":"https:\/\/api.w.org\/{rel}","templated":true}]}}