{"id":36715,"date":"2021-10-04T22:48:11","date_gmt":"2021-10-04T20:48:11","guid":{"rendered":"http:\/\/www.invarena.cz\/?p=36715"},"modified":"2021-10-04T22:48:13","modified_gmt":"2021-10-04T20:48:13","slug":"svedectvi-u-soudu-a-nahrada-cestovnich-nakladu","status":"publish","type":"post","link":"https:\/\/www.invarena.cz\/?p=36715","title":{"rendered":"Sv\u011bdectv\u00ed u soudu a n\u00e1hrada cestovn\u00edch n\u00e1klad\u016f"},"content":{"rendered":"\n<p>\n\nDotaz:<\/p>\n\n\n\n<p>Jsem zdravotn\u011b posti\u017een\u00fd a m\u00e1m j\u00edt sv\u011bd\u010dit k soudu. M\u00e1m pr\u00e1vo na n\u00e1hradu<br>cestovn\u00edch v\u00fddaj\u016f, kter\u00e9mi kv\u016fli sv\u011bdeck\u00e9 v\u00fdpov\u011bdi u soudu vzniknou? M\u00e1m<br>m\u00e1lo pen\u011bz, jsem invalidn\u00ed ve II. stupni.<\/p>\n\n\n\n<p>Odpov\u011b\u010f:<\/p>\n\n\n\n<p>N\u00e1rok na n\u00e1hradu cestovn\u00edch v\u00fddaj\u016f m\u00e1te, z\u00e1le\u017eet v\u0161ak bude, jak\u00fdm<br>dopravn\u00edm prost\u0159edkem budete cestovat. Po\u017eadavek na n\u00e1hradu cestovn\u00edch<br>v\u00fddaj\u016f je nutn\u00e9 soudu p\u0159edlo\u017eit hned po ukon\u010den\u00ed sv\u011bdeck\u00e9 v\u00fdpov\u011bdi.<br>Soudem byste m\u011bl b\u00fdt informov\u00e1n o tom, jak\u00e9 doklady bude pot\u0159eba soudu<br>p\u0159edlo\u017eit. Zejm\u00e9na bude nutn\u00e9 dolo\u017eit j\u00edzdn\u00ed doklady, jimi\u017e budete<br>prokazovat vynalo\u017een\u00e9 n\u00e1klady na cestu k soudu a zp\u011bt. Pokud pojete<br>vlastn\u00edm vozem, budete soudem informov\u00e1m, jak\u00fdm zp\u016fsobem tuto cestu<br>soudu dolo\u017eit. <\/p>\n\n\n\n<p>admin<\/p>\n","protected":false},"excerpt":{"rendered":"<div class=\"mh-excerpt\"><p>Dotaz: Jsem zdravotn\u011b posti\u017een\u00fd a m\u00e1m j\u00edt sv\u011bd\u010dit k soudu. M\u00e1m pr\u00e1vo na n\u00e1hraducestovn\u00edch v\u00fddaj\u016f, kter\u00e9mi kv\u016fli sv\u011bdeck\u00e9 v\u00fdpov\u011bdi u soudu vzniknou? M\u00e1mm\u00e1lo pen\u011bz, jsem <a class=\"mh-excerpt-more\" href=\"https:\/\/www.invarena.cz\/?p=36715\" title=\"Sv\u011bdectv\u00ed u soudu a n\u00e1hrada cestovn\u00edch n\u00e1klad\u016f\">[&#8230;]<\/a><\/p>\n<\/div>","protected":false},"author":1,"featured_media":19488,"comment_status":"open","ping_status":"closed","sticky":false,"template":"","format":"standard","meta":{"footnotes":""},"categories":[18],"tags":[],"class_list":["post-36715","post","type-post","status-publish","format-standard","has-post-thumbnail","hentry","category-poradna"],"_links":{"self":[{"href":"https:\/\/www.invarena.cz\/index.php?rest_route=\/wp\/v2\/posts\/36715","targetHints":{"allow":["GET"]}}],"collection":[{"href":"https:\/\/www.invarena.cz\/index.php?rest_route=\/wp\/v2\/posts"}],"about":[{"href":"https:\/\/www.invarena.cz\/index.php?rest_route=\/wp\/v2\/types\/post"}],"author":[{"embeddable":true,"href":"https:\/\/www.invarena.cz\/index.php?rest_route=\/wp\/v2\/users\/1"}],"replies":[{"embeddable":true,"href":"https:\/\/www.invarena.cz\/index.php?rest_route=%2Fwp%2Fv2%2Fcomments&post=36715"}],"version-history":[{"count":0,"href":"https:\/\/www.invarena.cz\/index.php?rest_route=\/wp\/v2\/posts\/36715\/revisions"}],"wp:featuredmedia":[{"embeddable":true,"href":"https:\/\/www.invarena.cz\/index.php?rest_route=\/wp\/v2\/media\/19488"}],"wp:attachment":[{"href":"https:\/\/www.invarena.cz\/index.php?rest_route=%2Fwp%2Fv2%2Fmedia&parent=36715"}],"wp:term":[{"taxonomy":"category","embeddable":true,"href":"https:\/\/www.invarena.cz\/index.php?rest_route=%2Fwp%2Fv2%2Fcategories&post=36715"},{"taxonomy":"post_tag","embeddable":true,"href":"https:\/\/www.invarena.cz\/index.php?rest_route=%2Fwp%2Fv2%2Ftags&post=36715"}],"curies":[{"name":"wp","href":"https:\/\/api.w.org\/{rel}","templated":true}]}}