{"id":36741,"date":"2021-10-07T21:01:14","date_gmt":"2021-10-07T19:01:14","guid":{"rendered":"http:\/\/www.invarena.cz\/?p=36741"},"modified":"2021-10-07T21:01:15","modified_gmt":"2021-10-07T19:01:15","slug":"vozickari-projeli-prerovem-pres-kameni-a-s-kamiony-v-zadech","status":"publish","type":"post","link":"https:\/\/www.invarena.cz\/?p=36741","title":{"rendered":"Voz\u00ed\u010dk\u00e1\u0159i projeli P\u0159erovem, p\u0159es kamen\u00ed a s kamiony v z\u00e1dech"},"content":{"rendered":"\n<p>P\u0159erovem, kter\u00fd v t\u011bchto dnech p\u0159ipom\u00edn\u00e1 jedno velk\u00e9\nstanovi\u0161t\u011b, m\u00e1 probl\u00e9m proj\u00edt bez hlasit\u00e9ho sp\u00edl\u00e1n\u00ed uzav\u00edrk\u00e1m a stavebn\u00edm\nomezen\u00edm i \u00fapln\u011b zdrav\u00fd \u010dlov\u011bk. Pro voz\u00ed\u010dk\u00e1\u0159e, kte\u0159\u00ed se v \u00fater\u00fd v doprovodu\nsv\u00fdch asistent\u016f vydali na proj\u00ed\u017e\u010fku m\u011bstem, aby otestovali dostupnost\nd\u016fle\u017eit\u00fdch budov, to byl ale doslova adrenalinov\u00fd z\u00e1\u017eitek.<\/p>\n\n\n\n<p>Do akce se zapojily organizace, kter\u00e9 se v\u011bnuj\u00ed posti\u017een\u00fdm\nlidem, ve spolupr\u00e1ci s magistr\u00e1tem. Handicapovan\u00ed vyjeli v doprovodu sv\u00fdch\nasistent\u016f od budovy magistr\u00e1tu ve Smetanov\u011b ulici a vyzkou\u0161eli si, jak\u00e9\np\u0159ek\u00e1\u017eky je \u010dekaj\u00ed na cest\u011b do vybran\u00fdch l\u00e9k\u00e1ren, na polikliniku, ale i\nFinan\u010dn\u00ed \u00fa\u0159ad nebo na soud. Zast\u00e1vek bylo celkem dvan\u00e1ct.<\/p>\n\n\n\n<p>\u201eTrasu akce Projedeme m\u011bsto s voz\u00ed\u010dk\u00e1\u0159em p\u0159ipravila pracovn\u00ed\nskupina komunitn\u00edho pl\u00e1nov\u00e1n\u00ed pro osoby se zdravotn\u00edm posti\u017een\u00edm a pro prvn\u00ed\nro\u010dn\u00edk jsme zvolili krat\u0161\u00ed okruh &#8211; cht\u011bli jsme nav\u0161t\u00edvit l\u00e9k\u00e1rny, zdravotn\u00ed\nst\u0159ediska a pod\u00edvat se i do kina, na soud nebo finan\u010dn\u00ed \u00fa\u0159ad. V dal\u0161\u00edch\nro\u010dn\u00edc\u00edch budeme p\u0159id\u00e1vat dal\u0161\u00ed c\u00edle a zji\u0161\u0165ovat jejich dostupnost,\u201c \u0159ekla\nMarcela Porvazn\u00edkov\u00e1 z Centra pro komunitn\u00ed pr\u00e1ci, kter\u00e9 akci uspo\u0159\u00e1dalo.<\/p>\n\n\n\n<p>Magistr\u00e1t i kino pro\u0161lo<\/p>\n\n\n\n<p>Budova magistr\u00e1tu ve Smetanov\u011b ulici ve zkou\u0161ce\nbezbari\u00e9rovosti obst\u00e1la.<\/p>\n\n\n\n<p>\u201eM\u00e1me bezbari\u00e9rov\u00fd v\u00fdtah i soci\u00e1ln\u00ed za\u0159\u00edzen\u00ed. Nav\u0161t\u00edv\u00edme ale\ni objekty, kter\u00e9 nejsou v majetku m\u011bsta, abychom posoudili, jak jsou p\u0159\u00edstupn\u00e9.\nV\u011b\u0159\u00edme, \u017ee majitel\u00e9 polikliniky nebo l\u00e9k\u00e1ren, co\u017e jsou instituce, kter\u00e9\nvoz\u00ed\u010dk\u00e1\u0159i nejv\u00edce pot\u0159ebuj\u00ed, ud\u011blaj\u00ed maximum pro to, aby jim vy\u0161li vst\u0159\u00edc,\u201c\n\u0159ekla Romana Posp\u00ed\u0161ilov\u00e1, vedouc\u00ed odboru \u0161kolstv\u00ed a soci\u00e1ln\u00edch v\u011bc\u00ed p\u0159erovsk\u00e9ho\nmagistr\u00e1tu.<\/p>\n\n\n\n<p>Voz\u00ed\u010dk\u00e1\u0159i se zastavili i u budovy Finan\u010dn\u00edho \u00fa\u0159adu v\nP\u0159erov\u011b, kde je osobn\u011b p\u0159iv\u00edtala \u0159editelka. P\u0159\u00edstup do objektu je podle n\u00ed\nsnadn\u00fd d\u00edky v\u00fdtahu, kter\u00fd ale moment\u00e1ln\u011b proch\u00e1z\u00ed rekonstrukc\u00ed.<\/p>\n\n\n\n<p>Tak\u00e9 do kina Hv\u011bzda se handicapovan\u00ed dostanou, stejn\u011b jako\ndo l\u00e9k\u00e1ren na n\u00e1m\u011bst\u00ed P\u0159erovsk\u00e9ho povst\u00e1n\u00ed nebo v \u010cechov\u011b ulici. Nejv\u011bt\u0161\u00edm\nprobl\u00e9mem nebyl ani tak p\u0159\u00edstup do objekt\u016f, jako sp\u00ed\u0161e stav chodn\u00edk\u016f a hust\u00e1\ndoprava.<\/p>\n\n\n\n<p>Nejt\u011b\u017e\u0161\u00ed \u00fasek<\/p>\n\n\n\n<p>Za jednozna\u010dn\u011b nejobt\u00ed\u017en\u011bj\u0161\u00ed \u00fasek ozna\u010dili asistenti\nvoz\u00ed\u010dk\u00e1\u0159\u016f okol\u00ed n\u00e1kupn\u00ed galerie, kter\u00e9 je rozkopan\u00e9 kv\u016fli stavebn\u00ed \u010dinnosti.<\/p>\n\n\n\n<p>\u201eNedok\u00e1\u017eu si p\u0159edstavit, jak by se voz\u00ed\u010dk\u00e1\u0159i dostali bez\nciz\u00ed pomoci t\u0159eba p\u0159es d\u0159ev\u011bn\u00fd m\u016fstek u galerie. Projet m\u011bstem s voz\u00edkem je\nfyzicky docela n\u00e1ro\u010dn\u00e9, a to nejsem nijak slab\u00fd,\u201c zhodnotil Petr Kone\u010dn\u00fd,\nasistent z Centra pro du\u0161evn\u00ed zdrav\u00ed.<\/p>\n\n\n\n<p>\u201eFinan\u010dn\u00ed \u00fa\u0159ad je sice br\u00e1n jako bezbari\u00e9rov\u00fd, ale i tam se\nd\u00e1 zadrhnout kole\u010dkem. P\u0159\u00edstup do n\u011bkter\u00fdch instituc\u00ed je hodn\u011b n\u00e1ro\u010dn\u00fd, proto\u017ee\nneb\u00fdvaj\u00ed jasn\u011b ozna\u010den\u00e9,\u201c dodal.<\/p>\n\n\n\n<p>Stejn\u011b to vn\u00edm\u00e1 i Hana Ry\u0161\u00e1nkov\u00e1 z denn\u00edho stacion\u00e1\u0159e\nSpolusetk\u00e1v\u00e1n\u00ed.<\/p>\n\n\n\n<p>\u201eJen po cest\u011b z Kosm\u00e1kovy ulice je spousta \u00faskal\u00ed. Jeden\nchodn\u00edk je s n\u00e1jezdem, druh\u00fd bez n\u00e1jezdu. Na\u0161t\u011bst\u00ed jedu s Du\u0161anem, kter\u00fd mi v\nnerovn\u00e9m ter\u00e9nu dost pom\u00e1h\u00e1,\u201c \u0159ekla.<\/p>\n\n\n\n<p>Na obt\u00ed\u017en\u00fd pr\u016fjezd ulicemi P\u0159erova si post\u011b\u017eovala tak\u00e9\nRenata Chmela\u0159ov\u00e1, osobn\u00ed asistentka ze sdru\u017een\u00ed Alfa Handicap.<\/p>\n\n\n\n<p>\u201eJe stra\u0161n\u011b t\u011b\u017ek\u00e9 m\u011bstem projet, proto\u017ee je \u00fapln\u011b rozkopan\u00e9.\nN\u011bkter\u00fd \u0159idi\u010d na p\u0159echodu zastav\u00ed, jin\u00fd zase ne. Slo\u017eit\u00e9 je to hlavn\u011b u\ngalerie, ale i pivovaru,\u201c shrnula.<\/p>\n\n\n\n<p>Petra Pol\u00e1kov\u00e1-Uv\u00edrov\u00e1<\/p>\n\n\n\n<p>P\u0159erovsk\u00fd den\u00edk<\/p>\n\n\n\n<p><a rel=\"noreferrer noopener\" aria-label=\" (otev\u0159e se na nov\u00e9 z\u00e1lo\u017ece)\" href=\"https:\/\/prerovsky.denik.cz\/\" target=\"_blank\">https:\/\/prerovsky.denik.cz\/<\/a><\/p>\n","protected":false},"excerpt":{"rendered":"<div class=\"mh-excerpt\"><p>P\u0159erovem, kter\u00fd v t\u011bchto dnech p\u0159ipom\u00edn\u00e1 jedno velk\u00e9 stanovi\u0161t\u011b, m\u00e1 probl\u00e9m proj\u00edt bez hlasit\u00e9ho sp\u00edl\u00e1n\u00ed uzav\u00edrk\u00e1m a stavebn\u00edm omezen\u00edm i \u00fapln\u011b zdrav\u00fd \u010dlov\u011bk. Pro voz\u00ed\u010dk\u00e1\u0159e, <a class=\"mh-excerpt-more\" href=\"https:\/\/www.invarena.cz\/?p=36741\" title=\"Voz\u00ed\u010dk\u00e1\u0159i projeli P\u0159erovem, p\u0159es kamen\u00ed a s kamiony v z\u00e1dech\">[&#8230;]<\/a><\/p>\n<\/div>","protected":false},"author":1,"featured_media":5554,"comment_status":"open","ping_status":"closed","sticky":false,"template":"","format":"standard","meta":{"footnotes":""},"categories":[9],"tags":[],"class_list":["post-36741","post","type-post","status-publish","format-standard","has-post-thumbnail","hentry","category-zpravy"],"_links":{"self":[{"href":"https:\/\/www.invarena.cz\/index.php?rest_route=\/wp\/v2\/posts\/36741","targetHints":{"allow":["GET"]}}],"collection":[{"href":"https:\/\/www.invarena.cz\/index.php?rest_route=\/wp\/v2\/posts"}],"about":[{"href":"https:\/\/www.invarena.cz\/index.php?rest_route=\/wp\/v2\/types\/post"}],"author":[{"embeddable":true,"href":"https:\/\/www.invarena.cz\/index.php?rest_route=\/wp\/v2\/users\/1"}],"replies":[{"embeddable":true,"href":"https:\/\/www.invarena.cz\/index.php?rest_route=%2Fwp%2Fv2%2Fcomments&post=36741"}],"version-history":[{"count":0,"href":"https:\/\/www.invarena.cz\/index.php?rest_route=\/wp\/v2\/posts\/36741\/revisions"}],"wp:featuredmedia":[{"embeddable":true,"href":"https:\/\/www.invarena.cz\/index.php?rest_route=\/wp\/v2\/media\/5554"}],"wp:attachment":[{"href":"https:\/\/www.invarena.cz\/index.php?rest_route=%2Fwp%2Fv2%2Fmedia&parent=36741"}],"wp:term":[{"taxonomy":"category","embeddable":true,"href":"https:\/\/www.invarena.cz\/index.php?rest_route=%2Fwp%2Fv2%2Fcategories&post=36741"},{"taxonomy":"post_tag","embeddable":true,"href":"https:\/\/www.invarena.cz\/index.php?rest_route=%2Fwp%2Fv2%2Ftags&post=36741"}],"curies":[{"name":"wp","href":"https:\/\/api.w.org\/{rel}","templated":true}]}}