{"id":36747,"date":"2021-10-07T21:09:58","date_gmt":"2021-10-07T19:09:58","guid":{"rendered":"http:\/\/www.invarena.cz\/?p=36747"},"modified":"2021-10-07T21:09:59","modified_gmt":"2021-10-07T19:09:59","slug":"verejny-ochrance-prav-volebni-pravo-pro-nejsirsi-okruh-lidi-s-postizenim","status":"publish","type":"post","link":"https:\/\/www.invarena.cz\/?p=36747","title":{"rendered":"Ve\u0159ejn\u00fd ochr\u00e1nce pr\u00e1v: Volebn\u00ed pr\u00e1vo pro nej\u0161ir\u0161\u00ed okruh lid\u00ed s posti\u017een\u00edm"},"content":{"rendered":"\n<p>Nadch\u00e1zej\u00edc\u00ed parlamentn\u00ed volby ur\u010dily hlavn\u00ed t\u00e9ma setk\u00e1n\u00ed poradn\u00edho org\u00e1nu ombudsmana pro oblast monitorov\u00e1n\u00ed pr\u00e1v lid\u00ed s posti\u017een\u00edm \u2013 diskutovalo se o p\u0159\u00edstupnosti volebn\u00edch m\u00edstnost\u00ed i podpo\u0159e voli\u010d\u016f v pobytov\u00fdch soci\u00e1ln\u00edch slu\u017eb\u00e1ch.<\/p>\n\n\n\n<p>Cel\u00fd \u010dl\u00e1nek naleznete v Parlamentn\u00edch Listech: <a href=\"https:\/\/www.parlamentnilisty.cz\/zpravy\/tiskovezpravy\/Verejny-ochrance-prav-Volebni-pravo-pro-nejsirsi-okruh-lidi-s-postizenim-679438\" target=\"_blank\" rel=\"noreferrer noopener\" aria-label=\" (otev\u0159e se na nov\u00e9 z\u00e1lo\u017ece)\">https:\/\/www.parlamentnilisty.cz\/zpravy\/tiskovezpravy\/Verejny-ochrance-prav-Volebni-pravo-pro-nejsirsi-okruh-lidi-s-postizenim-679438<\/a><\/p>\n","protected":false},"excerpt":{"rendered":"<div class=\"mh-excerpt\"><p>Nadch\u00e1zej\u00edc\u00ed parlamentn\u00ed volby ur\u010dily hlavn\u00ed t\u00e9ma setk\u00e1n\u00ed poradn\u00edho org\u00e1nu ombudsmana pro oblast monitorov\u00e1n\u00ed pr\u00e1v lid\u00ed s posti\u017een\u00edm \u2013 diskutovalo se o p\u0159\u00edstupnosti volebn\u00edch m\u00edstnost\u00ed i <a class=\"mh-excerpt-more\" href=\"https:\/\/www.invarena.cz\/?p=36747\" title=\"Ve\u0159ejn\u00fd ochr\u00e1nce pr\u00e1v: Volebn\u00ed pr\u00e1vo pro nej\u0161ir\u0161\u00ed okruh lid\u00ed s posti\u017een\u00edm\">[&#8230;]<\/a><\/p>\n<\/div>","protected":false},"author":1,"featured_media":12014,"comment_status":"open","ping_status":"closed","sticky":false,"template":"","format":"standard","meta":{"footnotes":""},"categories":[9],"tags":[],"class_list":["post-36747","post","type-post","status-publish","format-standard","has-post-thumbnail","hentry","category-zpravy"],"_links":{"self":[{"href":"https:\/\/www.invarena.cz\/index.php?rest_route=\/wp\/v2\/posts\/36747","targetHints":{"allow":["GET"]}}],"collection":[{"href":"https:\/\/www.invarena.cz\/index.php?rest_route=\/wp\/v2\/posts"}],"about":[{"href":"https:\/\/www.invarena.cz\/index.php?rest_route=\/wp\/v2\/types\/post"}],"author":[{"embeddable":true,"href":"https:\/\/www.invarena.cz\/index.php?rest_route=\/wp\/v2\/users\/1"}],"replies":[{"embeddable":true,"href":"https:\/\/www.invarena.cz\/index.php?rest_route=%2Fwp%2Fv2%2Fcomments&post=36747"}],"version-history":[{"count":0,"href":"https:\/\/www.invarena.cz\/index.php?rest_route=\/wp\/v2\/posts\/36747\/revisions"}],"wp:featuredmedia":[{"embeddable":true,"href":"https:\/\/www.invarena.cz\/index.php?rest_route=\/wp\/v2\/media\/12014"}],"wp:attachment":[{"href":"https:\/\/www.invarena.cz\/index.php?rest_route=%2Fwp%2Fv2%2Fmedia&parent=36747"}],"wp:term":[{"taxonomy":"category","embeddable":true,"href":"https:\/\/www.invarena.cz\/index.php?rest_route=%2Fwp%2Fv2%2Fcategories&post=36747"},{"taxonomy":"post_tag","embeddable":true,"href":"https:\/\/www.invarena.cz\/index.php?rest_route=%2Fwp%2Fv2%2Ftags&post=36747"}],"curies":[{"name":"wp","href":"https:\/\/api.w.org\/{rel}","templated":true}]}}