{"id":36769,"date":"2021-10-13T17:33:33","date_gmt":"2021-10-13T15:33:33","guid":{"rendered":"http:\/\/www.invarena.cz\/?p=36769"},"modified":"2021-10-13T17:33:34","modified_gmt":"2021-10-13T15:33:34","slug":"kraj-ulevi-chebu-prevezme-od-nej-domov-pro-postizene-deti-vilik","status":"publish","type":"post","link":"https:\/\/www.invarena.cz\/?p=36769","title":{"rendered":"Kraj ulev\u00ed Chebu, p\u0159evezme od n\u011bj domov pro posti\u017een\u00e9 d\u011bti Vil\u00edk"},"content":{"rendered":"\n<p>Karlovarsk\u00fd kraj se dohodl s m\u011bstem Cheb a p\u0159evezme od n\u011bj Domov pro osoby se zdravotn\u00edm posti\u017een\u00edm Vil\u00edk. Slu\u017eba by m\u011bla na kraj plynule p\u0159ej\u00edt na za\u010d\u00e1tku roku 2023. Do t\u00e9 doby bude t\u0159eba p\u0159evod doladit z hlediska zdravotn\u00edch poji\u0161\u0165oven a ministerstva. Podle krajsk\u00e9 mluv\u010d\u00ed Jany Pavl\u00edkov\u00e9 byl u\u017e z\u00e1m\u011br projedn\u00e1n a kraj se p\u0159ipravuje na to, aby mohl v dan\u00e9m term\u00ednu slu\u017ebu p\u0159evz\u00edt.<\/p>\n\n\n\n<p>Cel\u00fd \u010dl\u00e1nek naleznete na idnes.cz: <a href=\"https:\/\/www.idnes.cz\/karlovy-vary\/zpravy\/domov-zdravotni-postizeni-vilik-cheb-prevezme-kraj-karlovarsky.A211009_630756_vary-zpravy_ba\" target=\"_blank\" rel=\"noreferrer noopener\" aria-label=\" (otev\u0159e se na nov\u00e9 z\u00e1lo\u017ece)\">https:\/\/www.idnes.cz\/karlovy-vary\/zpravy\/domov-zdravotni-postizeni-vilik-cheb-prevezme-kraj-karlovarsky.A211009_630756_vary-zpravy_ba<\/a><\/p>\n","protected":false},"excerpt":{"rendered":"<div class=\"mh-excerpt\"><p>Karlovarsk\u00fd kraj se dohodl s m\u011bstem Cheb a p\u0159evezme od n\u011bj Domov pro osoby se zdravotn\u00edm posti\u017een\u00edm Vil\u00edk. Slu\u017eba by m\u011bla na kraj plynule p\u0159ej\u00edt <a class=\"mh-excerpt-more\" href=\"https:\/\/www.invarena.cz\/?p=36769\" title=\"Kraj ulev\u00ed Chebu, p\u0159evezme od n\u011bj domov pro posti\u017een\u00e9 d\u011bti Vil\u00edk\">[&#8230;]<\/a><\/p>\n<\/div>","protected":false},"author":1,"featured_media":1827,"comment_status":"open","ping_status":"closed","sticky":false,"template":"","format":"standard","meta":{"footnotes":""},"categories":[9],"tags":[],"class_list":["post-36769","post","type-post","status-publish","format-standard","has-post-thumbnail","hentry","category-zpravy"],"_links":{"self":[{"href":"https:\/\/www.invarena.cz\/index.php?rest_route=\/wp\/v2\/posts\/36769","targetHints":{"allow":["GET"]}}],"collection":[{"href":"https:\/\/www.invarena.cz\/index.php?rest_route=\/wp\/v2\/posts"}],"about":[{"href":"https:\/\/www.invarena.cz\/index.php?rest_route=\/wp\/v2\/types\/post"}],"author":[{"embeddable":true,"href":"https:\/\/www.invarena.cz\/index.php?rest_route=\/wp\/v2\/users\/1"}],"replies":[{"embeddable":true,"href":"https:\/\/www.invarena.cz\/index.php?rest_route=%2Fwp%2Fv2%2Fcomments&post=36769"}],"version-history":[{"count":0,"href":"https:\/\/www.invarena.cz\/index.php?rest_route=\/wp\/v2\/posts\/36769\/revisions"}],"wp:featuredmedia":[{"embeddable":true,"href":"https:\/\/www.invarena.cz\/index.php?rest_route=\/wp\/v2\/media\/1827"}],"wp:attachment":[{"href":"https:\/\/www.invarena.cz\/index.php?rest_route=%2Fwp%2Fv2%2Fmedia&parent=36769"}],"wp:term":[{"taxonomy":"category","embeddable":true,"href":"https:\/\/www.invarena.cz\/index.php?rest_route=%2Fwp%2Fv2%2Fcategories&post=36769"},{"taxonomy":"post_tag","embeddable":true,"href":"https:\/\/www.invarena.cz\/index.php?rest_route=%2Fwp%2Fv2%2Ftags&post=36769"}],"curies":[{"name":"wp","href":"https:\/\/api.w.org\/{rel}","templated":true}]}}