{"id":36792,"date":"2021-10-18T13:30:25","date_gmt":"2021-10-18T11:30:25","guid":{"rendered":"http:\/\/www.invarena.cz\/?p=36792"},"modified":"2021-10-18T13:30:26","modified_gmt":"2021-10-18T11:30:26","slug":"barevne-domky-v-hajnici-promeni-investice-za-148-milionu-korun","status":"publish","type":"post","link":"https:\/\/www.invarena.cz\/?p=36792","title":{"rendered":"Barevn\u00e9 domky v Hajnici prom\u011bn\u00ed investice za 148 milion\u016f korun"},"content":{"rendered":"\n<p>Kr\u00e1lov\u00e9hradeck\u00fd kraj investuje 147,8 milionu korun do\nrozs\u00e1hl\u00e9 modernizace soci\u00e1ln\u00edho za\u0159\u00edzen\u00ed Barevn\u00e9 domky v Hajnici. Potrv\u00e1 do\nroku 2024.<\/p>\n\n\n\n<p>U\u017e v listopadu se pust\u00ed stavba\u0159i do rekonstrukce are\u00e1lu,\nkter\u00fd slou\u017e\u00ed lidem s ment\u00e1ln\u00edm \u010di jin\u00fdm druhem posti\u017een\u00ed. Provozuje tak\u00e9\nsoci\u00e1ln\u011b-terapeutickou d\u00edlnu, kav\u00e1rnu a r\u016fzn\u00e9 chr\u00e1n\u011bn\u00e9 d\u00edlny, kde se jeho\nklienti maj\u00ed mo\u017enost d\u00e1le rozv\u00edjet. Pod Barevn\u00e9 domky Hajnice pat\u0159\u00ed tak\u00e9\nchr\u00e1n\u011bn\u00e9 bydlen\u00ed v Trutnov\u011b a Dvo\u0159e Kr\u00e1lov\u00e9 nad Labem. Fungov\u00e1n\u00ed soci\u00e1ln\u00edho\nza\u0159\u00edzen\u00ed se po dobu stavebn\u00edch prac\u00ed nezm\u011bn\u00ed.<\/p>\n\n\n\n<p>&#8222;V prvn\u00ed etap\u011b stavby dojde k demolici ubytovac\u00edho\nobjektu a st\u00e1vaj\u00edc\u00ed hospod\u00e1\u0159sk\u00e9 budovy pro \u010dist\u00edrnu odpadn\u00edch vod. Po proveden\u00ed\nin\u017een\u00fdrsk\u00fdch s\u00edt\u00ed dojde k v\u00fdstavb\u011b jednopodla\u017en\u00edho objektu pro ubytov\u00e1n\u00ed s\nkapacitou 36 l\u016f\u017eek a dal\u0161\u00ed budovy pro technick\u00e9 z\u00e1zem\u00ed,&#8220; uvedl prvn\u00ed\nn\u00e1m\u011bstek hejtmana Pavel Bul\u00ed\u010dek, do jeho\u017e gesce spad\u00e1 oblast investic.<\/p>\n\n\n\n<p>Ve druh\u00e9 etap\u011b je v pl\u00e1nu rekonstrukce hlavn\u00ed provozn\u00ed a\nadministrativn\u00ed budovy. Vznikne tak\u00e9 nov\u00e1 kuchy\u0148 a pr\u00e1delna.<\/p>\n\n\n\n<p>&#8222;V\u00fdstavbou nov\u00e9 budovy pro ubytov\u00e1n\u00ed klient\u016fm\nposkytneme n\u011bkolikan\u00e1sobn\u011b lep\u0161\u00ed ubytovac\u00ed podm\u00ednky s vy\u0161\u0161\u00ed m\u00edrou soukrom\u00ed, co\u017e\nbude vyhovovat nap\u0159\u00edklad lidem se specifick\u00fdmi po\u017eadavky na formu sou\u017eit\u00ed.\nP\u0159estavba pom\u016f\u017ee tak\u00e9 zdej\u0161\u00edmu person\u00e1lu, kter\u00fd d\u00edky lep\u0161\u00edm podm\u00ednk\u00e1m bude\nklient\u016fm poskytovat kvalitn\u011bj\u0161\u00ed p\u00e9\u010di. T\u00edmto projektem pokra\u010dujeme v trendu, kdy\np\u00e9\u010di o osoby s handicapem sm\u011b\u0159ujeme individu\u00e1ln\u011bj\u0161\u00edm p\u0159\u00edstupem v prost\u0159ed\u00ed\nbl\u00ed\u017e\u00edc\u00edm se v co nejvy\u0161\u0161\u00ed mo\u017en\u00e9 m\u00ed\u0159e b\u011b\u017en\u00e9mu dom\u00e1c\u00edmu prost\u0159ed\u00ed,\u201c dodala\nn\u00e1m\u011bstkyn\u011b pro oblast soci\u00e1ln\u00edch v\u011bc\u00ed Martina Berdychov\u00e1.<\/p>\n\n\n\n<p>Jan Braun<\/p>\n\n\n\n<p>Krkono\u0161sk\u00fd den\u00edk<\/p>\n\n\n\n<p><a rel=\"noreferrer noopener\" aria-label=\" (otev\u0159e se na nov\u00e9 z\u00e1lo\u017ece)\" href=\"https:\/\/krkonossky.denik.cz\/\" target=\"_blank\">https:\/\/krkonossky.denik.cz\/<\/a><\/p>\n","protected":false},"excerpt":{"rendered":"<div class=\"mh-excerpt\"><p>Kr\u00e1lov\u00e9hradeck\u00fd kraj investuje 147,8 milionu korun do rozs\u00e1hl\u00e9 modernizace soci\u00e1ln\u00edho za\u0159\u00edzen\u00ed Barevn\u00e9 domky v Hajnici. Potrv\u00e1 do roku 2024. U\u017e v listopadu se pust\u00ed stavba\u0159i <a class=\"mh-excerpt-more\" href=\"https:\/\/www.invarena.cz\/?p=36792\" title=\"Barevn\u00e9 domky v Hajnici prom\u011bn\u00ed investice za 148 milion\u016f korun\">[&#8230;]<\/a><\/p>\n<\/div>","protected":false},"author":1,"featured_media":14487,"comment_status":"open","ping_status":"closed","sticky":false,"template":"","format":"standard","meta":{"footnotes":""},"categories":[9],"tags":[],"class_list":["post-36792","post","type-post","status-publish","format-standard","has-post-thumbnail","hentry","category-zpravy"],"_links":{"self":[{"href":"https:\/\/www.invarena.cz\/index.php?rest_route=\/wp\/v2\/posts\/36792","targetHints":{"allow":["GET"]}}],"collection":[{"href":"https:\/\/www.invarena.cz\/index.php?rest_route=\/wp\/v2\/posts"}],"about":[{"href":"https:\/\/www.invarena.cz\/index.php?rest_route=\/wp\/v2\/types\/post"}],"author":[{"embeddable":true,"href":"https:\/\/www.invarena.cz\/index.php?rest_route=\/wp\/v2\/users\/1"}],"replies":[{"embeddable":true,"href":"https:\/\/www.invarena.cz\/index.php?rest_route=%2Fwp%2Fv2%2Fcomments&post=36792"}],"version-history":[{"count":0,"href":"https:\/\/www.invarena.cz\/index.php?rest_route=\/wp\/v2\/posts\/36792\/revisions"}],"wp:featuredmedia":[{"embeddable":true,"href":"https:\/\/www.invarena.cz\/index.php?rest_route=\/wp\/v2\/media\/14487"}],"wp:attachment":[{"href":"https:\/\/www.invarena.cz\/index.php?rest_route=%2Fwp%2Fv2%2Fmedia&parent=36792"}],"wp:term":[{"taxonomy":"category","embeddable":true,"href":"https:\/\/www.invarena.cz\/index.php?rest_route=%2Fwp%2Fv2%2Fcategories&post=36792"},{"taxonomy":"post_tag","embeddable":true,"href":"https:\/\/www.invarena.cz\/index.php?rest_route=%2Fwp%2Fv2%2Ftags&post=36792"}],"curies":[{"name":"wp","href":"https:\/\/api.w.org\/{rel}","templated":true}]}}