{"id":36803,"date":"2021-10-19T20:16:47","date_gmt":"2021-10-19T18:16:47","guid":{"rendered":"http:\/\/www.invarena.cz\/?p=36803"},"modified":"2021-10-19T20:16:47","modified_gmt":"2021-10-19T18:16:47","slug":"pecuji-o-sve-blizke-den-co-den-podekujte-jim-a-nechte-je-obcas-dobit-baterky","status":"publish","type":"post","link":"https:\/\/www.invarena.cz\/?p=36803","title":{"rendered":"Pe\u010duj\u00ed o sv\u00e9 bl\u00edzk\u00e9 den co den. Pod\u011bkujte jim a nechte je ob\u010das dob\u00edt baterky"},"content":{"rendered":"\n<p>B\u011bhem T\u00fddne soci\u00e1ln\u00edch slu\u017eeb se v Prachatic\u00edch uskute\u010dnila\nkonference zam\u011b\u0159en\u00e1 na podporu a p\u00e9\u010di o pe\u010duj\u00edc\u00ed. Existuje p\u0159ibli\u017en\u011b 1,3\nmilionu osob, kter\u00e9 doma dlouhodob\u011b pe\u010duj\u00ed o sv\u00e9 bl\u00edzk\u00e9, nemocn\u00e9 partnery,\nseniory, rodi\u010de a d\u011bti nebo dosp\u011bl\u00e9 se zdravotn\u00edm posti\u017een\u00edm. Pe\u010duj\u00ed mnohdy 24\nhodin denn\u011b, sedm dn\u00ed v t\u00fddnu, sv\u00e1tky i p\u00e1tky. Za jejich pr\u00e1ci jim pat\u0159\u00ed velk\u00e9\npod\u011bkov\u00e1n\u00ed. <\/p>\n\n\n\n<p>Konference Podpora a p\u00e9\u010de o pe\u010duj\u00edc\u00ed se konala v N\u00e1rodn\u00edm dom\u011b v Prachatic\u00edch ve st\u0159edu 6. \u0159\u00edjna za \u00fa\u010dasti odborn\u00edk\u016f, laik\u016f, pe\u010duj\u00edc\u00edch a host\u016f. Nab\u00eddla kulturn\u00ed program, informace o p\u00e9\u010di \u2013 projektech zam\u011b\u0159en\u00fdch na pe\u010duj\u00edc\u00ed osoby, p\u0159\u00edb\u011bhy pe\u010duj\u00edc\u00edch, v\u00fdstavu, vyhl\u00e1\u0161en\u00ed 14. Pe\u010duj\u00edc\u00edch s kyti\u010dkou ORP Prachatice, \u2026 <\/p>\n\n\n\n<p>C\u00edlem setk\u00e1n\u00ed bylo upozornit nejen u p\u0159\u00edtomn\u00fdch, ale i ve\u0159ejnosti na d\u016fle\u017eitost neform\u00e1ln\u00ed p\u00e9\u010de a pod\u011bkovat nominovan\u00fdm pe\u010duj\u00edc\u00edm. Podle kvalifikovan\u00fdch odhad\u016f 1,3 milionu osob, kter\u00e9 dlouhodob\u011b pe\u010duj\u00ed v dom\u00e1c\u00edm prost\u0159ed\u00ed o sv\u00e9 bl\u00edzk\u00e9, nemocn\u00e9 partnery, seniorn\u00ed rodi\u010de a d\u011bti nebo dosp\u011bl\u00e9 se zdravotn\u00edm posti\u017een\u00edm. Pe\u010duj\u00ed mnohdy 24 hodin denn\u011b sedm dn\u00ed v t\u00fddnu, sv\u00e1tky i p\u00e1tky. Ud\u011blat si p\u0159est\u00e1vku v pe\u010dov\u00e1n\u00ed d\u00e1v\u00e1 prostor pro dobit\u00ed baterek a mo\u017enost v\u011bnovat se sv\u00fdm z\u00e1jm\u016fm. Osoba, o n\u00ed\u017e je pe\u010dov\u00e1no, z toho bude tak\u00e9 profilovat. <\/p>\n\n\n\n<p>Na \u00favod konference u\u017eivatel\u00e9 soci\u00e1ln\u00edch slu\u017eeb soci\u00e1ln\u011b\nterapeutick\u00e9 d\u00edlny Chel\u010dick\u00e9ho domova sv. Linharta zahr\u00e1li pantomimou hru A\npo\u0161li to d\u00e1l, kter\u00e1 mnoh\u00e9 z p\u0159\u00edtomn\u00fdch hned v \u00favodu dojala. Zp\u011bvem pohladily i\nsestry Jarmila \u0160\u00edmov\u00e1 a Marie \u0160\u00edmov\u00e1.<\/p>\n\n\n\n<p>V prvn\u00edm bloku byli vyhl\u00e1\u0161eni pe\u010duj\u00edc\u00ed v za\u0159\u00edzen\u00edch, kter\u00fdm\np\u0159ed\u00e1val certifik\u00e1t m\u00edstostarosta Jan Klime\u0161, zastupitel, p\u0159edseda soci\u00e1ln\u00ed\nkomise a \u0159editel spole\u010dnosti KreBul Zden\u011bk Krejsa a Iveta Frkov\u00e1, zastupuj\u00edc\u00ed\nSOS \u0160umavsko:<\/p>\n\n\n\n<p>&#8211;&nbsp; Ivana B\u00cdLKOV\u00c1,\nDomov senior\u016f Mistra K\u0159i\u0161\u0165ana<\/p>\n\n\n\n<p>&#8211;&nbsp; Lucie VONDROV\u00c1,\nSenior House EDEN<\/p>\n\n\n\n<p>&#8211;&nbsp; Jitka SIMANDLOV\u00c1,\nDomov pro seniory POHODA<\/p>\n\n\n\n<p>&#8211;&nbsp; Lenka ILLYOV\u00c1,\nSenior House EDEN<\/p>\n\n\n\n<p>V druh\u00e9m bloku byly p\u0159ed\u00e1ny certifik\u00e1ty neform\u00e1ln\u00edm\npe\u010duj\u00edc\u00edm vedouc\u00ed odboru soci\u00e1ln\u00edch v\u011bc\u00ed M\u011bstsk\u00e9ho \u00fa\u0159adu Prachatice Sv\u011btlanou\nR\u016f\u017ei\u010dkovou, zastupitelem Zde\u0148kem Krejsou a z\u00e1stupcem po\u0159\u00e1daj\u00edc\u00ed organizace\nIvetou Frkovou z SOS \u0160umavsko:<\/p>\n\n\n\n<p>&#8211;&nbsp; R\u016f\u017eena \u0160LESINGEROV\u00c1<\/p>\n\n\n\n<p>&#8211;&nbsp; Franti\u0161ek PAPE\u017d<\/p>\n\n\n\n<p>&#8211;&nbsp; Daniela B\u017dOCHOV\u00c1<\/p>\n\n\n\n<p>&#8211;&nbsp; Marta KADLECOV\u00c1<\/p>\n\n\n\n<p>osobn\u011b budou je\u0161t\u011b p\u0159ed\u00e1ny certifik\u00e1ty t\u011bm, kte\u0159\u00ed se\ndostavit nemohli:<\/p>\n\n\n\n<p>&#8211;&nbsp; Camelia MARES<\/p>\n\n\n\n<p>&#8211;&nbsp; V\u011bra N\u011aMCOV\u00c1<\/p>\n\n\n\n<p>&#8211;&nbsp; Marie HRUBE\u0160OV\u00c1<\/p>\n\n\n\n<p>&#8211;&nbsp; Miroslava HAVL\u00cdKOV\u00c1<\/p>\n\n\n\n<p>&#8211;&nbsp; Karel B\u00cdNA<\/p>\n\n\n\n<p>T\u0159et\u00ed gratulace pat\u0159ila Ev\u011b Po\u0161tov\u00e9, kter\u00e1 pe\u010duje n\u011bkolik\ndes\u00edtek let o dv\u011b t\u011b\u017ece zdravotn\u011b posti\u017een\u00e9 d\u011bti. Eva Po\u0161tov\u00e1 se v leto\u0161n\u00edm\nroce stala z\u00e1rove\u0148 Pe\u010duj\u00edc\u00ed roku 2021, v sout\u011b\u017ei vyhl\u00e1\u0161en\u00e9 MPSV. Po\u0159adatel\u00e9\nnato\u010dili s kameramanem V\u00e1clavem Malinou z TV \u0160rumec dokument o Pe\u010duj\u00edc\u00ed Ev\u011b\nPo\u0161tov\u00e9, kter\u00fd byl jako d\u00e1rek nejen pro ni poprv\u00e9 spu\u0161t\u011bn na konferenci.\nGratulace byla umocn\u011bna p\u0159\u00edtomnost\u00ed here\u010dky Lilian Malkiny, kter\u00e1 pr\u00e1v\u011b Ev\u011b\nPo\u0161tov\u00e9 p\u0159edala certifik\u00e1t. M\u00edstostarosta Lorenc vedle kv\u011btiny i dv\u011b pouk\u00e1zky\nna dva stromy.<\/p>\n\n\n\n<p>Symbolick\u00fdm vyj\u00e1d\u0159en\u00edm Dne pe\u010duj\u00edc\u00edch byl zvolen kv\u00edtek\nchrpy (vyhl\u00e1sila organizace Alfa Human Service). A po\u0159adatel\u00e9 si zvolili chrpu\nze \u0160umavy v\u00fdtvarnice Jolany Kimlov\u00e9. Na konferenci byl, obraz origin\u00e1l, ale\nv\u0161ichni p\u0159\u00edtomn\u00ed tak\u00e9 dostali pohlednici se symbolem chrpy a \u017e\u00e1dost\u00ed, a\u0165 ji\npo\u0161lou d\u00e1l, n\u011bkomu ze zn\u00e1m\u00fdch pe\u010duj\u00edc\u00edch. <\/p>\n\n\n\n<p>V s\u00e1le byly p\u0159edstaveny n\u011bkter\u00e9 aktivity, kter\u00e9 mohou\npe\u010duj\u00edc\u00edm osob\u00e1m pomoci, a\u0165 u\u017e to byly knihy (p\u0159ipravila M\u011bstsk\u00e1 knihovna\nPrachatice), nebo pom\u016fcky (p\u0159ipravila P\u016fj\u010dovna pom\u016fcek Jiho\u010desk\u00e9ho centra pro\nzdravotn\u011b posti\u017een\u00e9 a seniory, Prachatice), nebo relaxace, mas\u00e1\u017ee (p\u0159ipravila\nBohdana Koll\u00e1rov\u00e1 a Stanislava Linhov\u00e1), informace (p\u0159ipravil Dom\u00e1c\u00ed hospic sv.\nJakuba Prachatice).<\/p>\n\n\n\n<p>Na stolech v\u0161ichni dostali \u010derstv\u00e9 \u010d\u00edslo SeniorPoint Pressu,\nkter\u00fd nab\u00edz\u00ed mnoho aktivit, informac\u00ed a sout\u011b\u017e\u00ed pro voln\u00e9 chv\u00edle (p\u0159ipravil\nSeniorPoint). Ob\u010derstven\u00ed zajistila st\u0159edn\u00ed \u0161kola \u201eNerudovka Vimperk\u201c \u2013 SOU \u2013\nkucha\u0159 \u2013 \u010d\u00ed\u0161n\u00edk pod veden\u00edm Anton\u00edna Olaha. Vyzdoben\u00fd s\u00e1l nab\u00eddl des\u00edtky malovan\u00fdch\nobr\u00e1zk\u016f od d\u011bt\u00ed ze sout\u011b\u017ee Chrpa, kter\u00e1 je symbolem pe\u010duj\u00edc\u00edch. <\/p>\n\n\n\n<p>V programu vystoupila sociolo\u017eka Olga Starostov\u00e1, z Diakonie\nC\u010cE Praha o P\u00e9\u010di o pe\u010duj\u00edc\u00ed, \u0159editelka Domova pro seniory Mistra K\u0159i\u0161\u0165ana\nPrachatice a \u0159editelka Institutu Smyslov\u00e9 aktivizace Hana Vojtov\u00e1, kter\u00e1 se\nzam\u011b\u0159ila na podporu, pomoc a p\u00e9\u010di s respektem, \u00factou a l\u00e1skou.<\/p>\n\n\n\n<p>Prezentace byly zakon\u010deny novinkou v poskytov\u00e1n\u00ed soci\u00e1ln\u00ed\nslu\u017eby \u2013 osobn\u00ed asistence na Prachaticku. Ji\u0159\u00ed Gabriel Ku\u010dera ve sv\u00e9 prezentaci\nobezn\u00e1mil s rozj\u00ed\u017ed\u011bj\u00edc\u00ed se slu\u017ebou osobn\u00ed asistence pod spole\u010dnost\u00ed KreBul od\n1.1.2021 s p\u0159edn\u00e1\u0161kou a n\u00e1zvem Osobn\u00ed asistence \/ alternativa sob\u011bsta\u010dnosti.<\/p>\n\n\n\n<p>Nechyb\u011blo ani p\u0159edstaven\u00ed jednoho z organiz\u00e1tor\u016f SOS\n\u0160umavsko a projektu Podpora pe\u010duj\u00edc\u00edch osob na Prachaticku a Vimpersku Ivetou\nFrkovou.<\/p>\n\n\n\n<p>Velmi zaj\u00edmavou p\u0159edn\u00e1\u0161ku p\u0159inesla Andrea Tajanovsk\u00e1 z\nAsociace poskytovatel\u016f soci\u00e1ln\u00edch slu\u017eeb v \u010cesk\u00e9 republice \u2013 Jak pe\u010dovat a\nnevyho\u0159et? Projekt Pe\u010duj doma pro Jiho\u010desk\u00fd kraj p\u0159edstavila Monika Maru\u0161kov\u00e1,\nkoordin\u00e1torka a vystoupil i kolega z Charity Z\u00e1b\u0159eh Martin Smolka.<\/p>\n\n\n\n<p>Here\u010dka Lilian Malkina uzav\u0159ela slavnostn\u00ed dopoledne sv\u00fdm\nskv\u011bl\u00fdm pov\u00edd\u00e1n\u00edm o \u017eivot\u011b a pr\u00e1ci, kon\u00ed\u010dc\u00edch. <\/p>\n\n\n\n<p>\u201cJe velmi d\u016fle\u017eit\u00e9 o neform\u00e1ln\u00ed p\u00e9\u010di v na\u0161\u00ed spole\u010dnosti\nmluvit a neust\u00e1le p\u0159ipom\u00ednat, \u017ee bez pomoci pe\u010duj\u00edc\u00edch by se n\u00e1\u0161 st\u00e1t\nneobe\u0161el.\u201d<\/p>\n\n\n\n<p>P\u0159ejeme v\u0161em pe\u010duj\u00edc\u00edm, aby nebyli na p\u00e9\u010di sami a aby na\u0161li\nv ten prav\u00fd \u010das podporu a pomoc.<\/p>\n\n\n\n<p>Za \u010dl\u00e1nek a fotky d\u011bkujeme Hance RH+ Rabenhauptov\u00e9 z Prachatic<\/p>\n\n\n\n<p>\u010ceskobud\u011bjovick\u00fd den\u00edk<\/p>\n\n\n\n<p><a rel=\"noreferrer noopener\" aria-label=\" (otev\u0159e se na nov\u00e9 z\u00e1lo\u017ece)\" href=\"https:\/\/ceskobudejovicky.denik.cz\/\" target=\"_blank\">https:\/\/ceskobudejovicky.denik.cz\/<\/a><\/p>\n","protected":false},"excerpt":{"rendered":"<div class=\"mh-excerpt\"><p>B\u011bhem T\u00fddne soci\u00e1ln\u00edch slu\u017eeb se v Prachatic\u00edch uskute\u010dnila konference zam\u011b\u0159en\u00e1 na podporu a p\u00e9\u010di o pe\u010duj\u00edc\u00ed. Existuje p\u0159ibli\u017en\u011b 1,3 milionu osob, kter\u00e9 doma dlouhodob\u011b pe\u010duj\u00ed <a class=\"mh-excerpt-more\" href=\"https:\/\/www.invarena.cz\/?p=36803\" title=\"Pe\u010duj\u00ed o sv\u00e9 bl\u00edzk\u00e9 den co den. Pod\u011bkujte jim a nechte je ob\u010das dob\u00edt baterky\">[&#8230;]<\/a><\/p>\n<\/div>","protected":false},"author":1,"featured_media":14573,"comment_status":"open","ping_status":"closed","sticky":false,"template":"","format":"standard","meta":{"footnotes":""},"categories":[9],"tags":[],"class_list":["post-36803","post","type-post","status-publish","format-standard","has-post-thumbnail","hentry","category-zpravy"],"_links":{"self":[{"href":"https:\/\/www.invarena.cz\/index.php?rest_route=\/wp\/v2\/posts\/36803","targetHints":{"allow":["GET"]}}],"collection":[{"href":"https:\/\/www.invarena.cz\/index.php?rest_route=\/wp\/v2\/posts"}],"about":[{"href":"https:\/\/www.invarena.cz\/index.php?rest_route=\/wp\/v2\/types\/post"}],"author":[{"embeddable":true,"href":"https:\/\/www.invarena.cz\/index.php?rest_route=\/wp\/v2\/users\/1"}],"replies":[{"embeddable":true,"href":"https:\/\/www.invarena.cz\/index.php?rest_route=%2Fwp%2Fv2%2Fcomments&post=36803"}],"version-history":[{"count":0,"href":"https:\/\/www.invarena.cz\/index.php?rest_route=\/wp\/v2\/posts\/36803\/revisions"}],"wp:featuredmedia":[{"embeddable":true,"href":"https:\/\/www.invarena.cz\/index.php?rest_route=\/wp\/v2\/media\/14573"}],"wp:attachment":[{"href":"https:\/\/www.invarena.cz\/index.php?rest_route=%2Fwp%2Fv2%2Fmedia&parent=36803"}],"wp:term":[{"taxonomy":"category","embeddable":true,"href":"https:\/\/www.invarena.cz\/index.php?rest_route=%2Fwp%2Fv2%2Fcategories&post=36803"},{"taxonomy":"post_tag","embeddable":true,"href":"https:\/\/www.invarena.cz\/index.php?rest_route=%2Fwp%2Fv2%2Ftags&post=36803"}],"curies":[{"name":"wp","href":"https:\/\/api.w.org\/{rel}","templated":true}]}}