{"id":36818,"date":"2021-10-21T11:53:01","date_gmt":"2021-10-21T09:53:01","guid":{"rendered":"http:\/\/www.invarena.cz\/?p=36818"},"modified":"2021-10-21T11:53:02","modified_gmt":"2021-10-21T09:53:02","slug":"pomahaji-druhym-manzele-z-lysic-dostali-cenu-kresadlo","status":"publish","type":"post","link":"https:\/\/www.invarena.cz\/?p=36818","title":{"rendered":"Pom\u00e1haj\u00ed druh\u00fdm. Man\u017eel\u00e9 z Lysic dostali cenu K\u0159esadlo"},"content":{"rendered":"\n<p>You Dream We Run. \u010cty\u0159iadvacetihodinov\u00e1 \u0161tafeta, do kter\u00e9 se\nv Blansku ka\u017edoro\u010dn\u011b zapojilo n\u011bkolik tis\u00edc b\u011b\u017ec\u016f. Z vybran\u00fdch pen\u011bz plnila sny\nposti\u017een\u00fdm d\u011btem i dosp\u011bl\u00fdm. Za osm let existence pokryl tento projekt bezm\u00e1la\n\u0161edes\u00e1t sn\u016f v hodnot\u011b t\u00e9m\u011b\u0159 p\u011bt milion\u016f korun. Organizuje ho spolek Prosen, v\njeho\u017e \u010dele stoj\u00ed man\u017eel\u00e9 Hana a Roman Jan\u010diarovi z Lysic na Blanensku.<\/p>\n\n\n\n<p>P\u00e1r ned\u00e1vno z\u00edskal v Jihomoravsk\u00e9m kraji cenu K\u0159esadlo v\nkategorii soci\u00e1ln\u00ed slu\u017eba a zdravotnictv\u00ed. \u201eOcen\u011bn\u00ed si nesm\u00edrn\u011b v\u00e1\u017e\u00edme. Je to\nale v\u00fdsledek pr\u00e1ce cel\u00e9ho na\u0161eho t\u00fdmu, kde je n\u00e1s asi deset. Ve voln\u00e9m \u010dase se\nzab\u00fdv\u00e1me tak\u00e9 ekologick\u00fdmi projekty, byli jsme jako dobrovoln\u00edci v obc\u00edch,\nkter\u00e9 zni\u010dilo torn\u00e1do. A tak\u00e9 se sna\u017e\u00edme pom\u00e1hat star\u00fdm lidem. Ti jsou toti\u017e\n\u010dasto na okraji z\u00e1jmu spole\u010dnosti a m\u00e9di\u00ed, syst\u00e9m se o n\u011b nen\u00ed kolikr\u00e1t schopn\u00fd\npostarat. Osobn\u011b to za\u017e\u00edv\u00e1m nyn\u00ed v p\u0159\u00edm\u00e9m p\u0159enosu, proto\u017ee m\u00e1m v\u00e1\u017en\u011b nemocn\u00e9ho\ntat\u00ednka,\u201c \u0159ekl Den\u00edku Roman Jan\u010diar, kter\u00fd pracuje v arm\u00e1d\u011b.<\/p>\n\n\n\n<p>Inici\u00e1torem projektu K\u0159esadlo je organizace HESTIA \u2013 Centrum\npro dobrovolnictv\u00ed. Na jihu Moravy se za\u010dala tato ocen\u011bn\u00ed poprv\u00e9 ud\u011blovat p\u0159ed\n\u010dty\u0159mi lety. \u201eHlavn\u00edm c\u00edlem ud\u011blov\u00e1n\u00ed ceny K\u0159esadlo je upozornit na p\u0159\u00ednos\ndobrovolnick\u00fdch \u010dinnost\u00ed v na\u0161\u00ed spole\u010dnosti. Zviditelnit p\u0159\u00edb\u011bhy vz\u00e1jemn\u00e9 a\nnezi\u0161tn\u00e9 pomoci, vyzdvihnout pr\u00e1ci dobrovoln\u00edk\u016f, a p\u0159edev\u0161\u00edm podpo\u0159it dal\u0161\u00ed\nlidi k zapojen\u00ed se do dobrovolnick\u00fdch aktivit,\u201c uvedli organiz\u00e1to\u0159i projektu.<\/p>\n\n\n\n<p>Po osmi \u00fasp\u011b\u0161n\u00fdch ro\u010dn\u00edc\u00edch m\u00e1 nyn\u00ed charitativn\u00ed \u0161tafeta You\nDream We Run v Blansku u\u017e druh\u00fd rok nucenou pauzu. Kv\u016fli epidemii koronaviru a\nn\u00e1sledn\u00fdm omezen\u00edm. Nejist\u00e9 je tak\u00e9 m\u00edsto, kde se p\u0159\u00ed\u0161t\u011b pob\u011b\u017e\u00ed. M\u011bsto toti\u017e\np\u0159ed \u010dasem investovalo miliony korun do \u00faprav stadionu v ulici Ml\u00fdnsk\u00e1, dal\u0161\u00edch\nsportovi\u0161\u0165 a objekt\u016f na Sportovn\u00edm ostrov\u011b Ludv\u00edka Da\u0148ka. Fotbalist\u00e9 tam hr\u00e1li\ndruhou ligu a kemp pro n\u011bkolik tis\u00edc lid\u00ed tak v t\u00e9to lokalit\u011b nep\u0159ich\u00e1zel z\npohledu \u00fa\u0159edn\u00edk\u016f v \u00favahu.<\/p>\n\n\n\n<p>Radnice proto u\u017e loni organiz\u00e1tor\u016fm nab\u00eddla n\u00e1hradn\u00ed z\u00e1zem\u00ed.\nRekrea\u010dn\u00ed are\u00e1l Palava v okol\u00ed tamn\u00ed p\u0159ehrady. Stejn\u011b jako loni v\u0161ak i letos\nv\u0161e zhatila epidemie koronaviru. \u201eRekrea\u010dn\u00ed oblast Palava je kr\u00e1sn\u00e9 p\u0159\u00edrodn\u00ed\nm\u00edsto. Ale pro n\u00e1s jako organiz\u00e1tory tak rozs\u00e1hl\u00e9 akce opravdu velk\u00e1 nezn\u00e1m\u00e1.\nNen\u00ed tam z\u00e1zem\u00ed pro tolik lid\u00ed jako na stadionu. Sprchy, toalety, \u0161atny, nev\u00edm\njak se stanov\u00e1n\u00edm. Museli bychom tam za\u010d\u00edt od p\u00edky a po\u010d\u00edtat s \u0159adou omezen\u00ed,\u201c\n\u0159ekl Jan\u010diar.<\/p>\n\n\n\n<p>Dodal, \u017ee stadion v ulici Ml\u00fdnsk\u00e1 s atletickou dr\u00e1hou a\nnedalekou sportovn\u00ed halou, nav\u00edc s nov\u00fdm parkovi\u0161t\u011bm, je ide\u00e1ln\u00edm m\u00edstem. B\u011b\u017eci\nsi podle n\u011bj za p\u0159edchoz\u00ed ro\u010dn\u00edky zvykli na \u0161tafetu na okruhu a na strojov\u00e9\npo\u010d\u00edt\u00e1n\u00ed kol. \u201eO dal\u0161\u00edm ro\u010dn\u00edku a m\u00edstu kon\u00e1n\u00ed You Dream We Run jsem je\u0161t\u011b s\nveden\u00edm m\u011bsta nejednal. Ch\u00e1pu, \u017ee fotbalist\u00e9 maj\u00ed strach, \u017ee se jim m\u016f\u017ee\nponi\u010dit tr\u00e1vn\u00edk. Atleti tak\u00e9 nejsou nad\u0161en\u00ed, \u017ee jim po dr\u00e1ze bude \u010dty\u0159iadvacet\nhodin b\u011bhat tolik lid\u00ed. Z m\u00e9ho pohledu je to ale akce, kter\u00e1 v\u00fdznamn\u011b p\u0159esahuje\nr\u00e1mec m\u011bsta i kraje. Blansko by ji podle m\u00e9ho mohlo vyu\u017e\u00edt l\u00e9pe a zviditelnit\nse,\u201c dodal Jan\u010diar.<\/p>\n\n\n\n<p>Jan Charv\u00e1t<\/p>\n\n\n\n<p>Blanensk\u00fd den\u00edk<\/p>\n\n\n\n<p><a rel=\"noreferrer noopener\" aria-label=\" (otev\u0159e se na nov\u00e9 z\u00e1lo\u017ece)\" href=\"https:\/\/blanensky.denik.cz\/\" target=\"_blank\">https:\/\/blanensky.denik.cz\/<\/a><\/p>\n","protected":false},"excerpt":{"rendered":"<div class=\"mh-excerpt\"><p>You Dream We Run. \u010cty\u0159iadvacetihodinov\u00e1 \u0161tafeta, do kter\u00e9 se v Blansku ka\u017edoro\u010dn\u011b zapojilo n\u011bkolik tis\u00edc b\u011b\u017ec\u016f. Z vybran\u00fdch pen\u011bz plnila sny posti\u017een\u00fdm d\u011btem i dosp\u011bl\u00fdm. <a class=\"mh-excerpt-more\" href=\"https:\/\/www.invarena.cz\/?p=36818\" title=\"Pom\u00e1haj\u00ed druh\u00fdm. Man\u017eel\u00e9 z Lysic dostali cenu K\u0159esadlo\">[&#8230;]<\/a><\/p>\n<\/div>","protected":false},"author":1,"featured_media":21030,"comment_status":"open","ping_status":"closed","sticky":false,"template":"","format":"standard","meta":{"footnotes":""},"categories":[9],"tags":[],"class_list":["post-36818","post","type-post","status-publish","format-standard","has-post-thumbnail","hentry","category-zpravy"],"_links":{"self":[{"href":"https:\/\/www.invarena.cz\/index.php?rest_route=\/wp\/v2\/posts\/36818","targetHints":{"allow":["GET"]}}],"collection":[{"href":"https:\/\/www.invarena.cz\/index.php?rest_route=\/wp\/v2\/posts"}],"about":[{"href":"https:\/\/www.invarena.cz\/index.php?rest_route=\/wp\/v2\/types\/post"}],"author":[{"embeddable":true,"href":"https:\/\/www.invarena.cz\/index.php?rest_route=\/wp\/v2\/users\/1"}],"replies":[{"embeddable":true,"href":"https:\/\/www.invarena.cz\/index.php?rest_route=%2Fwp%2Fv2%2Fcomments&post=36818"}],"version-history":[{"count":0,"href":"https:\/\/www.invarena.cz\/index.php?rest_route=\/wp\/v2\/posts\/36818\/revisions"}],"wp:featuredmedia":[{"embeddable":true,"href":"https:\/\/www.invarena.cz\/index.php?rest_route=\/wp\/v2\/media\/21030"}],"wp:attachment":[{"href":"https:\/\/www.invarena.cz\/index.php?rest_route=%2Fwp%2Fv2%2Fmedia&parent=36818"}],"wp:term":[{"taxonomy":"category","embeddable":true,"href":"https:\/\/www.invarena.cz\/index.php?rest_route=%2Fwp%2Fv2%2Fcategories&post=36818"},{"taxonomy":"post_tag","embeddable":true,"href":"https:\/\/www.invarena.cz\/index.php?rest_route=%2Fwp%2Fv2%2Ftags&post=36818"}],"curies":[{"name":"wp","href":"https:\/\/api.w.org\/{rel}","templated":true}]}}