{"id":36822,"date":"2021-10-25T12:02:11","date_gmt":"2021-10-25T10:02:11","guid":{"rendered":"http:\/\/www.invarena.cz\/?p=36822"},"modified":"2021-10-25T12:02:12","modified_gmt":"2021-10-25T10:02:12","slug":"vystava-v-chomutovske-knihovne-priblizuje-svet-lidi-s-hendikepem","status":"publish","type":"post","link":"https:\/\/www.invarena.cz\/?p=36822","title":{"rendered":"V\u00fdstava v Chomutovsk\u00e9 knihovn\u011b p\u0159ibli\u017euje sv\u011bt lid\u00ed s hendikepem"},"content":{"rendered":"\n<p>Ve \u010dtvrtek 21. \u0159\u00edjna byla v prostor\u00e1ch Chomutovsk\u00e9 knihovny\nslavnostn\u00ed vernis\u00e1\u017e\u00ed zah\u00e1jena putovn\u00ed v\u00fdstava Lid\u00e9 odvedle, kter\u00e1 nab\u00edz\u00ed\nn\u00e1v\u0161t\u011bvn\u00edk\u016fm p\u0159edev\u0161\u00edm z \u0159ad d\u011bt\u00ed a ml\u00e1de\u017ee unik\u00e1tn\u00ed mo\u017enost vyzkou\u0161et si na\nvlastn\u00ed k\u016f\u017ei, jak se \u017eije s posti\u017een\u00edm a jak jim co nejl\u00e9pe pomoci.<\/p>\n\n\n\n<p>Nadace Sirius, kter\u00e1 se dlouhodob\u011b v\u011bnuje podpo\u0159e\nznev\u00fdhodn\u011bn\u00fdch d\u011bt\u00ed, p\u0159ipravila ve spolupr\u00e1ci s Chomutovskou knihovnou\ninteraktivn\u00ed v\u00fdstavu Lid\u00e9 odvedle, ur\u010denou pro \u0161irokou ve\u0159ejnost, zvl\u00e1\u0161t\u011b pro\n\u017e\u00e1ky z\u00e1kladn\u00edch a st\u0159edn\u00edch \u0161kol a jejich pedagogy. C\u00edlem expozice je p\u0159ibl\u00ed\u017eit\nzdrav\u00e9 populaci, jak se \u017eije osob\u00e1m se zrakov\u00fdm, sluchov\u00fdm a t\u011blesn\u00fdm posti\u017een\u00edm.<\/p>\n\n\n\n<p>\u201eS projekty tohoto typu m\u00e1me zku\u0161enosti od roku 2013 a v\u017edy se setkaly s\nvelk\u00fdm z\u00e1jmem n\u00e1v\u0161t\u011bvn\u00edk\u016f a tak\u00e9 u\u010ditel\u016f,\u201c \u0159\u00edk\u00e1 Dana Lipov\u00e1, \u0159editelka Nadace\nSirius. \u201eChceme hlavn\u011b d\u011btem a mlad\u00fdm lidem zaj\u00edmavou formou uk\u00e1zat, jak \u017eij\u00ed\nhendikepovan\u00ed lid\u00e9. Nakr\u00e1tko se mohou ocitnout v jejich k\u016f\u017ei a pod\u00edvat se na\nsv\u011bt jin\u00fdm pohledem.\u201c<\/p>\n\n\n\n<p>V\u00fdstava nese podtitul Neobvykl\u00fd v\u00fdlet do sv\u011bta lid\u00ed s\nhendikepem, co\u017e vystihuje interaktivn\u00ed formu v\u00fdstavy, kter\u00e1 z\u00e1bavnou formou zve\nn\u00e1v\u0161t\u011bvn\u00edka na skute\u010dn\u00fd v\u00fdlet: od p\u0159\u00edpravy na cestu, p\u0159es orientaci v ter\u00e9nu a\npou\u017eit\u00ed dopravn\u00edho prost\u0159edku, a\u017e po z\u00e1\u017eitky z cest. V expozici proto nechyb\u00ed\nnap\u0159\u00edklad model autobusu nebo temn\u00fd tunel znesnad\u0148uj\u00edc\u00ed orientaci.<\/p>\n\n\n\n<p>V\u00fdstava je otev\u0159ena \u0161irok\u00e9 ve\u0159ejnosti, p\u0159edev\u0161\u00edm je v\u0161ak\nzam\u011b\u0159ena na \u017e\u00e1ky z\u00e1kladn\u00edch a st\u0159edn\u00edch \u0161kol. N\u00e1v\u0161t\u011bvn\u00edk\u016fm v\u00fdstavy jsou k\ndispozici tak\u00e9 pracovn\u00ed listy a pro u\u010ditele metodick\u00e9 pokyny k dan\u00fdm t\u00e9mat\u016fm,\nkter\u00e1 mohou vyu\u017e\u00edt p\u0159i pr\u00e1ci ve sv\u00fdch hodin\u00e1ch.<\/p>\n\n\n\n<p>V\u00fdstava potrv\u00e1 do 21. ledna 2022 v Galerii Lurago, kter\u00e1 je\nsou\u010d\u00e1st\u00ed Chomutovsk\u00e9 knihovny. Vstupn\u00e9 na v\u00fdstavu \u010din\u00ed 10 korun pro ve\u0159ejnost,\n\u0161koln\u00ed kolektivy maj\u00ed vstup zdarma. N\u00e1v\u0161t\u011bvy \u0161koln\u00edch skupin je v\u0161ak nutn\u00e9\nobjedn\u00e1vat p\u0159edem.<\/p>\n\n\n\n<p>Marie He\u0159manov\u00e1 &#8211; Odbor vn\u011bj\u0161\u00edch vztah\u016f, magistr\u00e1t m\u011bsta Chomutova<\/p>\n\n\n\n<p>Chomutovsk\u00fd den\u00edk<\/p>\n\n\n\n<p><a rel=\"noreferrer noopener\" aria-label=\" (otev\u0159e se na nov\u00e9 z\u00e1lo\u017ece)\" href=\"https:\/\/chomutovsky.denik.cz\/\" target=\"_blank\">https:\/\/chomutovsky.denik.cz\/<\/a><\/p>\n","protected":false},"excerpt":{"rendered":"<div class=\"mh-excerpt\"><p>Ve \u010dtvrtek 21. \u0159\u00edjna byla v prostor\u00e1ch Chomutovsk\u00e9 knihovny slavnostn\u00ed vernis\u00e1\u017e\u00ed zah\u00e1jena putovn\u00ed v\u00fdstava Lid\u00e9 odvedle, kter\u00e1 nab\u00edz\u00ed n\u00e1v\u0161t\u011bvn\u00edk\u016fm p\u0159edev\u0161\u00edm z \u0159ad d\u011bt\u00ed a ml\u00e1de\u017ee <a class=\"mh-excerpt-more\" href=\"https:\/\/www.invarena.cz\/?p=36822\" title=\"V\u00fdstava v Chomutovsk\u00e9 knihovn\u011b p\u0159ibli\u017euje sv\u011bt lid\u00ed s hendikepem\">[&#8230;]<\/a><\/p>\n<\/div>","protected":false},"author":1,"featured_media":15222,"comment_status":"open","ping_status":"closed","sticky":false,"template":"","format":"standard","meta":{"footnotes":""},"categories":[9],"tags":[],"class_list":["post-36822","post","type-post","status-publish","format-standard","has-post-thumbnail","hentry","category-zpravy"],"_links":{"self":[{"href":"https:\/\/www.invarena.cz\/index.php?rest_route=\/wp\/v2\/posts\/36822","targetHints":{"allow":["GET"]}}],"collection":[{"href":"https:\/\/www.invarena.cz\/index.php?rest_route=\/wp\/v2\/posts"}],"about":[{"href":"https:\/\/www.invarena.cz\/index.php?rest_route=\/wp\/v2\/types\/post"}],"author":[{"embeddable":true,"href":"https:\/\/www.invarena.cz\/index.php?rest_route=\/wp\/v2\/users\/1"}],"replies":[{"embeddable":true,"href":"https:\/\/www.invarena.cz\/index.php?rest_route=%2Fwp%2Fv2%2Fcomments&post=36822"}],"version-history":[{"count":0,"href":"https:\/\/www.invarena.cz\/index.php?rest_route=\/wp\/v2\/posts\/36822\/revisions"}],"wp:featuredmedia":[{"embeddable":true,"href":"https:\/\/www.invarena.cz\/index.php?rest_route=\/wp\/v2\/media\/15222"}],"wp:attachment":[{"href":"https:\/\/www.invarena.cz\/index.php?rest_route=%2Fwp%2Fv2%2Fmedia&parent=36822"}],"wp:term":[{"taxonomy":"category","embeddable":true,"href":"https:\/\/www.invarena.cz\/index.php?rest_route=%2Fwp%2Fv2%2Fcategories&post=36822"},{"taxonomy":"post_tag","embeddable":true,"href":"https:\/\/www.invarena.cz\/index.php?rest_route=%2Fwp%2Fv2%2Ftags&post=36822"}],"curies":[{"name":"wp","href":"https:\/\/api.w.org\/{rel}","templated":true}]}}