{"id":3683,"date":"2013-04-12T10:52:26","date_gmt":"2013-04-12T08:52:26","guid":{"rendered":"http:\/\/www.invarena.cz\/?p=3683"},"modified":"2013-04-12T15:44:26","modified_gmt":"2013-04-12T13:44:26","slug":"ombudsman-varvarovsky-mluvil-jsem-s-drabkem-o-skartach-dal-mi-slib","status":"publish","type":"post","link":"https:\/\/www.invarena.cz\/?p=3683","title":{"rendered":"Ombudsman Varva\u0159ovsk\u00fd: Mluvil jsem s Dr\u00e1bkem o sKart\u00e1ch. Dal mi slib&#8230;"},"content":{"rendered":"<p><strong>Tance kolem soci\u00e1ln\u00edch karet nab\u00edraj\u00ed na obr\u00e1tk\u00e1ch. N\u00e1pad premi\u00e9ra Petra Ne\u010dase je zru\u0161it nep\u0159ekvapil jen vl\u00e1dn\u00ed partnery z TOP 09, ale i ombudsmana Pavla Varva\u0159ovsk\u00e9ho. Pro Parlamentn\u00edListy.cz poskytl rozhovor.<\/strong><br \/>\n<!--more--><br \/>\n<strong>Situace kolem sKaret se op\u011bt vyhrocuje. ODS, v \u010dele s premi\u00e9rem Petrem Ne\u010dasem, zm\u011bnila n\u00e1zor a najednou usiluje o jejich zru\u0161en\u00ed. Vl\u00e1da nedo\u0161la k jednotn\u00e9mu postoji, jak s nimi nalo\u017eit a TOP 09 trv\u00e1 na \u00faprav\u011b podm\u00ednek a zachov\u00e1n\u00ed karet. Ministr financ\u00ed Miroslav Kalousek n\u00e1hle p\u0159esv\u011bd\u010duje, \u017ee sKarty vlastn\u011b nejsou v\u016fbec povinn\u00e9. Vy s\u00e1m jste byl odp\u016frcem jejich povinn\u00e9ho u\u017e\u00edv\u00e1n\u00ed. Jak\u00fd je V\u00e1\u0161 postoj k t\u00e9to v\u011bci nyn\u00ed?<\/strong><\/p>\n<p>V\u00edte, ta v\u011bc se dostala do f\u00e1ze pro mne trochu nesrozumiteln\u00e9. I p\u0159es \u0159adu v\u00fdhrad rozhodn\u011b nebylo na\u0161im z\u00e1m\u011brem, aby byl cel\u00fd projekt zru\u0161en. My jsme se p\u0159edev\u0161\u00edm stav\u011bli proti tomu, aby ty karty byly vnuceny lidem, kte\u0159\u00ed z d\u016fvod\u016f hodn\u00fdch z\u0159etele ty karty necht\u011bj\u00ed. Nap\u0159\u00edklad lid\u00e9, kte\u0159\u00ed by m\u011bli k nejbli\u017e\u0161\u00edmu bankomatu 30 kilometr\u016f, trp\u00edc\u00ed ur\u010dit\u00fdm handicapem, nebo kdyby museli k bankomatu slo\u017eit\u011b doj\u00ed\u017ed\u011bt, a podobn\u00e9 d\u016fvody, kter\u00e9 m\u00e1m na mysli.\u0158\u00edkali jsme, bu\u010fte ohledupln\u00ed. Zvolte klientsk\u00fd p\u0159\u00edstup, a kdy\u017e v\u00e1m \u010dlov\u011bk vysv\u011btl\u00ed, pro\u010d tu kartu nechce, nenu\u0165te mu ji. Byli jsme p\u0159esv\u011bd\u010deni, \u017ee to procento odm\u00edtaj\u00edc\u00edch nebude p\u0159\u00edli\u0161 velk\u00e9, co\u017e potvrzuj\u00ed i sou\u010dasn\u00e9 stavy. A pak jsme, kdy\u017e u\u017e ta polemika vznikla, p\u0159ipom\u00ednkovali tak\u00e9 ur\u010dit\u00e9 legislativn\u00ed nedostatky, p\u0159ipom\u00ednkovali jsme i probl\u00e9m ochrany osobn\u00edch \u00fadaj\u016f.<\/p>\n<p><strong>Nem\u011blo by to ale zaj\u00edmat sp\u00ed\u0161e \u00da\u0159ad na ochranu osobn\u00edch \u00fadaj\u016f?<\/strong><\/p>\n<p>Ano, a ten \u00da\u0159ad se s n\u00e1mi tak\u00e9 ztoto\u017enil a p\u0159istupoval k tomu probl\u00e9mu svou vlastn\u00ed cestou. No a to bylo v t\u00e9 prvn\u00ed f\u00e1zi v\u0161echno. Pak se dlouho nic ned\u011blo, a to jsem jednal s panem ministrem Dr\u00e1bkem den p\u0159ed t\u00edm, ne\u017e rezignoval. On mi ten klientsk\u00fd p\u0159\u00edstup p\u0159isl\u00edbil, no a pak do\u0161lo k dal\u0161\u00edmu posunu.<\/p>\n<p><strong>P\u0159edpokl\u00e1d\u00e1m, \u017ee t\u00edm posunem m\u00e1te na mysli rychlou v\u00fdm\u011bnu ministr\u016f\u2026<\/strong><\/p>\n<p>Ano, a pan\u00ed ministryn\u011b M\u00fcllerov\u00e1 byla v\u016f\u010di na\u0161\u00ed kancel\u00e1\u0159i, tak \u0159\u00edkaj\u00edc, vst\u0159\u00edcn\u00e1, jednal jsem s n\u00ed asi dvakr\u00e1t\u2026<br \/>\nProbl\u00e9m je, \u017ee nejsem schopen \u0159\u00edct, a ani mi to nep\u0159\u00edslu\u0161\u00ed, kolik ten projekt skute\u010dn\u011b uspo\u0159\u00ed n\u00e1klad\u016f. Mn\u011b \u0161lo o to, co jsem u\u017e \u0159ekl, tedy o jistou m\u00edru ohleduplnosti v\u016f\u010di lidem.<br \/>\nTo, jestli tato vl\u00e1da nakonec ten projekt \u00fapln\u011b zru\u0161\u00ed, m\u00e1 mnoho nezn\u00e1m\u00fdch. Nezn\u00e1m tak\u00e9 detailn\u011b obsah on\u00e9 smlouvy mezi st\u00e1tem a spo\u0159itelnou, tak\u017ee j\u00e1 ani nev\u00edm, jak by to bylo finan\u010dn\u011b n\u00e1ro\u010dn\u00e9, kdyby se tento projekt eventu\u00e1ln\u011b stornoval. Mn\u011b \u0161lo sp\u00ed\u0161e o to, aby st\u00e1t nep\u0159istupoval ke sv\u00fdm ob\u010dan\u016fm jako dr\u00e1b, a podle hesla &#8222;Budete se m\u00edt dob\u0159e, i kdybyste necht\u011bli&#8220;.<\/p>\n<p><strong>Jak mysl\u00edte, \u017ee v t\u00e9 v\u011bci rozhodne \u00dastavn\u00ed soud?<\/strong><\/p>\n<p>Tak to si opravdu netroufnu p\u0159edj\u00edmat. Je\u0161t\u011b je \u010das. Te\u010f je na \u0159ad\u011b loterijn\u00ed z\u00e1kon, k n\u011bmu\u017e jsme byli obesl\u00e1ni. Jede tam od n\u00e1s ale n\u011bkdo jin\u00fd, proto\u017ee j\u00e1 jsem v t\u00e9 dob\u011b na Slovensku, kde se sejdou ombudsmani z Visegr\u00e1dsk\u00e9 \u010dty\u0159ky. Sch\u00e1z\u00edme se ka\u017ed\u00fd rok na st\u0159\u00edda\u010dku, tak\u017ee letos je to na Slovensku.<br \/>\nPr\u00e1v\u011b z toho d\u016fvodu tu nebudu, a\u017e p\u0159ijede doktor K\u0159e\u010dek. Po\u017e\u00e1dal jsem ale kolegy, aby panu doktorovi vysv\u011btlili, \u017ee to rozhodn\u011b nen\u00ed projev n\u011bjak\u00e9ho m\u00e9ho vzdoru a st\u00e1vkov\u00e1n\u00ed, ale rozdvojit se zat\u00edm je\u0161t\u011b opravdu neum\u00edm. A ta akce je v\u017edy dost dlouho dop\u0159edu pl\u00e1novan\u00e1.<\/p>\n<p><strong>A o \u010dem asi tak jednaj\u00ed ombudsmani na sv\u00e9m setk\u00e1n\u00ed?<\/strong><\/p>\n<p>Tentokr\u00e1t m\u00e1me t\u00e9ma: Ombudsman je ten, kdo se nem\u00e1 starat jen o z\u00e1konnost postupu spr\u00e1vn\u00edch org\u00e1n\u016f, ale tak\u00e9 o to, \u010demu se \u0159\u00edk\u00e1 dobr\u00e1 spr\u00e1va. My si toti\u017e na ta setk\u00e1n\u00ed v\u017edy domlouv\u00e1me dop\u0159edu n\u011bjak\u00e9 t\u00e9ma.<br \/>\nK t\u00e9 leto\u0161n\u00ed &#8222;dobr\u00e9 spr\u00e1v\u011b&#8220;. U\u017e m\u016fj p\u0159edch\u016fdce pan doktor Motejl formuloval takov\u00e9 desatero dobr\u00e9 spr\u00e1vy &#8211; co\u017e nejsou ani tak postupy, jako sp\u00ed\u0161e slu\u0161nost, vst\u0159\u00edcnost, korektnost, v\u010dasnost a podobn\u011b. Loni to setk\u00e1n\u00ed bylo v Brn\u011b, a to jsme m\u011bli t\u00e9ma: Ombudsman a jeho opr\u00e1vn\u011bn\u00ed k moci soudn\u00ed, co\u017e u n\u00e1s tedy opravdu nen\u00ed \u017e\u00e1dn\u00e1 sl\u00e1va.<\/p>\n<p><strong>St\u011b\u017euj\u00ed si na to Va\u0161i kolegov\u00e9 z Visegr\u00e1du?<\/strong><\/p>\n<p>No, ono se postaven\u00ed ombudsman\u016f v r\u016fzn\u00fdch zem\u00edch od sebe zna\u010dn\u011b li\u0161\u00ed. J\u00e1 m\u00e1m p\u0159ibli\u017en\u011b stejn\u00fd rozsah p\u016fsobnosti jako m\u00e1 slovensk\u00e1 pan\u00ed kolegyn\u011b, zat\u00edmco polsk\u00fd ombudsman &#8211; Rzecznik Praw Obywatelskich (mluv\u010d\u00ed ob\u010dansk\u00fdch pr\u00e1v &#8211; pozn. red.), je skute\u010dn\u011b vrchn\u00edm ochr\u00e1ncem lidsk\u00fdch pr\u00e1v. On dos\u00e1hne na v\u011bci, na kter\u00e9 j\u00e1 u\u017e nemohu, nap\u0159\u00edklad v trestn\u00edch z\u00e1le\u017eitostech. Polsk\u00fd ombudsman je siln\u00e9 kolo, a proto\u017ee je to siln\u00e9 kolo, tak si sv\u00e9 z\u00e1stupce jmenuje s\u00e1m.<br \/>\nMa\u010farsk\u00fd kolega, se podle nov\u00e9 ma\u010farsk\u00e9 \u00fastavy jmenuje &#8222;parlamentn\u00ed komisa\u0159 pro lidsk\u00e1 pr\u00e1va&#8220;. Jeho p\u016fsobnost je tak\u00e9 o n\u011bco \u0161ir\u0161\u00ed, ne\u017e ta moje. Sv\u00e9 z\u00e1stupce navrhuje parlamentu, a ten mu je bu\u010f schv\u00e1l\u00ed, nebo ne.<\/p>\n<p><strong>Te\u010f se vlastn\u011b p\u0159\u00edmou cestou dost\u00e1v\u00e1me k bodu, kter\u00fd n\u00e1s tak\u00e9 velmi zaj\u00edm\u00e1. V \u010cesk\u00e9 republice jsou z\u00e1stupci ombudsmanovi parlamentem tak \u0159\u00edkaj\u00edc vnuceni, bez ohledu na jeho n\u00e1zor. Kter\u00e1 z variant, kterou jste zm\u00ednil, by V\u00e1m nejv\u00edce vyhovovala?<\/strong><\/p>\n<p>Jsem si v\u011bdom, \u017ee tak, jak to prob\u011bhlo, je to v souladu se z\u00e1konem, ale vad\u00ed mi na tom dost v\u011bc\u00ed. Mn\u011b by nejv\u00edce vyhovovala varianta, kter\u00e1 je v Ma\u010farsku nebo Nizozemsku. Ve\u0159ejn\u00fd ochr\u00e1nce pr\u00e1v navrhne kandid\u00e1ty na sv\u00e9 z\u00e1stupce, nap\u0159\u00edklad nizozemsk\u00fd kolega mus\u00ed navrhnout na jedno m\u00edsto v\u00edce ne\u017e jednoho. On m\u00e1 celkem \u010dty\u0159i z\u00e1stupce, z nich\u017e jeden pln\u00ed funkci d\u011btsk\u00e9ho ombudsmana. Tak\u017ee on navrhne dva, n\u011bkdy i t\u0159i kandid\u00e1ty, a parlament jednoho z nich zvol\u00ed. Samoz\u0159ejm\u011b, \u017ee nemus\u00ed teoreticky zvolit nikoho, kdy\u017e se mu nel\u00edb\u00ed. Jak \u0159ekl v koment\u00e1\u0159i k z\u00e1konu doktor Sl\u00e1de\u010dek: &#8222;Jde o to, aby m\u011bl ombudsman odpov\u00eddaj\u00edc\u00ed vliv na ustanoven\u00ed sv\u00e9ho nejbli\u017e\u0161\u00edho spolupracovn\u00edka&#8220;.<\/p>\n<p><strong>Pro\u010d jste ale n\u011bco podobn\u00e9ho, nap\u0159\u00edklad p\u0159es poslance, neinicioval?<\/strong><\/p>\n<p>V\u00edte, mo\u017en\u00e1 bych to i ud\u011blal. Kdy\u017e jsem ale vid\u011bl tu &#8222;vst\u0159\u00edcnost&#8220; v legislativ\u011b k m\u00fdm doporu\u010den\u00edm, kter\u00fdch jsem v roce 2011 podal osm, a bylo vysly\u0161eno jedin\u00e9, tak v\u011bzte, \u017ee nejsem \u017e\u00e1dn\u00fd don Quijote, abych pod\u00e1val n\u011bjak\u00e9 legislativn\u00ed n\u00e1vrhy, kdy\u017e jednozna\u010dn\u011b pozn\u00e1m, \u017ee bych byl s nimi vyhn\u00e1n. To si opravdu nebudu p\u0159id\u011bl\u00e1vat pr\u00e1ci. A v tomto p\u0159\u00edpad\u011b i naprosto zbyte\u010dnou.<br \/>\nSamoz\u0159ejm\u011b, bylo by mo\u017en\u00e9 zvolit slovenskou variantu, kde nem\u00e1 ombudsman \u017e\u00e1dn\u00e9 z\u00e1stupce. Kdy\u017e je nemocen, nebo jde na dovolenou, tak ho v\u011bt\u0161inou zastupuje vedouc\u00ed kancel\u00e1\u0159e, a tak\u00e9 je &#8222;vymalov\u00e1no&#8220;. Na druh\u00e9 stran\u011b je mi jasn\u00e9, \u017ee by politici neradi ru\u0161ili m\u00edsto, dob\u0159e placen\u00e9, o kter\u00e9m si mysl\u00ed, \u017ee je to &#8222;tepl\u00fd pel\u00ed\u0161ek&#8220;. Z toho bych cht\u011bl ale ka\u017ed\u00e9ho vyv\u00e9st, proto\u017ee tady to opravdu ten tepl\u00fd pel\u00ed\u0161ek nen\u00ed.<br \/>\nJe tu p\u0159\u00ed\u0161ern\u00e9 mno\u017estv\u00ed pr\u00e1ce, a chce to \u010dlov\u011bka \u017eelezn\u00e9ho zdrav\u00ed, nerv\u016f a n\u011bkdy i kachn\u00edho \u017ealudku.<\/p>\n<p><strong>Snad jste si p\u0159ece jen sv\u016fj odchod rozmyslel, o n\u011bm\u017e se mluvilo v m\u00e9di\u00edch\u2026<\/strong><\/p>\n<p>Definitivn\u011b jsem se je\u0161t\u011b nerozhodl, d\u016fvodem ale mohou b\u00fdt i zdravotn\u00ed probl\u00e9my v m\u00e9 rodin\u011b.<\/p>\n<p><strong>Pov\u011bzte, co V\u00e1s v posledn\u00ed dob\u011b nejv\u00edc pot\u011b\u0161ilo a co V\u00e1s tr\u00e1p\u00ed?<\/strong><\/p>\n<p>V\u00edte, moc m\u011b pot\u011b\u0161ilo, \u017ee mi p\u00ed\u0161e hodn\u011b lid\u00ed, abych vydr\u017eel, \u017ee pova\u017euj\u00ed instituci ochr\u00e1nce lidsk\u00fdch pr\u00e1v za jednu z m\u00e1la d\u016fv\u011bryhodn\u00fdch v t\u00e9to zemi, a \u017ee bych je zklamal, a podobn\u00e1 slova podpory, kter\u00fdch je opravdu hodn\u011b. Tak z toho m\u00e1m moc velkou radost. Na druh\u00e9 stran\u011b si ale p\u0159iznejme, \u017ee je to tak trochu citov\u00e9 vyd\u00edr\u00e1n\u00ed (sm\u00edch). Bere v\u00e1m to toti\u017e svobodu rozhodov\u00e1n\u00ed.<br \/>\nNo a to, co m\u011b osobn\u011b v posledn\u00ed dob\u011b hodn\u011b tr\u00e1p\u00ed, jsou zdravotn\u00ed probl\u00e9my m\u00e9 pan\u00ed, proto\u017ee nev\u00edme, co z toho bude, a bl\u00ed\u017e\u00ed se operace. Pracovn\u011b je to v tuto chv\u00edli v relativn\u00edm klidu. Je to toti\u017e rutina nekone\u010dn\u00e1 svou \u010detnost\u00ed. Ta pr\u00e1ce prost\u011b nikdy nekon\u010d\u00ed.<br \/>\nV\u00edte, jako \u00fastavn\u00ed soudce m\u011bl \u010dlov\u011bk p\u0159ece jen ob\u010das pocit, \u017ee m\u00e1 hotovo. Tady ale &#8222;hotovo&#8220; nem\u016f\u017eete m\u00edt nikdy. J\u00e1 tu te\u010f dva dny nebudu, a\u017e se vr\u00e1t\u00edm, tak zase p\u0159es ty podpisov\u00e9 knihy neuvid\u00edm. Je to &#8222;neverending story&#8220;, nekone\u010dn\u00fd p\u0159\u00edb\u011bh. Je to ub\u00edjej\u00edc\u00ed pr\u00e1v\u011b svou nekone\u010dnost\u00ed, proto\u017ee k\u0159ivdy lidsk\u00fdch p\u0159\u00edb\u011bh\u016f nikdy nekon\u010d\u00ed.<\/p>\n<p>Parlamentnilisty.cz<\/p>\n<p><strong>Alena \u0160eredov\u00e1<\/strong><\/p>\n","protected":false},"excerpt":{"rendered":"<div class=\"mh-excerpt\"><p>Tance kolem soci\u00e1ln\u00edch karet nab\u00edraj\u00ed na obr\u00e1tk\u00e1ch. N\u00e1pad premi\u00e9ra Petra Ne\u010dase je zru\u0161it nep\u0159ekvapil jen vl\u00e1dn\u00ed partnery z TOP 09, ale i ombudsmana Pavla Varva\u0159ovsk\u00e9ho. <a class=\"mh-excerpt-more\" href=\"https:\/\/www.invarena.cz\/?p=3683\" title=\"Ombudsman Varva\u0159ovsk\u00fd: Mluvil jsem s Dr\u00e1bkem o sKart\u00e1ch. Dal mi slib&#8230;\">[&#8230;]<\/a><\/p>\n<\/div>","protected":false},"author":1,"featured_media":382,"comment_status":"open","ping_status":"open","sticky":false,"template":"","format":"standard","meta":{"footnotes":""},"categories":[6,12],"tags":[],"class_list":["post-3683","post","type-post","status-publish","format-standard","has-post-thumbnail","hentry","category-politika","category-rozhovory"],"_links":{"self":[{"href":"https:\/\/www.invarena.cz\/index.php?rest_route=\/wp\/v2\/posts\/3683","targetHints":{"allow":["GET"]}}],"collection":[{"href":"https:\/\/www.invarena.cz\/index.php?rest_route=\/wp\/v2\/posts"}],"about":[{"href":"https:\/\/www.invarena.cz\/index.php?rest_route=\/wp\/v2\/types\/post"}],"author":[{"embeddable":true,"href":"https:\/\/www.invarena.cz\/index.php?rest_route=\/wp\/v2\/users\/1"}],"replies":[{"embeddable":true,"href":"https:\/\/www.invarena.cz\/index.php?rest_route=%2Fwp%2Fv2%2Fcomments&post=3683"}],"version-history":[{"count":0,"href":"https:\/\/www.invarena.cz\/index.php?rest_route=\/wp\/v2\/posts\/3683\/revisions"}],"wp:featuredmedia":[{"embeddable":true,"href":"https:\/\/www.invarena.cz\/index.php?rest_route=\/wp\/v2\/media\/382"}],"wp:attachment":[{"href":"https:\/\/www.invarena.cz\/index.php?rest_route=%2Fwp%2Fv2%2Fmedia&parent=3683"}],"wp:term":[{"taxonomy":"category","embeddable":true,"href":"https:\/\/www.invarena.cz\/index.php?rest_route=%2Fwp%2Fv2%2Fcategories&post=3683"},{"taxonomy":"post_tag","embeddable":true,"href":"https:\/\/www.invarena.cz\/index.php?rest_route=%2Fwp%2Fv2%2Ftags&post=3683"}],"curies":[{"name":"wp","href":"https:\/\/api.w.org\/{rel}","templated":true}]}}