{"id":36868,"date":"2021-11-04T14:08:11","date_gmt":"2021-11-04T13:08:11","guid":{"rendered":"http:\/\/www.invarena.cz\/?p=36868"},"modified":"2021-11-04T14:08:11","modified_gmt":"2021-11-04T13:08:11","slug":"po-operaci-patere-patnactileta-jaruska-ochrnula-specialni-pristroj-ji-pomuze-rozhybat-telo","status":"publish","type":"post","link":"https:\/\/www.invarena.cz\/?p=36868","title":{"rendered":"Po operaci p\u00e1te\u0159e patn\u00e1ctilet\u00e1 Jaru\u0161ka ochrnula, speci\u00e1ln\u00ed p\u0159\u00edstroj j\u00ed pom\u016f\u017ee rozh\u00fdbat t\u011blo"},"content":{"rendered":"\n<p>Patn\u00e1ctilet\u00e1 Jaru\u0161ka Je\u017ekov\u00e1 trp\u00ed nevyl\u00e9\u010ditelnou mukopolysacharid\u00f3zou IV. typu (MPS). Na za\u010d\u00e1tku leto\u0161n\u00edho \u00fanora podstoupila n\u00e1ro\u010dnou operaci p\u00e1te\u0159e, kter\u00e1 se sice dle l\u00e9ka\u0159\u016f povedla, ale do\u0161lo b\u011bhem n\u00ed k\u00a0odum\u0159en\u00ed m\u00edchy v\u00a0jin\u00e9 \u010d\u00e1sti p\u00e1te\u0159e, n\u00e1sledkem \u010deho\u017e Jaru\u0161ka trvale ochrnula od prsou dol\u016f. To \u0161esti\u010dlenn\u00e9 rodin\u011b oto\u010dilo \u017eivot o\u00a0sto osmdes\u00e1t stup\u0148\u016f.<\/p>\n\n\n\n<p>Cel\u00fd \u010dl\u00e1nek naleznete na novinky.cz: <a href=\"https:\/\/www.novinky.cz\/zena\/deti\/clanek\/po-operaci-patere-patnactileta-jaruska-ochrnula-specialni-pristroj-ji-pomuze-rozhybat-telo-40376486\" target=\"_blank\" rel=\"noreferrer noopener\" aria-label=\" (otev\u0159e se na nov\u00e9 z\u00e1lo\u017ece)\">https:\/\/www.novinky.cz\/zena\/deti\/clanek\/po-operaci-patere-patnactileta-jaruska-ochrnula-specialni-pristroj-ji-pomuze-rozhybat-telo-40376486<\/a><\/p>\n","protected":false},"excerpt":{"rendered":"<div class=\"mh-excerpt\"><p>Patn\u00e1ctilet\u00e1 Jaru\u0161ka Je\u017ekov\u00e1 trp\u00ed nevyl\u00e9\u010ditelnou mukopolysacharid\u00f3zou IV. typu (MPS). Na za\u010d\u00e1tku leto\u0161n\u00edho \u00fanora podstoupila n\u00e1ro\u010dnou operaci p\u00e1te\u0159e, kter\u00e1 se sice dle l\u00e9ka\u0159\u016f povedla, ale do\u0161lo <a class=\"mh-excerpt-more\" href=\"https:\/\/www.invarena.cz\/?p=36868\" title=\"Po operaci p\u00e1te\u0159e patn\u00e1ctilet\u00e1 Jaru\u0161ka ochrnula, speci\u00e1ln\u00ed p\u0159\u00edstroj j\u00ed pom\u016f\u017ee rozh\u00fdbat t\u011blo\">[&#8230;]<\/a><\/p>\n<\/div>","protected":false},"author":1,"featured_media":0,"comment_status":"open","ping_status":"closed","sticky":false,"template":"","format":"standard","meta":{"footnotes":""},"categories":[9],"tags":[],"class_list":["post-36868","post","type-post","status-publish","format-standard","hentry","category-zpravy"],"_links":{"self":[{"href":"https:\/\/www.invarena.cz\/index.php?rest_route=\/wp\/v2\/posts\/36868","targetHints":{"allow":["GET"]}}],"collection":[{"href":"https:\/\/www.invarena.cz\/index.php?rest_route=\/wp\/v2\/posts"}],"about":[{"href":"https:\/\/www.invarena.cz\/index.php?rest_route=\/wp\/v2\/types\/post"}],"author":[{"embeddable":true,"href":"https:\/\/www.invarena.cz\/index.php?rest_route=\/wp\/v2\/users\/1"}],"replies":[{"embeddable":true,"href":"https:\/\/www.invarena.cz\/index.php?rest_route=%2Fwp%2Fv2%2Fcomments&post=36868"}],"version-history":[{"count":0,"href":"https:\/\/www.invarena.cz\/index.php?rest_route=\/wp\/v2\/posts\/36868\/revisions"}],"wp:attachment":[{"href":"https:\/\/www.invarena.cz\/index.php?rest_route=%2Fwp%2Fv2%2Fmedia&parent=36868"}],"wp:term":[{"taxonomy":"category","embeddable":true,"href":"https:\/\/www.invarena.cz\/index.php?rest_route=%2Fwp%2Fv2%2Fcategories&post=36868"},{"taxonomy":"post_tag","embeddable":true,"href":"https:\/\/www.invarena.cz\/index.php?rest_route=%2Fwp%2Fv2%2Ftags&post=36868"}],"curies":[{"name":"wp","href":"https:\/\/api.w.org\/{rel}","templated":true}]}}