{"id":36886,"date":"2021-11-05T10:17:26","date_gmt":"2021-11-05T09:17:26","guid":{"rendered":"http:\/\/www.invarena.cz\/?p=36886"},"modified":"2021-11-05T10:17:27","modified_gmt":"2021-11-05T09:17:27","slug":"pro-nemocneho-tomaska-zahraje-v-litomysli-janek-ledecky-svoje-sliby","status":"publish","type":"post","link":"https:\/\/www.invarena.cz\/?p=36886","title":{"rendered":"Pro nemocn\u00e9ho Tom\u00e1\u0161ka zahraje v Litomy\u0161li Janek Ledeck\u00fd \u201esvoje sliby\u201c"},"content":{"rendered":"\n<p>Festival Hudba pom\u00e1h\u00e1 se bl\u00ed\u017e\u00ed, letos budou muzikanti\npom\u00e1hat u\u017e popatn\u00e1ct\u00e9 a podpo\u0159\u00ed je i Janek Ledeck\u00fd.<\/p>\n\n\n\n<p>\u201eChceme d\u00e1t programu do dal\u0161\u00edch let nov\u00fd v\u00edtr,\u201c uvedl\n\u0159editel festivalu Karel Teleck\u00fd. Po\u0159adatel\u00e9 nav\u00edc p\u0159\u00edmo pro festival vytvo\u0159ili\nkomorn\u00ed orchestr a sbor. Setk\u00e1vaj\u00ed se v nich muzikanti z kapely Parkovi\u0161t\u011b pro\nvelbloudy, u\u010ditel\u00e9 m\u00edstn\u00edch ZU\u0160ek, jejich \u017e\u00e1ci i host\u00e9. \u201eNa m\u00edru vznikly i\nv\u0161echny hudebn\u00ed aran\u017ee, kter\u00e9 n\u00e1v\u0161t\u011bvn\u00edci v premi\u00e9\u0159e usly\u0161\u00ed 21. listopadu a\nn\u00e1sledn\u011b na prosincov\u00e9 koncertn\u00ed \u0161\u0148\u016f\u0159e,\u201c dodal Teleck\u00fd.<\/p>\n\n\n\n<p>V\u00e1no\u010dn\u00ed koncert p\u0159ipravuje pro leto\u0161n\u00ed festival i Janek\nLedeck\u00fd, jeho\u017e kapelu v p\u00e1tek 19. prosince dopln\u00ed Nostitz Quartet. B\u011bhem ve\u010dera\nzazn\u00ed kompletn\u00ed album Sliby se maj plnit o V\u00e1noc\u00edch. \u201eJanek se k festivalu\np\u0159ipojil d\u00edky dlouholet\u00e9 spolupr\u00e1ci s na\u0161\u00edm dvorn\u00edm fotografem Ivanem Krejzou.\nKoncert jsme pom\u011brn\u011b dlouho odkl\u00e1dali, a tak si v\u0161ichni dr\u017e\u00edme palce a v\u011b\u0159\u00edme,\n\u017ee to letos u\u017e opravdu dopadne,\u201c vysv\u011btlil Teleck\u00fd. Festival ka\u017ed\u00fd rok\npodporuje jednu rodinu s handicapovan\u00fdm d\u00edt\u011btem, kter\u00e9 organiz\u00e1to\u0159i v\u011bnuj\u00ed\np\u0159\u00edjem z prodan\u00fdch vstupenek. Letos p\u016fjde o Ln\u011bni\u010dkovi z Mora\u0161ic. Jejich\nTom\u00e1\u0161kovi l\u00e9ka\u0159i diagnostikovali Duchennovu svalovou dystrofii \u2013 progresivn\u00ed\nneuromuskul\u00e1rn\u00ed onemocn\u011bn\u00ed, kter\u00e9 zamezuje spr\u00e1vn\u00e9mu v\u00fdvoji sval\u016f.<\/p>\n\n\n\n<p>\u201eNi\u010d\u00ed se, trhaj\u00ed a nahrazuje je tukov\u00e9 vazivo,\u201c popsala\nonemocn\u011bn\u00ed Tom\u00e1\u0161kova maminka Jana Ln\u011bni\u010dkov\u00e1. Je\u0161t\u011b minul\u00fd rok zvl\u00e1dal Tom v\ndom\u00e1c\u00edm prost\u0159ed\u00ed uj\u00edt alespo\u0148 kr\u00e1tk\u00e9 vzd\u00e1lenosti, ale postupem \u010dasu se jeho\nstav zhor\u0161il a p\u0159estal chodit \u00fapln\u011b. \u201eJeho svaly ochabuj\u00ed a n\u00e1sledovat bude\n\u00fapln\u00e1 z\u00e1vislost na druh\u00fdch,\u201c \u0159ekla maminka. Tom za\u010dal pou\u017e\u00edvat invalidn\u00ed voz\u00edk,\nrodina vybudovala v\u00fdtah a bezbari\u00e9rovou koupelnu. \u201eJak Tom\u00e1\u0161ek roste, za\u010d\u00edn\u00e1\nb\u00fdt st\u00e1le t\u011b\u017e\u0161\u00ed ho i s voz\u00edkem nakl\u00e1dat do na\u0161eho osobn\u00edho auta a \u010dasto se\ndovnit\u0159 nem\u016f\u017eou vej\u00edt jeho zdravotn\u00ed pom\u016fcky. Moc by n\u00e1m pomohl speci\u00e1ln\u011b\nupraven\u00fd v\u016fz s vykl\u00e1p\u011bc\u00ed plo\u0161inou, kter\u00fd by uleh\u010dil p\u0159esuny,\u201c p\u0159ibl\u00ed\u017eil tat\u00ednek\nPetr Ln\u011bni\u010dka. Pr\u00e1v\u011b na koupi vozu se Hudba pom\u00e1h\u00e1 letos zam\u011b\u0159\u00ed. Festival se\nuskute\u010dn\u00ed v Litomy\u0161li, Poli\u010dce, Vysok\u00e9m M\u00fdt\u011b a Mora\u0161ic\u00edch.<\/p>\n\n\n\n<p>Iveta N\u00e1dvorn\u00edkov\u00e1<\/p>\n\n\n\n<p>Svitavsk\u00fd den\u00edk<\/p>\n\n\n\n<p><a rel=\"noreferrer noopener\" aria-label=\" (otev\u0159e se na nov\u00e9 z\u00e1lo\u017ece)\" href=\"https:\/\/svitavsky.denik.cz\/\" target=\"_blank\">https:\/\/svitavsky.denik.cz\/<\/a><\/p>\n","protected":false},"excerpt":{"rendered":"<div class=\"mh-excerpt\"><p>Festival Hudba pom\u00e1h\u00e1 se bl\u00ed\u017e\u00ed, letos budou muzikanti pom\u00e1hat u\u017e popatn\u00e1ct\u00e9 a podpo\u0159\u00ed je i Janek Ledeck\u00fd. \u201eChceme d\u00e1t programu do dal\u0161\u00edch let nov\u00fd v\u00edtr,\u201c <a class=\"mh-excerpt-more\" href=\"https:\/\/www.invarena.cz\/?p=36886\" title=\"Pro nemocn\u00e9ho Tom\u00e1\u0161ka zahraje v Litomy\u0161li Janek Ledeck\u00fd \u201esvoje sliby\u201c\">[&#8230;]<\/a><\/p>\n<\/div>","protected":false},"author":1,"featured_media":14227,"comment_status":"open","ping_status":"closed","sticky":false,"template":"","format":"standard","meta":{"footnotes":""},"categories":[9],"tags":[],"class_list":["post-36886","post","type-post","status-publish","format-standard","has-post-thumbnail","hentry","category-zpravy"],"_links":{"self":[{"href":"https:\/\/www.invarena.cz\/index.php?rest_route=\/wp\/v2\/posts\/36886","targetHints":{"allow":["GET"]}}],"collection":[{"href":"https:\/\/www.invarena.cz\/index.php?rest_route=\/wp\/v2\/posts"}],"about":[{"href":"https:\/\/www.invarena.cz\/index.php?rest_route=\/wp\/v2\/types\/post"}],"author":[{"embeddable":true,"href":"https:\/\/www.invarena.cz\/index.php?rest_route=\/wp\/v2\/users\/1"}],"replies":[{"embeddable":true,"href":"https:\/\/www.invarena.cz\/index.php?rest_route=%2Fwp%2Fv2%2Fcomments&post=36886"}],"version-history":[{"count":0,"href":"https:\/\/www.invarena.cz\/index.php?rest_route=\/wp\/v2\/posts\/36886\/revisions"}],"wp:featuredmedia":[{"embeddable":true,"href":"https:\/\/www.invarena.cz\/index.php?rest_route=\/wp\/v2\/media\/14227"}],"wp:attachment":[{"href":"https:\/\/www.invarena.cz\/index.php?rest_route=%2Fwp%2Fv2%2Fmedia&parent=36886"}],"wp:term":[{"taxonomy":"category","embeddable":true,"href":"https:\/\/www.invarena.cz\/index.php?rest_route=%2Fwp%2Fv2%2Fcategories&post=36886"},{"taxonomy":"post_tag","embeddable":true,"href":"https:\/\/www.invarena.cz\/index.php?rest_route=%2Fwp%2Fv2%2Ftags&post=36886"}],"curies":[{"name":"wp","href":"https:\/\/api.w.org\/{rel}","templated":true}]}}