{"id":36889,"date":"2021-11-05T18:12:27","date_gmt":"2021-11-05T17:12:27","guid":{"rendered":"http:\/\/www.invarena.cz\/?p=36889"},"modified":"2021-11-05T18:12:28","modified_gmt":"2021-11-05T17:12:28","slug":"socialni-a-zdravotni-pojisteni-pri-soubehu-s-invalidnim-duchodem","status":"publish","type":"post","link":"https:\/\/www.invarena.cz\/?p=36889","title":{"rendered":"Soci\u00e1ln\u00ed a zdravotn\u00ed poji\u0161t\u011bn\u00ed p\u0159i soub\u011bhu s invalidn\u00edm d\u016fchodem"},"content":{"rendered":"\n<p>\n\nDotaz:<\/p>\n\n\n\n<p>M\u00e1m p\u0159iznan\u00fd invalidn\u00ed d\u016fchod pro invaliditu II. stupn\u011b, kter\u00fd pob\u00edr\u00e1m<br>cca 1 rok. Mus\u00edm si hradit zdravotn\u00ed a soci\u00e1ln\u00ed poji\u0161t\u011bn\u00ed?<\/p>\n\n\n\n<p>Odpov\u011b\u010f:<\/p>\n\n\n\n<p>Zdravotn\u00ed poji\u0161t\u011bn\u00ed za V\u00e1s hrad\u00ed st\u00e1t jako za st\u00e1tn\u00edho poji\u0161t\u011bnce z<br>d\u016fvodu pob\u00edr\u00e1n\u00ed invalidn\u00edho d\u016fchodu. Doba pob\u00edr\u00e1n\u00ed invalidn\u00edho d\u016fchodu<br>pro invaliditu II. stupn\u011b se V\u00e1m v\u0161ak nezapo\u010d\u00edt\u00e1v\u00e1 mezi dobu soci\u00e1ln\u00edho<br>poji\u0161t\u011bn\u00ed, kterou je nutn\u00e9 z\u00edskat pro spln\u011bn\u00ed n\u00e1roku na p\u0159izn\u00e1n\u00ed<br>starobn\u00edho d\u016fchodu. Doporu\u010duji V\u00e1m proto naj\u00edt si zam\u011bstn\u00e1n\u00ed alespo\u0148 na<br>\u010d\u00e1ste\u010dn\u00fd \u00favazek, aby za V\u00e1s bylo soci\u00e1ln\u00ed poji\u0161t\u011bn\u00ed hrazeno. Neda\u0159\u00ed-li<br>se V\u00e1m vhodn\u00e9 zam\u011bstn\u00e1n\u00ed nal\u00e9zt, doporu\u010duji V\u00e1mm, zaevidovat se na \u00fa\u0159ad<br>pr\u00e1ce jako uchaze\u010d o zam\u011bstn\u00e1n\u00ed. Doba evidence na \u00fa\u0159ad\u011b pr\u00e1ce se alespo\u0148<br>\u010d\u00e1ste\u010dn\u011b zapo\u010d\u00edt\u00e1v\u00e1 do doby soci\u00e1ln\u00edho poji\u0161t\u011bn\u00ed, kterou je nutn\u00e9 z\u00edskat<br>pro spln\u011bn\u00ed n\u00e1roku na starobn\u00ed d\u016fchod. <\/p>\n\n\n\n<p>admin<\/p>\n","protected":false},"excerpt":{"rendered":"<div class=\"mh-excerpt\"><p>Dotaz: M\u00e1m p\u0159iznan\u00fd invalidn\u00ed d\u016fchod pro invaliditu II. stupn\u011b, kter\u00fd pob\u00edr\u00e1mcca 1 rok. Mus\u00edm si hradit zdravotn\u00ed a soci\u00e1ln\u00ed poji\u0161t\u011bn\u00ed? Odpov\u011b\u010f: Zdravotn\u00ed poji\u0161t\u011bn\u00ed za V\u00e1s <a class=\"mh-excerpt-more\" href=\"https:\/\/www.invarena.cz\/?p=36889\" title=\"Soci\u00e1ln\u00ed a zdravotn\u00ed poji\u0161t\u011bn\u00ed p\u0159i soub\u011bhu s invalidn\u00edm d\u016fchodem\">[&#8230;]<\/a><\/p>\n<\/div>","protected":false},"author":1,"featured_media":24717,"comment_status":"open","ping_status":"closed","sticky":false,"template":"","format":"standard","meta":{"footnotes":""},"categories":[18],"tags":[],"class_list":["post-36889","post","type-post","status-publish","format-standard","has-post-thumbnail","hentry","category-poradna"],"_links":{"self":[{"href":"https:\/\/www.invarena.cz\/index.php?rest_route=\/wp\/v2\/posts\/36889","targetHints":{"allow":["GET"]}}],"collection":[{"href":"https:\/\/www.invarena.cz\/index.php?rest_route=\/wp\/v2\/posts"}],"about":[{"href":"https:\/\/www.invarena.cz\/index.php?rest_route=\/wp\/v2\/types\/post"}],"author":[{"embeddable":true,"href":"https:\/\/www.invarena.cz\/index.php?rest_route=\/wp\/v2\/users\/1"}],"replies":[{"embeddable":true,"href":"https:\/\/www.invarena.cz\/index.php?rest_route=%2Fwp%2Fv2%2Fcomments&post=36889"}],"version-history":[{"count":0,"href":"https:\/\/www.invarena.cz\/index.php?rest_route=\/wp\/v2\/posts\/36889\/revisions"}],"wp:featuredmedia":[{"embeddable":true,"href":"https:\/\/www.invarena.cz\/index.php?rest_route=\/wp\/v2\/media\/24717"}],"wp:attachment":[{"href":"https:\/\/www.invarena.cz\/index.php?rest_route=%2Fwp%2Fv2%2Fmedia&parent=36889"}],"wp:term":[{"taxonomy":"category","embeddable":true,"href":"https:\/\/www.invarena.cz\/index.php?rest_route=%2Fwp%2Fv2%2Fcategories&post=36889"},{"taxonomy":"post_tag","embeddable":true,"href":"https:\/\/www.invarena.cz\/index.php?rest_route=%2Fwp%2Fv2%2Ftags&post=36889"}],"curies":[{"name":"wp","href":"https:\/\/api.w.org\/{rel}","templated":true}]}}