{"id":36944,"date":"2021-12-08T15:05:05","date_gmt":"2021-12-08T14:05:05","guid":{"rendered":"http:\/\/www.invarena.cz\/?p=36944"},"modified":"2021-12-08T15:05:07","modified_gmt":"2021-12-08T14:05:07","slug":"andelska-sbirka-pomozte-komunikovat-detem-ze-specialni-skoly","status":"publish","type":"post","link":"https:\/\/www.invarena.cz\/?p=36944","title":{"rendered":"And\u011blsk\u00e1 sb\u00edrka: Pomozte komunikovat d\u011btem ze speci\u00e1ln\u00ed \u0161koly"},"content":{"rendered":"\n<p>And\u011blskou sb\u00edrku vyhl\u00e1sila pod\u011bbradsk\u00e1 radnice ve spolupr\u00e1ci\nse Speci\u00e1ln\u00ed z\u00e1kladn\u00ed \u0161kolou Pod\u011bbrady. Jej\u00ed v\u00fdt\u011b\u017eek m\u00e1 pomoci t\u0159em \u017e\u00e1k\u016fm,\nkte\u0159\u00ed maj\u00ed zt\u00ed\u017eenou mo\u017enost komunikace. Pen\u00edze budou vyu\u017eity na zakoupen\u00ed\npom\u016fcek, kter\u00e9 by jim m\u011bly pr\u00e1v\u011b komunikaci s okoln\u00edm sv\u011btem v\u00fdrazn\u011b usnadnit.<\/p>\n\n\n\n<p>Filip, Zuzka a Vojta vzhledem ke sv\u00e9mu posti\u017een\u00ed nemohou\ntvo\u0159it \u0159e\u010d a neovl\u00e1daj\u00ed ani sv\u00e9 ruce. Dotykov\u00e9 za\u0159\u00edzen\u00ed pro n\u011b nep\u0159in\u00e1\u0161\u00ed t\u00e9m\u011b\u0159\n\u017e\u00e1dn\u00fd efekt. Pro Filipa se poda\u0159ilo z\u00edskat jako dar notebook s ovl\u00e1d\u00e1n\u00edm pomoc\u00ed\npohyb\u016f o\u010d\u00ed. Za\u010dal se na p\u0159izp\u016fsoben\u00fdch hr\u00e1ch c\u00edlen\u011b u\u010dit zam\u011b\u0159it pohled, aby\ntak spustil konkr\u00e9tn\u00ed reakci, ale tak\u00e9 mohl pomoc\u00ed komunika\u010dn\u00ed tabulky svou hru\nokomentovat. A tyt\u00e9\u017e p\u0159\u00edstroje by cht\u011bla prost\u0159ednictv\u00edm sb\u00edrky \u0161kola po\u0159\u00eddit\ntak\u00e9 Zuzce a Vojtovi. Cena sestavy se pohybuje kolem 100 tis\u00edc korun.<\/p>\n\n\n\n<p>Dal\u0161\u00ed pom\u016fckou, kterou by cht\u011bla \u0161kola ze sb\u00edrky koupit, je\nspeci\u00e1ln\u00ed \u017eidli\u010dka pro malou Viktorku. \u201eViktorce jej\u00ed handicap neumo\u017e\u0148uje sed\u011bt\nna b\u011b\u017en\u00e9 \u017eidli\u010dce, pot\u0159ebuje tedy speci\u00e1ln\u00ed, kter\u00e1 bude fixovat jej\u00ed spr\u00e1vn\u00fd\nsed a umo\u017e\u0148ovat aktivn\u00ed \u00fa\u010dast p\u0159i r\u016fzn\u00fdch denn\u00edch \u010dinnostech,\u201c uvedla Radka\nKakrdov\u00e1, mluv\u010d\u00ed radnice. Krom\u011b optim\u00e1ln\u00ed opory a pohodl\u00ed tato speci\u00e1ln\u00ed\nrehabilita\u010dn\u00ed \u017eidle d\u00edvce umo\u017en\u00ed v\u011bt\u0161\u00ed osobn\u00ed rozvoj v podob\u011b soci\u00e1ln\u00edho\nkontaktu s okol\u00edm a vrstevn\u00edky. Cena speci\u00e1ln\u00ed \u017eidle je 120 tis\u00edc korun.<\/p>\n\n\n\n<p>Z\u00e1jemci mohou p\u0159isp\u011bt do 22 . prosince na \u010d\u00edslo \u00fa\u010dtu 123 \u2013\n730020257\/0100. \u201eN\u011bkter\u00fdm d\u011btem m\u016f\u017eeme zajistit funk\u010dn\u00ed komunikaci pr\u00e1v\u011b d\u00edky\nva\u0161\u00ed pomoci. Za v\u0161echny p\u0159\u00edsp\u011bvky jm\u00e9nem d\u011bt\u00ed a jejich rodin d\u011bkujeme,\u201c\nvzkazuj\u00ed pedago\u017eky ze speci\u00e1ln\u00ed \u0161koly.<\/p>\n\n\n\n<p>Miroslav S. Jilemnick\u00fd<\/p>\n\n\n\n<p>Nymbursk\u00fd den\u00edk<\/p>\n\n\n\n<p><a rel=\"noreferrer noopener\" aria-label=\" (otev\u0159e se na nov\u00e9 z\u00e1lo\u017ece)\" href=\"https:\/\/nymbursky.denik.cz\/\" target=\"_blank\">https:\/\/nymbursky.denik.cz\/<\/a><\/p>\n","protected":false},"excerpt":{"rendered":"<div class=\"mh-excerpt\"><p>And\u011blskou sb\u00edrku vyhl\u00e1sila pod\u011bbradsk\u00e1 radnice ve spolupr\u00e1ci se Speci\u00e1ln\u00ed z\u00e1kladn\u00ed \u0161kolou Pod\u011bbrady. Jej\u00ed v\u00fdt\u011b\u017eek m\u00e1 pomoci t\u0159em \u017e\u00e1k\u016fm, kte\u0159\u00ed maj\u00ed zt\u00ed\u017eenou mo\u017enost komunikace. Pen\u00edze budou <a class=\"mh-excerpt-more\" href=\"https:\/\/www.invarena.cz\/?p=36944\" title=\"And\u011blsk\u00e1 sb\u00edrka: Pomozte komunikovat d\u011btem ze speci\u00e1ln\u00ed \u0161koly\">[&#8230;]<\/a><\/p>\n<\/div>","protected":false},"author":1,"featured_media":14711,"comment_status":"open","ping_status":"closed","sticky":false,"template":"","format":"standard","meta":{"footnotes":""},"categories":[9],"tags":[],"class_list":["post-36944","post","type-post","status-publish","format-standard","has-post-thumbnail","hentry","category-zpravy"],"_links":{"self":[{"href":"https:\/\/www.invarena.cz\/index.php?rest_route=\/wp\/v2\/posts\/36944","targetHints":{"allow":["GET"]}}],"collection":[{"href":"https:\/\/www.invarena.cz\/index.php?rest_route=\/wp\/v2\/posts"}],"about":[{"href":"https:\/\/www.invarena.cz\/index.php?rest_route=\/wp\/v2\/types\/post"}],"author":[{"embeddable":true,"href":"https:\/\/www.invarena.cz\/index.php?rest_route=\/wp\/v2\/users\/1"}],"replies":[{"embeddable":true,"href":"https:\/\/www.invarena.cz\/index.php?rest_route=%2Fwp%2Fv2%2Fcomments&post=36944"}],"version-history":[{"count":0,"href":"https:\/\/www.invarena.cz\/index.php?rest_route=\/wp\/v2\/posts\/36944\/revisions"}],"wp:featuredmedia":[{"embeddable":true,"href":"https:\/\/www.invarena.cz\/index.php?rest_route=\/wp\/v2\/media\/14711"}],"wp:attachment":[{"href":"https:\/\/www.invarena.cz\/index.php?rest_route=%2Fwp%2Fv2%2Fmedia&parent=36944"}],"wp:term":[{"taxonomy":"category","embeddable":true,"href":"https:\/\/www.invarena.cz\/index.php?rest_route=%2Fwp%2Fv2%2Fcategories&post=36944"},{"taxonomy":"post_tag","embeddable":true,"href":"https:\/\/www.invarena.cz\/index.php?rest_route=%2Fwp%2Fv2%2Ftags&post=36944"}],"curies":[{"name":"wp","href":"https:\/\/api.w.org\/{rel}","templated":true}]}}