{"id":36947,"date":"2021-12-09T15:39:45","date_gmt":"2021-12-09T14:39:45","guid":{"rendered":"http:\/\/www.invarena.cz\/?p=36947"},"modified":"2021-12-09T15:39:46","modified_gmt":"2021-12-09T14:39:46","slug":"lyzarske-kurzy-chceme-zpristupnit-i-detem-se-zrakovym-postizenim","status":"publish","type":"post","link":"https:\/\/www.invarena.cz\/?p=36947","title":{"rendered":"Ly\u017ea\u0159sk\u00e9 kurzy chceme zp\u0159\u00edstupnit i d\u011btem se zrakov\u00fdm posti\u017een\u00edm"},"content":{"rendered":"\n<p>Pro t\u0159i klienty Speci\u00e1ln\u011b pedagogick\u00e9ho centra pro zrakov\u011b posti\u017een\u00e9 v \u010cesk\u00fdch Bud\u011bjovic\u00edch (SPC) u\u017e nebude ly\u017ea\u0159sk\u00fd v\u00fdcvik nedostupn\u00fdm z\u00e1\u017eitkem. I p\u0159es sv\u016fj handicap si ho budou moci u\u017e\u00edt spolu se sv\u00fdmi vrstevn\u00edky. Jiho\u010desk\u00fd kraj jim p\u0159isp\u011bje na profesion\u00e1ln\u011b vy\u0161kolen\u00e9ho tras\u00e9ra, kter\u00fd je bezpe\u010dn\u011b provede zasn\u011b\u017een\u00fdm svahem. Celkem 35 tis\u00edc korun formou individu\u00e1ln\u00ed dotace pro n\u011b schv\u00e1lili kraj\u0161t\u00ed radn\u00ed ve \u010dtvrtek 2. listopadu.<\/p>\n\n\n\n<p>Cel\u00fd \u010dl\u00e1nek naleznete v Parlamentn\u00edch Listech: <a href=\"https:\/\/www.parlamentnilisty.cz\/profily\/Mgr-Pavel-Klima-139672\/clanek\/Lyzarske-kurzy-chceme-zpristupnit-i-detem-se-zrakovym-postizenim-117737\" target=\"_blank\" rel=\"noreferrer noopener\" aria-label=\" (otev\u0159e se na nov\u00e9 z\u00e1lo\u017ece)\">https:\/\/www.parlamentnilisty.cz\/profily\/Mgr-Pavel-Klima-139672\/clanek\/Lyzarske-kurzy-chceme-zpristupnit-i-detem-se-zrakovym-postizenim-117737<\/a><\/p>\n","protected":false},"excerpt":{"rendered":"<div class=\"mh-excerpt\"><p>Pro t\u0159i klienty Speci\u00e1ln\u011b pedagogick\u00e9ho centra pro zrakov\u011b posti\u017een\u00e9 v \u010cesk\u00fdch Bud\u011bjovic\u00edch (SPC) u\u017e nebude ly\u017ea\u0159sk\u00fd v\u00fdcvik nedostupn\u00fdm z\u00e1\u017eitkem. I p\u0159es sv\u016fj handicap si ho <a class=\"mh-excerpt-more\" href=\"https:\/\/www.invarena.cz\/?p=36947\" title=\"Ly\u017ea\u0159sk\u00e9 kurzy chceme zp\u0159\u00edstupnit i d\u011btem se zrakov\u00fdm posti\u017een\u00edm\">[&#8230;]<\/a><\/p>\n<\/div>","protected":false},"author":1,"featured_media":10548,"comment_status":"open","ping_status":"closed","sticky":false,"template":"","format":"standard","meta":{"footnotes":""},"categories":[9],"tags":[],"class_list":["post-36947","post","type-post","status-publish","format-standard","has-post-thumbnail","hentry","category-zpravy"],"_links":{"self":[{"href":"https:\/\/www.invarena.cz\/index.php?rest_route=\/wp\/v2\/posts\/36947","targetHints":{"allow":["GET"]}}],"collection":[{"href":"https:\/\/www.invarena.cz\/index.php?rest_route=\/wp\/v2\/posts"}],"about":[{"href":"https:\/\/www.invarena.cz\/index.php?rest_route=\/wp\/v2\/types\/post"}],"author":[{"embeddable":true,"href":"https:\/\/www.invarena.cz\/index.php?rest_route=\/wp\/v2\/users\/1"}],"replies":[{"embeddable":true,"href":"https:\/\/www.invarena.cz\/index.php?rest_route=%2Fwp%2Fv2%2Fcomments&post=36947"}],"version-history":[{"count":0,"href":"https:\/\/www.invarena.cz\/index.php?rest_route=\/wp\/v2\/posts\/36947\/revisions"}],"wp:featuredmedia":[{"embeddable":true,"href":"https:\/\/www.invarena.cz\/index.php?rest_route=\/wp\/v2\/media\/10548"}],"wp:attachment":[{"href":"https:\/\/www.invarena.cz\/index.php?rest_route=%2Fwp%2Fv2%2Fmedia&parent=36947"}],"wp:term":[{"taxonomy":"category","embeddable":true,"href":"https:\/\/www.invarena.cz\/index.php?rest_route=%2Fwp%2Fv2%2Fcategories&post=36947"},{"taxonomy":"post_tag","embeddable":true,"href":"https:\/\/www.invarena.cz\/index.php?rest_route=%2Fwp%2Fv2%2Ftags&post=36947"}],"curies":[{"name":"wp","href":"https:\/\/api.w.org\/{rel}","templated":true}]}}