{"id":36953,"date":"2021-12-10T10:41:10","date_gmt":"2021-12-10T09:41:10","guid":{"rendered":"http:\/\/www.invarena.cz\/?p=36953"},"modified":"2021-12-10T10:41:11","modified_gmt":"2021-12-10T09:41:11","slug":"mlada-boleslav-domov-pro-osoby-s-nizkofunkcnim-autismem-je-pripraven-pro-klienty","status":"publish","type":"post","link":"https:\/\/www.invarena.cz\/?p=36953","title":{"rendered":"Mlad\u00e1 Boleslav: Domov pro osoby s n\u00edzkofunk\u010dn\u00edm autismem je p\u0159ipraven pro klienty"},"content":{"rendered":"\n<p>V Mlad\u00e9 Boleslavi je nov\u00fd Domov pro osoby s n\u00edzkofunk\u010dn\u00edm autismem. Toto za\u0159\u00edzen\u00ed vzniklo rekonstrukc\u00ed objektu v Havl\u00ed\u010dkov\u011b ulici, kter\u00fd je p\u0159ilehl\u00fd k are\u00e1lu Centra 83. U p\u0159\u00edle\u017eitosti p\u0159ed\u00e1n\u00ed stavby, kter\u00e1 je p\u0159ipravena pro zah\u00e1jen\u00ed provozu od za\u010d\u00e1tku roku 2022, se ve st\u0159edu 8. prosince se\u0161li na m\u00edst\u011b z\u00e1stupci m\u011bsta, St\u0159edo\u010desk\u00e9ho kraje, Centra 83, stavebn\u00edch firem i dal\u0161\u00edch instituc\u00ed.<\/p>\n\n\n\n<p>Cel\u00fd \u010dl\u00e1nek naleznete v Parlamentn\u00edch Listech: <a href=\"https:\/\/www.parlamentnilisty.cz\/politika\/obce-volicum\/Mlada-Boleslav-Domov-pro-osoby-s-nizkofunkcnim-autismem-je-pripraven-pro-klienty-686108\" target=\"_blank\" rel=\"noreferrer noopener\" aria-label=\" (otev\u0159e se na nov\u00e9 z\u00e1lo\u017ece)\">https:\/\/www.parlamentnilisty.cz\/politika\/obce-volicum\/Mlada-Boleslav-Domov-pro-osoby-s-nizkofunkcnim-autismem-je-pripraven-pro-klienty-686108<\/a><\/p>\n","protected":false},"excerpt":{"rendered":"<div class=\"mh-excerpt\"><p>V Mlad\u00e9 Boleslavi je nov\u00fd Domov pro osoby s n\u00edzkofunk\u010dn\u00edm autismem. Toto za\u0159\u00edzen\u00ed vzniklo rekonstrukc\u00ed objektu v Havl\u00ed\u010dkov\u011b ulici, kter\u00fd je p\u0159ilehl\u00fd k are\u00e1lu Centra <a class=\"mh-excerpt-more\" href=\"https:\/\/www.invarena.cz\/?p=36953\" title=\"Mlad\u00e1 Boleslav: Domov pro osoby s n\u00edzkofunk\u010dn\u00edm autismem je p\u0159ipraven pro klienty\">[&#8230;]<\/a><\/p>\n<\/div>","protected":false},"author":1,"featured_media":5533,"comment_status":"open","ping_status":"closed","sticky":false,"template":"","format":"standard","meta":{"footnotes":""},"categories":[9],"tags":[],"class_list":["post-36953","post","type-post","status-publish","format-standard","has-post-thumbnail","hentry","category-zpravy"],"_links":{"self":[{"href":"https:\/\/www.invarena.cz\/index.php?rest_route=\/wp\/v2\/posts\/36953","targetHints":{"allow":["GET"]}}],"collection":[{"href":"https:\/\/www.invarena.cz\/index.php?rest_route=\/wp\/v2\/posts"}],"about":[{"href":"https:\/\/www.invarena.cz\/index.php?rest_route=\/wp\/v2\/types\/post"}],"author":[{"embeddable":true,"href":"https:\/\/www.invarena.cz\/index.php?rest_route=\/wp\/v2\/users\/1"}],"replies":[{"embeddable":true,"href":"https:\/\/www.invarena.cz\/index.php?rest_route=%2Fwp%2Fv2%2Fcomments&post=36953"}],"version-history":[{"count":0,"href":"https:\/\/www.invarena.cz\/index.php?rest_route=\/wp\/v2\/posts\/36953\/revisions"}],"wp:featuredmedia":[{"embeddable":true,"href":"https:\/\/www.invarena.cz\/index.php?rest_route=\/wp\/v2\/media\/5533"}],"wp:attachment":[{"href":"https:\/\/www.invarena.cz\/index.php?rest_route=%2Fwp%2Fv2%2Fmedia&parent=36953"}],"wp:term":[{"taxonomy":"category","embeddable":true,"href":"https:\/\/www.invarena.cz\/index.php?rest_route=%2Fwp%2Fv2%2Fcategories&post=36953"},{"taxonomy":"post_tag","embeddable":true,"href":"https:\/\/www.invarena.cz\/index.php?rest_route=%2Fwp%2Fv2%2Ftags&post=36953"}],"curies":[{"name":"wp","href":"https:\/\/api.w.org\/{rel}","templated":true}]}}