{"id":36956,"date":"2021-12-10T10:46:06","date_gmt":"2021-12-10T09:46:06","guid":{"rendered":"http:\/\/www.invarena.cz\/?p=36956"},"modified":"2021-12-10T10:46:07","modified_gmt":"2021-12-10T09:46:07","slug":"kdyz-hvezdy-pomahaji-andrea-kalivodova-vystoupila-na-charitativnim-koncertu","status":"publish","type":"post","link":"https:\/\/www.invarena.cz\/?p=36956","title":{"rendered":"Kdy\u017e hv\u011bzdy pom\u00e1haj\u00ed. Andrea Kalivodov\u00e1 vystoupila na charitativn\u00edm koncertu"},"content":{"rendered":"\n<p>S\u00f3listka N\u00e1rodn\u00edho divadla Praha a pop\u0159edn\u00ed \u010desk\u00e1\nmezzosopranistka Andrea Kalivodov\u00e1 spolu dal\u0161\u00edmi hosty vystoupila v \u00fater\u00fd 7.\nprosince na v\u00e1no\u010dn\u00edm benefi\u010dn\u00edm koncertu spolku Radost p\u0159\u00edbram\u00e1\u010dk\u016fm.<\/p>\n\n\n\n<p>Dal\u0161\u00edmi vystupuj\u00edc\u00edmi byly mladi\u010dk\u00e1 zp\u011bva\u010dka Valentina\nVlkov\u00e1 zn\u00e1m\u00e1 d\u00edky po\u0159adu The Voice, kde v t\u00fdmu Jany Kirschner uchv\u00e1tila sv\u00fdm\n\u00fa\u017easn\u00fdm hlasem v\u011bt\u0161inu n\u00e1roda, a talentovan\u00e1 zp\u011bva\u010dka Jana Koptov\u00e1, jej\u00ed\num\u011bleck\u00e9 jm\u00e9no je Leeloo. Velk\u00fdm aplausem ocenilo publikum vystoupen\u00ed\np\u0159\u00edbramsk\u00fdch d\u011bt\u00ed, jako prvn\u00ed se p\u0159edstavily sestry Kate\u0159ina a Ad\u00e9la Vohradsk\u00e9\na po nich zahr\u00e1l na trubku Luk\u00e1\u0161 Van\u010dura.<\/p>\n\n\n\n<p>I p\u0159esto, \u017ee n\u00e1v\u0161t\u011bvnost koncertu ovlivnila vl\u00e1dn\u00ed opat\u0159en\u00ed, se poda\u0159ilo vysb\u00edrat neuv\u011b\u0159itelnou \u010d\u00e1stku 36710 korun, kter\u00e1 poslou\u017e\u00ed posti\u017een\u00fdm d\u011btem a dal\u0161\u00edm pot\u0159ebn\u00fdm. Koncertu se tak\u00e9 \u00fa\u010dastnil z\u00e1stupce m\u011bsta P\u0159\u00edbram, m\u00edstostarosta Martin Bu\u0161\u00edk.<\/p>\n\n\n\n<p>P\u0159\u00edbramsk\u00fd den\u00edk<\/p>\n\n\n\n<p><a rel=\"noreferrer noopener\" aria-label=\" (otev\u0159e se na nov\u00e9 z\u00e1lo\u017ece)\" href=\"https:\/\/pribramsky.denik.cz\/\" target=\"_blank\">https:\/\/pribramsky.denik.cz\/<\/a><\/p>\n","protected":false},"excerpt":{"rendered":"<div class=\"mh-excerpt\"><p>S\u00f3listka N\u00e1rodn\u00edho divadla Praha a pop\u0159edn\u00ed \u010desk\u00e1 mezzosopranistka Andrea Kalivodov\u00e1 spolu dal\u0161\u00edmi hosty vystoupila v \u00fater\u00fd 7. prosince na v\u00e1no\u010dn\u00edm benefi\u010dn\u00edm koncertu spolku Radost p\u0159\u00edbram\u00e1\u010dk\u016fm. <a class=\"mh-excerpt-more\" href=\"https:\/\/www.invarena.cz\/?p=36956\" title=\"Kdy\u017e hv\u011bzdy pom\u00e1haj\u00ed. Andrea Kalivodov\u00e1 vystoupila na charitativn\u00edm koncertu\">[&#8230;]<\/a><\/p>\n<\/div>","protected":false},"author":1,"featured_media":18859,"comment_status":"open","ping_status":"closed","sticky":false,"template":"","format":"standard","meta":{"footnotes":""},"categories":[9],"tags":[],"class_list":["post-36956","post","type-post","status-publish","format-standard","has-post-thumbnail","hentry","category-zpravy"],"_links":{"self":[{"href":"https:\/\/www.invarena.cz\/index.php?rest_route=\/wp\/v2\/posts\/36956","targetHints":{"allow":["GET"]}}],"collection":[{"href":"https:\/\/www.invarena.cz\/index.php?rest_route=\/wp\/v2\/posts"}],"about":[{"href":"https:\/\/www.invarena.cz\/index.php?rest_route=\/wp\/v2\/types\/post"}],"author":[{"embeddable":true,"href":"https:\/\/www.invarena.cz\/index.php?rest_route=\/wp\/v2\/users\/1"}],"replies":[{"embeddable":true,"href":"https:\/\/www.invarena.cz\/index.php?rest_route=%2Fwp%2Fv2%2Fcomments&post=36956"}],"version-history":[{"count":0,"href":"https:\/\/www.invarena.cz\/index.php?rest_route=\/wp\/v2\/posts\/36956\/revisions"}],"wp:featuredmedia":[{"embeddable":true,"href":"https:\/\/www.invarena.cz\/index.php?rest_route=\/wp\/v2\/media\/18859"}],"wp:attachment":[{"href":"https:\/\/www.invarena.cz\/index.php?rest_route=%2Fwp%2Fv2%2Fmedia&parent=36956"}],"wp:term":[{"taxonomy":"category","embeddable":true,"href":"https:\/\/www.invarena.cz\/index.php?rest_route=%2Fwp%2Fv2%2Fcategories&post=36956"},{"taxonomy":"post_tag","embeddable":true,"href":"https:\/\/www.invarena.cz\/index.php?rest_route=%2Fwp%2Fv2%2Ftags&post=36956"}],"curies":[{"name":"wp","href":"https:\/\/api.w.org\/{rel}","templated":true}]}}