{"id":36963,"date":"2021-12-14T11:20:46","date_gmt":"2021-12-14T10:20:46","guid":{"rendered":"http:\/\/www.invarena.cz\/?p=36963"},"modified":"2021-12-14T11:20:47","modified_gmt":"2021-12-14T10:20:47","slug":"online-vyzkum-nasili-na-lidech-se-zdravotnim-postizenim","status":"publish","type":"post","link":"https:\/\/www.invarena.cz\/?p=36963","title":{"rendered":"Online v\u00fdzkum n\u00e1sil\u00ed na lidech se zdravotn\u00edm posti\u017een\u00edm"},"content":{"rendered":"\n<p>\n\nPr\u00e1v\u011b prob\u00edhaj\u00edc\u00ed v\u00fdzkum m\u00e1 za c\u00edl odhalit problematiku n\u00e1sil\u00ed na osob\u00e1ch se zdravotn\u00edm posti\u017een\u00edm, \u010d\u00edm\u017e chce dos\u00e1hnout lep\u0161\u00ed spole\u010densko-pr\u00e1vn\u00ed ochrany ob\u011bt\u00ed p\u0159edsude\u010dn\u00e9ho n\u00e1sil\u00ed. Dotazn\u00edk je mo\u017en\u00e9 absolvovat s tlumo\u010dn\u00edkem \u010desk\u00e9ho znakov\u00e9ho jazyka.&nbsp;<\/p>\n\n\n\n<p>C\u00edlovou skupinou dotazn\u00edku jsou v\u0161echny osoby se zdravotn\u00edm posti\u017een\u00edm. I kdy\u017e se v\u00e1s t\u00e9ma n\u00e1sil\u00ed nemus\u00ed osobn\u011b dot\u00fdkat, i pro v\u00e1s je tento dotazn\u00edk ur\u010den. Organizace In IUSTITIA chce ud\u011blat co nej\u0161ir\u0161\u00ed v\u00fdzkumn\u00fd vzorek, aby podle v\u00fdsledk\u016f mohla navrhnout nov\u00e1 vhodn\u00e1 opat\u0159en\u00ed a zm\u011bny v soci\u00e1ln\u011b-pr\u00e1vn\u00edm syst\u00e9mu.\u00a0<\/p>\n\n\n\n<p>P\u0159\u00edklady n\u00e1sil\u00ed v\u016f\u010di osob\u00e1m se zdravotn\u00edm posti\u017een\u00edm&nbsp;<br>\u2013 spolu\u017e\u00e1ci \u0161ikanuj\u00ed chlapce s poruchou autistick\u00e9ho spektra, proto\u017ee je &#8222;divn\u00fd\u201d \u010di &#8222;bl\u00e1zen\u201d, \u2013 kolemjdouc\u00ed \u017eena za\u010dne \u00fato\u010dit na nevidom\u00e9ho, kope mu do hole a \u0159ve, \u017ee je &#8222;mrz\u00e1k\u201d, \u2013 skupina mlad\u0161\u00edch osob fyzicky napadne \u010dlov\u011bka s ment\u00e1ln\u00edm posti\u017een\u00edm, nad\u00e1vaj\u00ed mu, \u017ee je &#8222;zr\u016fda\u201d, &#8222;jen pob\u00edr\u00e1 d\u00e1vky\u201d a &#8222;nem\u00e1 pr\u00e1vo \u017e\u00edt\u201d, \u2013 nezn\u00e1m\u00fd mu\u017e sexu\u00e1ln\u011b obt\u011b\u017euje \u017eenu pohybuj\u00edc\u00ed se na voz\u00edku, vyhro\u017euje j\u00ed ubl\u00ed\u017een\u00edm, pokud ho neuspokoj\u00ed, \u2013 mu\u017e se p\u0159ist\u011bhuje k \u017een\u011b s invalidn\u00edm d\u016fchodem, po \u010dase za\u010dne zneu\u017e\u00edvat jej\u00ed situace, bere j\u00ed pen\u00edze a prod\u00e1v\u00e1 jej\u00ed v\u011bci.&nbsp;<\/p>\n\n\n\n<p>O v\u00fdzvu v \u010desk\u00e9m znakov\u00e9m jazyce k \u00fa\u010dasti na dotazn\u00edku se postarala nesly\u0161\u00edc\u00ed moder\u00e1torka Zpr\u00e1v v \u010desk\u00e9m znakov\u00e9m jazyce na \u010cT2, Mark\u00e9ta Zelenkov\u00e1. Dotazn\u00edk je p\u0159\u00edstupn\u00fd ve dvou verz\u00edch (pln\u00e1 verze, p\u0159\u00edstupn\u00e1 verze). P\u0159\u00edstupn\u00e1 verze je zjednodu\u0161en\u00e1 a je vhodn\u00e1 pro osoby s ment\u00e1ln\u00edm posti\u017een\u00edm. \u017d\u00e1dn\u00e1 verze nevyhovuje u\u017eivateli \u010desk\u00e9ho znakov\u00e9ho jazyka, a z toho d\u016fvodu se organizace In IUSTITIA postar\u00e1 o zaji\u0161t\u011bn\u00ed tlumo\u010dn\u00edka \u010desk\u00e9ho znakov\u00e9ho jazyka pro z\u00e1jemce o \u00fa\u010dast v tomto v\u00fdzkumu. Takov\u00fd z\u00e1jemce ode\u0161le organizaci In IUSTITIA zpr\u00e1vu se z\u00e1jmem o \u00fa\u010dast ve v\u00fdzkumu.\u00a0<br>Video o v\u00fdzkumu v \u010cZJ: \u00a0<a rel=\"noreferrer noopener\" target=\"_blank\" href=\"https:\/\/fb.watch\/9DBA_nYqEg\/\">https:\/\/fb.watch\/9DBA_nYqEg\/<\/a><br>Odkaz na dotazn\u00edk: \u00a0<a rel=\"noreferrer noopener\" target=\"_blank\" href=\"https:\/\/www.pravemprotipredsudkum.cz\/\">https:\/\/www.pravemprotipredsudkum.cz<\/a><\/p>\n\n\n\n<p><br>Organizace In IUSTITIA p\u016fsob\u00ed v \u010cesk\u00e9 republice od roku 2009. Je jedinou lidsko-pr\u00e1vn\u00ed\u00a0<strong>poradnou<\/strong>, kter\u00fd se zab\u00fdv\u00e1 p\u0159edsude\u010dn\u00fdm n\u00e1sil\u00edm v \u010cesk\u00e9 republice. Iniciuje a zpracov\u00e1v\u00e1 v\u00fdzkumy na toto t\u00e9ma, \u010d\u00edm\u017e mapuje z\u00e1va\u017enost tohoto jevu v na\u0161\u00ed spole\u010dnosti. Toto t\u00e9ma popularizuje prost\u0159ednictv\u00edm preventivn\u00edch program\u016f v boji proti nen\u00e1visti ve v\u0161ech jej\u00edch form\u00e1ch.  <\/p>\n\n\n\n<p>Mottem organizace In IUSTITIA je &#8222;Nikdo nesm\u00ed b\u00fdt napad\u00e1n, pro to k\u00fdm je.&#8220;\u00a0<br><br>P\u0159edsude\u010dn\u00e9 n\u00e1sil\u00ed je takov\u00e9 n\u00e1sil\u00ed, kter\u00e9 je p\u00e1ch\u00e1no na \u010dlov\u011bku kv\u016fli jeho p\u0159\u00edslu\u0161nosti k n\u011bkter\u00e9 spole\u010densk\u00e9 skupin\u011b. Pachatel \u00fato\u010d\u00ed p\u0159edev\u0161\u00edm proto, \u017ee m\u00e1 p\u0159edsudky v\u016f\u010di skupin\u011b, kterou napaden\u00fd zt\u011bles\u0148uje. Napad\u00e1 \u010dlov\u011bka pro to, jak\u00fd je. Ob\u011b\u0165 se tak narodila nebo dlouhodob\u011b \u017eije s danou charakteristikou, kter\u00e1 agresora \u0161tve. P\u0159edsude\u010dn\u00e9 n\u00e1sil\u00ed m\u00e1 mnoho podob a ne v\u0161echny spadaj\u00ed do trestn\u00fdch \u010din\u016f. Organizace se zab\u00fdv\u00e1 tak\u00e9 \u00fatoky, kter\u00e9 trestn\u00fdm \u010dinem nejsou. Poskytuje ob\u011btem podporu v jejich nelehk\u00e9 situaci.\u00a0<br><\/p>\n\n\n\n<p>D\u016eVODY K N\u00c1SIL\u00cd:\u00a0<br>N\u00e1bo\u017eensk\u00e9 vyzn\u00e1n\u00ed, v\u00edra, bezv\u011brectv\u00ed (nap\u0159. antisemitismus)\u00a0<br>Zdravotn\u00ed posti\u017een\u00ed \u010di zdravotn\u00ed stav (nap\u0159. autismus)\u00a0<br>P\u0159\u00edslu\u0161nost k subkultu\u0159e\u00a0<br>Bezdomovectv\u00ed\u00a0<br><br><br><br><br><br><br><\/p>\n","protected":false},"excerpt":{"rendered":"<div class=\"mh-excerpt\"><p>Pr\u00e1v\u011b prob\u00edhaj\u00edc\u00ed v\u00fdzkum m\u00e1 za c\u00edl odhalit problematiku n\u00e1sil\u00ed na osob\u00e1ch se zdravotn\u00edm posti\u017een\u00edm, \u010d\u00edm\u017e chce dos\u00e1hnout lep\u0161\u00ed spole\u010densko-pr\u00e1vn\u00ed ochrany ob\u011bt\u00ed p\u0159edsude\u010dn\u00e9ho n\u00e1sil\u00ed. Dotazn\u00edk je <a class=\"mh-excerpt-more\" href=\"https:\/\/www.invarena.cz\/?p=36963\" title=\"Online v\u00fdzkum n\u00e1sil\u00ed na lidech se zdravotn\u00edm posti\u017een\u00edm\">[&#8230;]<\/a><\/p>\n<\/div>","protected":false},"author":1,"featured_media":13872,"comment_status":"open","ping_status":"closed","sticky":false,"template":"","format":"standard","meta":{"footnotes":""},"categories":[7],"tags":[],"class_list":["post-36963","post","type-post","status-publish","format-standard","has-post-thumbnail","hentry","category-spolecnost"],"_links":{"self":[{"href":"https:\/\/www.invarena.cz\/index.php?rest_route=\/wp\/v2\/posts\/36963","targetHints":{"allow":["GET"]}}],"collection":[{"href":"https:\/\/www.invarena.cz\/index.php?rest_route=\/wp\/v2\/posts"}],"about":[{"href":"https:\/\/www.invarena.cz\/index.php?rest_route=\/wp\/v2\/types\/post"}],"author":[{"embeddable":true,"href":"https:\/\/www.invarena.cz\/index.php?rest_route=\/wp\/v2\/users\/1"}],"replies":[{"embeddable":true,"href":"https:\/\/www.invarena.cz\/index.php?rest_route=%2Fwp%2Fv2%2Fcomments&post=36963"}],"version-history":[{"count":0,"href":"https:\/\/www.invarena.cz\/index.php?rest_route=\/wp\/v2\/posts\/36963\/revisions"}],"wp:featuredmedia":[{"embeddable":true,"href":"https:\/\/www.invarena.cz\/index.php?rest_route=\/wp\/v2\/media\/13872"}],"wp:attachment":[{"href":"https:\/\/www.invarena.cz\/index.php?rest_route=%2Fwp%2Fv2%2Fmedia&parent=36963"}],"wp:term":[{"taxonomy":"category","embeddable":true,"href":"https:\/\/www.invarena.cz\/index.php?rest_route=%2Fwp%2Fv2%2Fcategories&post=36963"},{"taxonomy":"post_tag","embeddable":true,"href":"https:\/\/www.invarena.cz\/index.php?rest_route=%2Fwp%2Fv2%2Ftags&post=36963"}],"curies":[{"name":"wp","href":"https:\/\/api.w.org\/{rel}","templated":true}]}}