{"id":36971,"date":"2021-12-17T19:31:53","date_gmt":"2021-12-17T18:31:53","guid":{"rendered":"http:\/\/www.invarena.cz\/?p=36971"},"modified":"2021-12-17T19:31:54","modified_gmt":"2021-12-17T18:31:54","slug":"stepan-chonka-namaloval-uzasne-obrazy-rika-jiri-smekal","status":"publish","type":"post","link":"https:\/\/www.invarena.cz\/?p=36971","title":{"rendered":"\u0160t\u011bp\u00e1n Chonka namaloval \u00fa\u017easn\u00e9 obrazy, \u0159\u00edk\u00e1 Ji\u0159\u00ed Sm\u00e9kal"},"content":{"rendered":"\n<p>Prvn\u00ed Centrum zdravotn\u011b posti\u017een\u00fdch Jiho\u010desk\u00e9ho kraje organizuje speci\u00e1ln\u00ed v\u00fdstavu. &#8222;Je to prodejn\u00ed v\u00fdstava obraz\u016f, kter\u00e9 namaloval n\u00e1\u0161 \u010dlen \u0160t\u011bp\u00e1n Chonka,&#8220; up\u0159es\u0148uje vedouc\u00ed 1. CZP J\u010d Ji\u0159\u00ed Sm\u00e9kal.<\/p>\n\n\n\n<p>Prvn\u00ed Centrum zdravotn\u011b posti\u017een\u00fdch Jiho\u010desk\u00e9ho kraje\norganizuje speci\u00e1ln\u00ed v\u00fdstavu. &#8222;Je to prodejn\u00ed v\u00fdstava obraz\u016f, kter\u00e9\nnamaloval n\u00e1\u0161 \u010dlen \u0160t\u011bp\u00e1n Chonka,&#8220; p\u0159ibli\u017euje vedouc\u00ed 1. CZP J\u010d Ji\u0159\u00ed\nSm\u00e9kal aktivity mlad\u00edka, kter\u00fd \u017eije 21 let s poruchou autistick\u00e9ho spektra.\n&#8222;\u0160t\u011bp\u00e1n k n\u00e1m doch\u00e1z\u00ed na pohybovou terapii ka\u017ed\u00fd den a jeho maminka jednou\np\u0159ivezla velk\u00e9 slo\u017eky s n\u00e1dhern\u00fdmi malbami fotm\u00e1tu A3,&#8220; \u0159\u00edk\u00e1 Sm\u00e9kal o\nobrazech, kter\u00e9 byly namalov\u00e1ny \u0161t\u011btcem a temperami. &#8222;\u0160t\u011bp\u00e1na malov\u00e1n\u00ed\nvelice uklid\u0148uje a fascinuj\u00ed ho barvy. Proto n\u00e1s v z\u00e1\u0159\u00ed 2021 napadla my\u0161lenka\nuk\u00e1zat sv\u011btu jeho talent a cit pro um\u011bn\u00ed. Jeliko\u017e materi\u00e1l pro malov\u00e1n\u00ed je\nfinan\u010dn\u011b n\u00e1ro\u010dn\u00fd, ka\u017ed\u00fd p\u0159\u00edsp\u011bvek za zakoupen\u00ed origin\u00e1lu zar\u00e1movan\u00e9ho obrazu mu\npom\u016f\u017ee v t\u011bchto aktivit\u00e1ch.&#8220;<\/p>\n\n\n\n<p>U\u017e od z\u00e1\u0159\u00ed se \u0160t\u011bp\u00e1n nem\u016f\u017ee do\u010dkat v\u00fdstavy, kter\u00e1 prob\u011bhne\nza dodr\u017een\u00ed protiepidemick\u00fdch opat\u0159en\u00ed 29.12. od 17.00 \u2013 19.00 v bezbari\u00e9rov\u00e9\nhale na Vltavsk\u00e9m n\u00e1b\u0159e\u017e\u00ed v \u010c. Bud\u011bjovic\u00edch. &#8222;R\u00e1d podep\u00ed\u0161e z\u00e1jemc\u016fm sv\u00e9\nfotografie. Centrum pova\u017euje tuto prezentaci za sou\u010d\u00e1st v\u00fdborn\u00e9 soci\u00e1ln\u00ed\nrehabilitace,&#8220; doplnil Sm\u00e9kal. V p\u0159\u00edpad\u011b \u00fa\u010dasti sta\u010d\u00ed poslat email na\nadresu: czpcb@volny.cz<\/p>\n\n\n\n<p>Neziskov\u00e1 z jihu \u010cech organizace byla prov\u011b\u0159en\u00e1 a\nzaregistrovan\u00e1 pro ve\u0159ejnou sb\u00edrku na podporu sportovn\u00edch \u010dinnost\u00ed.<\/p>\n\n\n\n<p>\u201eDarujme.cz\u201c je nejv\u011bt\u0161\u00ed platformou pro online darov\u00e1n\u00ed na\ndobro\u010dinn\u00e9 \u00fa\u010dely v \u010cesk\u00e9 republice. &#8222;T\u011bm, co se rozhodnou p\u0159isp\u011bt, bude\nodesl\u00e1na na\u0161e odpov\u011b\u010f s pod\u011bkov\u00e1n\u00edm a dal\u0161\u00edmi pr\u016fb\u011b\u017en\u00fdmi zpr\u00e1vami z \u010dinnosti.\nJestli\u017ee se rozhodnete n\u00e1s jednor\u00e1zov\u011b podpo\u0159it, nebo m\u011bs\u00ed\u010dn\u011b podporovat,\ndoporu\u010dujeme vyu\u017e\u00edt mo\u017enost, kdy d\u00e1rce \u2013 fyzick\u00e1 osoba si m\u016f\u017ee od z\u00e1kladu dan\u011b\node\u010d\u00edst dar, pokud p\u0159es\u00e1hne v \u00fahrnu dv\u011b procenta z\u00e1kladu dan\u011b anebo \u010din\u00ed\nalespo\u0148 tis\u00edc korun ve zda\u0148ovac\u00edm obdob\u00ed,&#8220; dodal \u0159editel a vedouc\u00ed 1. CZP\nJiho\u010desk\u00e9ho kraje Ji\u0159\u00ed Sm\u00e9kal.<\/p>\n\n\n\n<p>Kamil J\u00e1\u0161a<\/p>\n\n\n\n<p>\u010ceskobud\u011bjovick\u00fd den\u00edk<\/p>\n\n\n\n<p><a rel=\"noreferrer noopener\" aria-label=\" (otev\u0159e se na nov\u00e9 z\u00e1lo\u017ece)\" href=\"https:\/\/ceskobudejovicky.denik.cz\/\" target=\"_blank\">https:\/\/ceskobudejovicky.denik.cz\/<\/a><\/p>\n","protected":false},"excerpt":{"rendered":"<div class=\"mh-excerpt\"><p>Prvn\u00ed Centrum zdravotn\u011b posti\u017een\u00fdch Jiho\u010desk\u00e9ho kraje organizuje speci\u00e1ln\u00ed v\u00fdstavu. &#8222;Je to prodejn\u00ed v\u00fdstava obraz\u016f, kter\u00e9 namaloval n\u00e1\u0161 \u010dlen \u0160t\u011bp\u00e1n Chonka,&#8220; up\u0159es\u0148uje vedouc\u00ed 1. CZP J\u010d <a class=\"mh-excerpt-more\" href=\"https:\/\/www.invarena.cz\/?p=36971\" title=\"\u0160t\u011bp\u00e1n Chonka namaloval \u00fa\u017easn\u00e9 obrazy, \u0159\u00edk\u00e1 Ji\u0159\u00ed Sm\u00e9kal\">[&#8230;]<\/a><\/p>\n<\/div>","protected":false},"author":1,"featured_media":17310,"comment_status":"open","ping_status":"closed","sticky":false,"template":"","format":"standard","meta":{"footnotes":""},"categories":[9],"tags":[],"class_list":["post-36971","post","type-post","status-publish","format-standard","has-post-thumbnail","hentry","category-zpravy"],"_links":{"self":[{"href":"https:\/\/www.invarena.cz\/index.php?rest_route=\/wp\/v2\/posts\/36971","targetHints":{"allow":["GET"]}}],"collection":[{"href":"https:\/\/www.invarena.cz\/index.php?rest_route=\/wp\/v2\/posts"}],"about":[{"href":"https:\/\/www.invarena.cz\/index.php?rest_route=\/wp\/v2\/types\/post"}],"author":[{"embeddable":true,"href":"https:\/\/www.invarena.cz\/index.php?rest_route=\/wp\/v2\/users\/1"}],"replies":[{"embeddable":true,"href":"https:\/\/www.invarena.cz\/index.php?rest_route=%2Fwp%2Fv2%2Fcomments&post=36971"}],"version-history":[{"count":0,"href":"https:\/\/www.invarena.cz\/index.php?rest_route=\/wp\/v2\/posts\/36971\/revisions"}],"wp:featuredmedia":[{"embeddable":true,"href":"https:\/\/www.invarena.cz\/index.php?rest_route=\/wp\/v2\/media\/17310"}],"wp:attachment":[{"href":"https:\/\/www.invarena.cz\/index.php?rest_route=%2Fwp%2Fv2%2Fmedia&parent=36971"}],"wp:term":[{"taxonomy":"category","embeddable":true,"href":"https:\/\/www.invarena.cz\/index.php?rest_route=%2Fwp%2Fv2%2Fcategories&post=36971"},{"taxonomy":"post_tag","embeddable":true,"href":"https:\/\/www.invarena.cz\/index.php?rest_route=%2Fwp%2Fv2%2Ftags&post=36971"}],"curies":[{"name":"wp","href":"https:\/\/api.w.org\/{rel}","templated":true}]}}