{"id":36978,"date":"2021-12-21T01:59:40","date_gmt":"2021-12-21T00:59:40","guid":{"rendered":"http:\/\/www.invarena.cz\/?p=36978"},"modified":"2021-12-21T01:59:42","modified_gmt":"2021-12-21T00:59:42","slug":"pracovni-neschopnost-pri-pobytu-v-laznich-pri-pobirani-id","status":"publish","type":"post","link":"https:\/\/www.invarena.cz\/?p=36978","title":{"rendered":"Pracovn\u00ed neschopnost p\u0159i pobytu v l\u00e1zn\u00edch p\u0159i pob\u00edr\u00e1n\u00ed ID"},"content":{"rendered":"\n<p>\n\nDotaz:<\/p>\n\n\n\n<p>Pojedu v p\u0159\u00ed\u0161t\u00edm roce poprv\u00e9 do l\u00e1zn\u00ed. Jedn\u00e1 se o l\u00e1ze\u0148skou p\u00e9\u010di, kter\u00e1<br>bude pln\u011b hrazena z ve\u0159ejn\u00e9ho zdravotn\u00edho poji\u0161t\u011bn\u00ed. M\u00e1m invalidn\u00ed<br>d\u016fchod II. stupn\u011b a pracuji na zkr\u00e1cen\u00fd \u00favazek. Mohu b\u00fdt po dobu pobytu<br>v l\u00e1zn\u00edch v pracovn\u00ed neschopnosti?<\/p>\n\n\n\n<p>Odpov\u011b\u010f:<\/p>\n\n\n\n<p>V pracovn\u00ed neschopnosti po dobu pobytu v l\u00e1zn\u00edch b\u00fdt m\u016f\u017eete, pob\u00edr\u00e1n\u00ed<br>invalidn\u00edho d\u016fchodu pro invaliditu II. stupn\u011b, nen\u00ed v tomto p\u0159\u00edpad\u011b<br>\u017e\u00e1dnou p\u0159ek\u00e1\u017ekou.<\/p>\n\n\n\n<p>Prn\u00edch 14 dn\u016f trv\u00e1n\u00ed pracovn\u00ed neschopnosti V\u00e1m bude n\u00e1hradu mzdu<br>poskytovat V\u00e1\u0161 zam\u011bstnavatel, dal\u0161\u00ed dny V\u00e1m pak bude vypl\u00e1ceno<br>nemocensk\u00e9 okresn\u00ed spr\u00e1vou soci\u00e1ln\u00edho zabezpe\u010den\u00ed. P\u0159i p\u0159\u00edjezdu do l\u00e1zn\u00ed<br>po\u017e\u00e1dejte Va\u0161eho tam\u011bj\u0161\u00edho o\u0161et\u0159uj\u00edc\u00edho l\u00e9ka\u0159e o vystaven\u00ed neschopenky.<\/p>\n\n\n\n<p>admin<\/p>\n","protected":false},"excerpt":{"rendered":"<div class=\"mh-excerpt\"><p>Dotaz: Pojedu v p\u0159\u00ed\u0161t\u00edm roce poprv\u00e9 do l\u00e1zn\u00ed. Jedn\u00e1 se o l\u00e1ze\u0148skou p\u00e9\u010di, kter\u00e1bude pln\u011b hrazena z ve\u0159ejn\u00e9ho zdravotn\u00edho poji\u0161t\u011bn\u00ed. M\u00e1m invalidn\u00edd\u016fchod II. stupn\u011b a <a class=\"mh-excerpt-more\" href=\"https:\/\/www.invarena.cz\/?p=36978\" title=\"Pracovn\u00ed neschopnost p\u0159i pobytu v l\u00e1zn\u00edch p\u0159i pob\u00edr\u00e1n\u00ed ID\">[&#8230;]<\/a><\/p>\n<\/div>","protected":false},"author":1,"featured_media":29182,"comment_status":"open","ping_status":"closed","sticky":false,"template":"","format":"standard","meta":{"footnotes":""},"categories":[18],"tags":[],"class_list":["post-36978","post","type-post","status-publish","format-standard","has-post-thumbnail","hentry","category-poradna"],"_links":{"self":[{"href":"https:\/\/www.invarena.cz\/index.php?rest_route=\/wp\/v2\/posts\/36978","targetHints":{"allow":["GET"]}}],"collection":[{"href":"https:\/\/www.invarena.cz\/index.php?rest_route=\/wp\/v2\/posts"}],"about":[{"href":"https:\/\/www.invarena.cz\/index.php?rest_route=\/wp\/v2\/types\/post"}],"author":[{"embeddable":true,"href":"https:\/\/www.invarena.cz\/index.php?rest_route=\/wp\/v2\/users\/1"}],"replies":[{"embeddable":true,"href":"https:\/\/www.invarena.cz\/index.php?rest_route=%2Fwp%2Fv2%2Fcomments&post=36978"}],"version-history":[{"count":0,"href":"https:\/\/www.invarena.cz\/index.php?rest_route=\/wp\/v2\/posts\/36978\/revisions"}],"wp:featuredmedia":[{"embeddable":true,"href":"https:\/\/www.invarena.cz\/index.php?rest_route=\/wp\/v2\/media\/29182"}],"wp:attachment":[{"href":"https:\/\/www.invarena.cz\/index.php?rest_route=%2Fwp%2Fv2%2Fmedia&parent=36978"}],"wp:term":[{"taxonomy":"category","embeddable":true,"href":"https:\/\/www.invarena.cz\/index.php?rest_route=%2Fwp%2Fv2%2Fcategories&post=36978"},{"taxonomy":"post_tag","embeddable":true,"href":"https:\/\/www.invarena.cz\/index.php?rest_route=%2Fwp%2Fv2%2Ftags&post=36978"}],"curies":[{"name":"wp","href":"https:\/\/api.w.org\/{rel}","templated":true}]}}