{"id":36996,"date":"2021-12-28T20:48:12","date_gmt":"2021-12-28T19:48:12","guid":{"rendered":"http:\/\/www.invarena.cz\/?p=36996"},"modified":"2021-12-28T20:48:13","modified_gmt":"2021-12-28T19:48:13","slug":"pobirani-prispevku-na-peci-pri-pobytu-v-nemocnici","status":"publish","type":"post","link":"https:\/\/www.invarena.cz\/?p=36996","title":{"rendered":"Pob\u00edr\u00e1n\u00ed p\u0159\u00edsp\u011bvku na p\u00e9\u010di p\u0159i pobytu v nemocnici"},"content":{"rendered":"\n<p>Dotaz:<\/p>\n\n\n\n<p>Pe\u010duji o svoji zdravotn\u011b posti\u017eenou dceru. Nyn\u00ed bude asi 6 m\u011bs\u00edc\u016f v<br>nemocnici. Bude pob\u00edrat p\u0159\u00edsp\u011bvek na p\u00e9\u010di po dobu jej\u00ed hospitalizace? U<br>dcery jsem uvedena jako pe\u010duj\u00edc\u00ed osoba.<\/p>\n\n\n\n<p>Odpov\u011b\u010f:<\/p>\n\n\n\n<p>P\u0159\u00edsp\u011bvek na p\u00e9\u010di Va\u0161e dcera po dobu hospitalizace pob\u00edrat nebude.<\/p>\n\n\n\n<p>Pe\u010duj\u00edc\u00ed osoba mus\u00ed do osmi dn\u016f ozn\u00e1mit \u00fa\u0159adu pr\u00e1ce datum o za\u010d\u00e1tku a<br>ukon\u010den\u00ed hospitalizace.<\/p>\n\n\n\n<p>Nastoup\u00ed-li Va\u0161e dcera do nemocnice, nap\u0159\u00edklad. 8. ledna 2022, obdr\u017e\u00ed<br>p\u0159\u00edsp\u011bvek na p\u00e9\u010di za m\u011bs\u00edc leden. Bude-li hospitalizov\u00e1na nap\u0159\u00edklad v<br>\u00fanoru a v b\u0159eznu, neobdr\u017e\u00ed za m\u011bs\u00edce \u00fanor a b\u0159ezen \u017e\u00e1dn\u00fd p\u0159\u00edsp\u011bvek na<br>p\u00e9\u010di. Bude-li propu\u0161t\u011bna nap\u0159\u00edklad 25. dubna, obdr\u017e\u00ed p\u0159\u00edsp\u011bvek na p\u00e9\u010di<br>a\u017e za m\u011bs\u00edc duben. P\u0159\u00edsp\u011bvek na p\u00e9\u010di nebude vyplacen za cel\u00e9 m\u011bs\u00edce, kdy<br>hospitalizace trvala.<\/p>\n\n\n\n<p>admin<\/p>\n","protected":false},"excerpt":{"rendered":"<div class=\"mh-excerpt\"><p>Dotaz: Pe\u010duji o svoji zdravotn\u011b posti\u017eenou dceru. Nyn\u00ed bude asi 6 m\u011bs\u00edc\u016f vnemocnici. Bude pob\u00edrat p\u0159\u00edsp\u011bvek na p\u00e9\u010di po dobu jej\u00ed hospitalizace? Udcery jsem uvedena <a class=\"mh-excerpt-more\" href=\"https:\/\/www.invarena.cz\/?p=36996\" title=\"Pob\u00edr\u00e1n\u00ed p\u0159\u00edsp\u011bvku na p\u00e9\u010di p\u0159i pobytu v nemocnici\">[&#8230;]<\/a><\/p>\n<\/div>","protected":false},"author":1,"featured_media":24867,"comment_status":"open","ping_status":"closed","sticky":false,"template":"","format":"standard","meta":{"footnotes":""},"categories":[18],"tags":[],"class_list":["post-36996","post","type-post","status-publish","format-standard","has-post-thumbnail","hentry","category-poradna"],"_links":{"self":[{"href":"https:\/\/www.invarena.cz\/index.php?rest_route=\/wp\/v2\/posts\/36996","targetHints":{"allow":["GET"]}}],"collection":[{"href":"https:\/\/www.invarena.cz\/index.php?rest_route=\/wp\/v2\/posts"}],"about":[{"href":"https:\/\/www.invarena.cz\/index.php?rest_route=\/wp\/v2\/types\/post"}],"author":[{"embeddable":true,"href":"https:\/\/www.invarena.cz\/index.php?rest_route=\/wp\/v2\/users\/1"}],"replies":[{"embeddable":true,"href":"https:\/\/www.invarena.cz\/index.php?rest_route=%2Fwp%2Fv2%2Fcomments&post=36996"}],"version-history":[{"count":0,"href":"https:\/\/www.invarena.cz\/index.php?rest_route=\/wp\/v2\/posts\/36996\/revisions"}],"wp:featuredmedia":[{"embeddable":true,"href":"https:\/\/www.invarena.cz\/index.php?rest_route=\/wp\/v2\/media\/24867"}],"wp:attachment":[{"href":"https:\/\/www.invarena.cz\/index.php?rest_route=%2Fwp%2Fv2%2Fmedia&parent=36996"}],"wp:term":[{"taxonomy":"category","embeddable":true,"href":"https:\/\/www.invarena.cz\/index.php?rest_route=%2Fwp%2Fv2%2Fcategories&post=36996"},{"taxonomy":"post_tag","embeddable":true,"href":"https:\/\/www.invarena.cz\/index.php?rest_route=%2Fwp%2Fv2%2Ftags&post=36996"}],"curies":[{"name":"wp","href":"https:\/\/api.w.org\/{rel}","templated":true}]}}